{"id":50804,"date":"2025-08-29T22:49:14","date_gmt":"2025-08-29T22:49:14","guid":{"rendered":"https:\/\/www.europesays.com\/pt\/50804\/"},"modified":"2025-08-29T22:49:14","modified_gmt":"2025-08-29T22:49:14","slug":"londres-veta-participacao-de-delegacao-do-governo-israelita-em-feira-de-armas","status":"publish","type":"post","link":"https:\/\/www.europesays.com\/pt\/50804\/","title":{"rendered":"Londres veta participa\u00e7\u00e3o de delega\u00e7\u00e3o do governo israelita em feira de armas"},"content":{"rendered":"<p>&#13;<br \/>\n&#8220;A decis\u00e3o do governo israelita de intensificar a opera\u00e7\u00e3o militar em Gaza \u00e9 errada. Por isso, podemos confirmar que o Governo israelita n\u00e3o ser\u00e1 convidado a participar no DSEI UK 2025&#8221;, segundo um porta-voz governamental.&#13;\n<\/p>\n<p>&#13;<br \/>\nO Minist\u00e9rio da Defesa israelita j\u00e1 classificou a decis\u00e3o das autoridades brit\u00e2nicas de excluir os representantes do seu Governo de uma feira de armas em Londres como &#8220;discriminat\u00f3ria&#8221;.&#13;\n<\/p>\n<p>&#13;<br \/>\nDe acordo com um comunicado, &#8220;estas restri\u00e7\u00f5es constituem um ato deliberado e lament\u00e1vel de discrimina\u00e7\u00e3o contra os representantes de Israel&#8221;.&#13;\n<\/p>\n<p>&#13;<br \/>\nPor isso, o Minist\u00e9rio da Defesa de Israel anunciou que n\u00e3o ter\u00e1 um pavilh\u00e3o nacional na feira, que se realizar\u00e1 em Londres de 09 a 12 de setembro.&#13;\n<\/p>\n<p>&#13;<br \/>\nNo entanto, o Minist\u00e9rio refere no comunicado que as ind\u00fastrias israelitas que decidirem participar receber\u00e3o apoio do Governo.&#13;\n<\/p>\n<p>&#13;<br \/>\nA DSEI UK \u00e9 uma das principais feiras de defesa do mundo no seu g\u00e9nero.&#13;\n<\/p>\n<p>&#13;<br \/>\n Realizada de dois em dois anos em Londres, a feira contar\u00e1 este ano com 1.600 expositores e representantes de 90 pa\u00edses. &#13;<\/p>\n","protected":false},"excerpt":{"rendered":"&#13; &#8220;A decis\u00e3o do governo israelita de intensificar a opera\u00e7\u00e3o militar em Gaza \u00e9 errada. Por isso, podemos&hellip;\n","protected":false},"author":2,"featured_media":50805,"comment_status":"","ping_status":"","sticky":false,"template":"","format":"standard","meta":{"footnotes":""},"categories":[50],"tags":[27,28,15,16,14,25,26,21,22,62,12,13,19,20,23,24,420,421,17,18,29,30,31,63,64,65],"class_list":{"0":"post-50804","1":"post","2":"type-post","3":"status-publish","4":"format-standard","5":"has-post-thumbnail","7":"category-mundo","8":"tag-breaking-news","9":"tag-breakingnews","10":"tag-featured-news","11":"tag-featurednews","12":"tag-headlines","13":"tag-latest-news","14":"tag-latestnews","15":"tag-main-news","16":"tag-mainnews","17":"tag-mundo","18":"tag-news","19":"tag-noticias","20":"tag-noticias-principais","21":"tag-noticiasprincipais","22":"tag-principais-noticias","23":"tag-principaisnoticias","24":"tag-rtp","25":"tag-rtp-noticias","26":"tag-top-stories","27":"tag-topstories","28":"tag-ultimas","29":"tag-ultimas-noticias","30":"tag-ultimasnoticias","31":"tag-world","32":"tag-world-news","33":"tag-worldnews"},"share_on_mastodon":{"url":"","error":""},"_links":{"self":[{"href":"https:\/\/www.europesays.com\/pt\/wp-json\/wp\/v2\/posts\/50804","targetHints":{"allow":["GET"]}}],"collection":[{"href":"https:\/\/www.europesays.com\/pt\/wp-json\/wp\/v2\/posts"}],"about":[{"href":"https:\/\/www.europesays.com\/pt\/wp-json\/wp\/v2\/types\/post"}],"author":[{"embeddable":true,"href":"https:\/\/www.europesays.com\/pt\/wp-json\/wp\/v2\/users\/2"}],"replies":[{"embeddable":true,"href":"https:\/\/www.europesays.com\/pt\/wp-json\/wp\/v2\/comments?post=50804"}],"version-history":[{"count":0,"href":"https:\/\/www.europesays.com\/pt\/wp-json\/wp\/v2\/posts\/50804\/revisions"}],"wp:featuredmedia":[{"embeddable":true,"href":"https:\/\/www.europesays.com\/pt\/wp-json\/wp\/v2\/media\/50805"}],"wp:attachment":[{"href":"https:\/\/www.europesays.com\/pt\/wp-json\/wp\/v2\/media?parent=50804"}],"wp:term":[{"taxonomy":"category","embeddable":true,"href":"https:\/\/www.europesays.com\/pt\/wp-json\/wp\/v2\/categories?post=50804"},{"taxonomy":"post_tag","embeddable":true,"href":"https:\/\/www.europesays.com\/pt\/wp-json\/wp\/v2\/tags?post=50804"}],"curies":[{"name":"wp","href":"https:\/\/api.w.org\/{rel}","templated":true}]}}