{"id":50808,"date":"2025-08-29T22:52:10","date_gmt":"2025-08-29T22:52:10","guid":{"rendered":"https:\/\/www.europesays.com\/pt\/50808\/"},"modified":"2025-08-29T22:52:10","modified_gmt":"2025-08-29T22:52:10","slug":"saida-de-catia-fonseca-da-band-vai-parar-na-justica","status":"publish","type":"post","link":"https:\/\/www.europesays.com\/pt\/50808\/","title":{"rendered":"Sa\u00edda de Catia Fonseca da Band vai parar na Justi\u00e7a"},"content":{"rendered":"<p>A sa\u00edda de <strong>Catia Fonseca <\/strong>da <strong>Band<\/strong>, onde comandava o programa <strong>Melhor da Tarde<\/strong>, resultou em uma disputa contratual que agora ser\u00e1 analisada e solucionada pela Justi\u00e7a.<\/p>\n<p>Enquanto a apresentadora afirma que a emissora descumpriu cl\u00e1usulas e tem valores milion\u00e1rios a receber, a defesa da\u00a0<strong>Band<\/strong> sustenta a quebra de v\u00ednculo por parte de\u00a0<strong>Catia<\/strong>, que tinha acordo com o canal at\u00e9 2028, e deseja o pagamento de multa rescis\u00f3ria.<\/p>\n<p><strong>Catia Fonseca\u00a0<\/strong>afirma que sua rela\u00e7\u00e3o com a <strong>Band <\/strong>se deteriorou em 2018, quando foi demitida e voltou sob novas bases contratuais. Ap\u00f3s se despedir da emissora, a apresentadora alegou que n\u00e3o contava com\u00a0condi\u00e7\u00f5es adequadas de trabalho e ainda descumpriu cl\u00e1usulas comerciais firmadas em contrato.<\/p>\n<p>Em contesta\u00e7\u00e3o, a <strong>Band<\/strong> afirma que a ex-funcion\u00e1ria n\u00e3o comunicadou de forma adequada a sua sa\u00edda. De acordo com os executivos, para evitar a multa rescis\u00f3ria, a apresentadora deveria ter informado que n\u00e3o desejava renovar o contrato com pelo menos 30 dias de anteced\u00eancia.<\/p>\n<p>A emissora alega ainda que o v\u00ednculo firmado com\u00a0<strong>Catia <\/strong>determinava que a apresentadora s\u00f3 poderia deixar a emissora se pagar a multa a partir de 2028 e que, portanto, a ex-contratada, por n\u00e3o ter cumprido essa exig\u00eancia, deve indenizar a\u00a0<strong>Band<\/strong>.<\/p>\n<p>\u00a0<\/p>\n","protected":false},"excerpt":{"rendered":"A sa\u00edda de Catia Fonseca da Band, onde comandava o programa Melhor da Tarde, resultou em uma disputa&hellip;\n","protected":false},"author":2,"featured_media":50809,"comment_status":"","ping_status":"","sticky":false,"template":"","format":"standard","meta":{"footnotes":""},"categories":[145],"tags":[1391,7186,211,210,114,115,32,33],"class_list":{"0":"post-50808","1":"post","2":"type-post","3":"status-publish","4":"format-standard","5":"has-post-thumbnail","7":"category-celebridades","8":"tag-band","9":"tag-catia-fonseca","10":"tag-celebridades","11":"tag-celebrities","12":"tag-entertainment","13":"tag-entretenimento","14":"tag-portugal","15":"tag-pt"},"share_on_mastodon":{"url":"","error":""},"_links":{"self":[{"href":"https:\/\/www.europesays.com\/pt\/wp-json\/wp\/v2\/posts\/50808","targetHints":{"allow":["GET"]}}],"collection":[{"href":"https:\/\/www.europesays.com\/pt\/wp-json\/wp\/v2\/posts"}],"about":[{"href":"https:\/\/www.europesays.com\/pt\/wp-json\/wp\/v2\/types\/post"}],"author":[{"embeddable":true,"href":"https:\/\/www.europesays.com\/pt\/wp-json\/wp\/v2\/users\/2"}],"replies":[{"embeddable":true,"href":"https:\/\/www.europesays.com\/pt\/wp-json\/wp\/v2\/comments?post=50808"}],"version-history":[{"count":0,"href":"https:\/\/www.europesays.com\/pt\/wp-json\/wp\/v2\/posts\/50808\/revisions"}],"wp:featuredmedia":[{"embeddable":true,"href":"https:\/\/www.europesays.com\/pt\/wp-json\/wp\/v2\/media\/50809"}],"wp:attachment":[{"href":"https:\/\/www.europesays.com\/pt\/wp-json\/wp\/v2\/media?parent=50808"}],"wp:term":[{"taxonomy":"category","embeddable":true,"href":"https:\/\/www.europesays.com\/pt\/wp-json\/wp\/v2\/categories?post=50808"},{"taxonomy":"post_tag","embeddable":true,"href":"https:\/\/www.europesays.com\/pt\/wp-json\/wp\/v2\/tags?post=50808"}],"curies":[{"name":"wp","href":"https:\/\/api.w.org\/{rel}","templated":true}]}}