{"id":508080,"date":"2026-09-01T21:04:10","date_gmt":"2026-09-01T21:04:10","guid":{"rendered":"https:\/\/www.europesays.com\/pt\/508080\/"},"modified":"2026-09-01T21:04:10","modified_gmt":"2026-09-01T21:04:10","slug":"andre-ventura-ainda-nao-tomou-uma-decisao-sobre-a-mocao-de-censura","status":"publish","type":"post","link":"https:\/\/www.europesays.com\/pt\/508080\/","title":{"rendered":"Andr\u00e9 Ventura ainda n\u00e3o tomou uma decis\u00e3o sobre a mo\u00e7\u00e3o de censura"},"content":{"rendered":"<p>\n                <b>\u201cAinda n\u00e3o tomamos nenhuma decis\u00e3o sobre isso\u201d, disse Andr\u00e9 Ventura aos jornalistas na Assembleia da Rep\u00fablica, esta ter\u00e7a-feira.<\/b><\/p>\n<p>O l\u00edder do Chega acusou Lu\u00eds Neves de \u201carrog\u00e2ncia\u201d e adiou para quarta-feira o an\u00fancio do que vai fazer o partido no Parlamento.<br \/>&#13;\n<\/p>\n<p>          <img decoding=\"async\" itemprop=\"image\" class=\"img-fluid\"   src=\"https:\/\/www.europesays.com\/pt\/wp-content\/uploads\/2026\/09\/c04c8a7a3ef45819f55281390723e875_N.jpg\"\/><\/p>\n<p>\nNa semana passada, o l\u00edder do Chega admitiu avan\u00e7ar com uma mo\u00e7\u00e3o de censura caso o primeiro-ministro n\u00e3o resolvesse a situa\u00e7\u00e3o do ministro da Administra\u00e7\u00e3o Interna, que considerou ter atingido um n\u00edvel &#8220;grotesco&#8221; e &#8220;inaceit\u00e1vel&#8221;.<br \/>\n<b><br \/>&#13;<br \/>\nVentura reuniu esta ter\u00e7a-feira a dire\u00e7\u00e3o nacional e a bancada parlamentar do Chega para decidir sobre a apresenta\u00e7\u00e3o da mo\u00e7\u00e3o de censura. Antes de tomar uma decis\u00e3o, o l\u00edder do Chega disse que queria falar com o presidente da Rep\u00fablica sobre Lu\u00eds Neves.<\/b><\/p>\n<p>Numa publica\u00e7\u00e3o na rede social X, o presidente do Chega qualificou como &#8220;impressionante, inenarr\u00e1vel e inqualific\u00e1vel&#8221; o discurso de Lu\u00eds Neves nesta ter\u00e7a-feira e questionou \u201co que saber\u00e1\u201d o ministro sobre Lu\u00eds Montenegro. <br \/>&#13;\n            <\/p>\n","protected":false},"excerpt":{"rendered":"\u201cAinda n\u00e3o tomamos nenhuma decis\u00e3o sobre isso\u201d, disse Andr\u00e9 Ventura aos jornalistas na Assembleia da Rep\u00fablica, esta ter\u00e7a-feira.&hellip;\n","protected":false},"author":2,"featured_media":508081,"comment_status":"","ping_status":"","sticky":false,"template":"","format":"standard","meta":{"footnotes":"","_share_on_mastodon":"0"},"categories":[50],"tags":[27,28,1736,15,16,14,25,26,36448,10658,21,22,29342,62,12,13,19,20,23,24,17,18,29,30,31,7783,63,64,65],"class_list":["post-508080","post","type-post","status-publish","format-standard","has-post-thumbnail","category-mundo","tag-breaking-news","tag-breakingnews","tag-chega","tag-featured-news","tag-featurednews","tag-headlines","tag-latest-news","tag-latestnews","tag-luis-neves","tag-mai","tag-main-news","tag-mainnews","tag-mocao","tag-mundo","tag-news","tag-noticias","tag-noticias-principais","tag-noticiasprincipais","tag-principais-noticias","tag-principaisnoticias","tag-top-stories","tag-topstories","tag-ultimas","tag-ultimas-noticias","tag-ultimasnoticias","tag-ventura","tag-world","tag-world-news","tag-worldnews"],"share_on_mastodon":{"url":"https:\/\/pubeurope.com\/@pt\/117197817708019543","error":""},"_links":{"self":[{"href":"https:\/\/www.europesays.com\/pt\/wp-json\/wp\/v2\/posts\/508080","targetHints":{"allow":["GET"]}}],"collection":[{"href":"https:\/\/www.europesays.com\/pt\/wp-json\/wp\/v2\/posts"}],"about":[{"href":"https:\/\/www.europesays.com\/pt\/wp-json\/wp\/v2\/types\/post"}],"author":[{"embeddable":true,"href":"https:\/\/www.europesays.com\/pt\/wp-json\/wp\/v2\/users\/2"}],"replies":[{"embeddable":true,"href":"https:\/\/www.europesays.com\/pt\/wp-json\/wp\/v2\/comments?post=508080"}],"version-history":[{"count":0,"href":"https:\/\/www.europesays.com\/pt\/wp-json\/wp\/v2\/posts\/508080\/revisions"}],"wp:featuredmedia":[{"embeddable":true,"href":"https:\/\/www.europesays.com\/pt\/wp-json\/wp\/v2\/media\/508081"}],"wp:attachment":[{"href":"https:\/\/www.europesays.com\/pt\/wp-json\/wp\/v2\/media?parent=508080"}],"wp:term":[{"taxonomy":"category","embeddable":true,"href":"https:\/\/www.europesays.com\/pt\/wp-json\/wp\/v2\/categories?post=508080"},{"taxonomy":"post_tag","embeddable":true,"href":"https:\/\/www.europesays.com\/pt\/wp-json\/wp\/v2\/tags?post=508080"}],"curies":[{"name":"wp","href":"https:\/\/api.w.org\/{rel}","templated":true}]}}