{"id":508114,"date":"2026-09-01T21:33:15","date_gmt":"2026-09-01T21:33:15","guid":{"rendered":"https:\/\/www.europesays.com\/pt\/508114\/"},"modified":"2026-09-01T21:33:15","modified_gmt":"2026-09-01T21:33:15","slug":"o-que-dizia-a-mensagem-de-raquel-para-nuno-que-chocou-a-casa-nos-mostramos-big-brother-verao-2026-ultimas-noticias-videos-e-diretos","status":"publish","type":"post","link":"https:\/\/www.europesays.com\/pt\/508114\/","title":{"rendered":"O que dizia a mensagem de Raquel para Nuno, que chocou a casa? N\u00f3s mostramos &#8211; Big Brother Ver\u00e3o 2026: \u00daltimas Not\u00edcias, V\u00eddeos e Diretos"},"content":{"rendered":"<p>Os concorrentes do Big Brother Ver\u00e3o foram surpreendidos esta tarde com <a target=\"_self\" rel=\"noopener noreferrer nofollow\" href=\"https:\/\/tvi.iol.pt\/bigbrother\/video\/mensagem-de-raquel-para-nuno-deixa-a-casa-boquiaberta-mentiroso\/6a9702ce0cf2b42132dbfba3\">uma mensagem de Raquel. <\/a>A ex-concorrente surgiu num v\u00eddeo dirigido a Nuno e <strong>as palavras que escolheu deixaram todos de boca aberta.<\/strong><\/p>\n<p>Sem perceberem o que estaria por detr\u00e1s daquela mensagem, os concorrentes ouviram atentamente o v\u00eddeo enviado para a casa.<\/p>\n<p><strong>\u00abOl\u00e1 Nuno. Com que ent\u00e3o\u2026 para al\u00e9m de sonso e insonso tamb\u00e9m \u00e9s mentiroso. De inocente tens muito pouco\u00bb,<\/strong> disse Raquel.<\/p>\n<p>A mensagem apanhou os concorrentes de surpresa, sobretudo porque Raquel n\u00e3o explicou o motivo das fortes acusa\u00e7\u00f5es feitas a Nuno.<\/p>\n<p>As palavras \u00abmentiroso\u00bb e \u00abde inocente tens muito pouco\u00bb deixaram no ar muitas d\u00favidas sobre o que ter\u00e1 acontecido entre os dois e sobre aquilo que Raquel sabe ou ter\u00e1 descoberto.<\/p>\n<p>Dentro da casa, a rea\u00e7\u00e3o foi imediata. Os concorrentes ficaram em choque e sem perceber exatamente a que situa\u00e7\u00e3o se referia Raquel.<\/p>\n<p>Agora, fica a curiosidade para saber o que estar\u00e1 por detr\u00e1s deste recado e se Nuno ter\u00e1 oportunidade de responder \u00e0s acusa\u00e7\u00f5es.<\/p>\n","protected":false},"excerpt":{"rendered":"Os concorrentes do Big Brother Ver\u00e3o foram surpreendidos esta tarde com uma mensagem de Raquel. A ex-concorrente surgiu&hellip;\n","protected":false},"author":2,"featured_media":508115,"comment_status":"","ping_status":"","sticky":false,"template":"","format":"standard","meta":{"footnotes":"","_share_on_mastodon":"0"},"categories":[85],"tags":[331,48,1170,333,328,335,336,114,115,334,332,330,338,81387,13,7992,32,33,5936,162,227],"class_list":["post-508114","post","type-post","status-publish","format-standard","has-post-thumbnail","category-entretenimento","tag-big","tag-big-brother","tag-big-brother-verao","tag-comentadores","tag-concorrentes","tag-confrontos","tag-discussoes","tag-entertainment","tag-entretenimento","tag-exclusivos","tag-expulso","tag-gala","tag-maria-botelho-moniz","tag-mensagem-de-raquel","tag-noticias","tag-nuno","tag-portugal","tag-pt","tag-raquel","tag-tvi","tag-videos"],"share_on_mastodon":{"url":"https:\/\/pubeurope.com\/@pt\/117197930674048708","error":""},"_links":{"self":[{"href":"https:\/\/www.europesays.com\/pt\/wp-json\/wp\/v2\/posts\/508114","targetHints":{"allow":["GET"]}}],"collection":[{"href":"https:\/\/www.europesays.com\/pt\/wp-json\/wp\/v2\/posts"}],"about":[{"href":"https:\/\/www.europesays.com\/pt\/wp-json\/wp\/v2\/types\/post"}],"author":[{"embeddable":true,"href":"https:\/\/www.europesays.com\/pt\/wp-json\/wp\/v2\/users\/2"}],"replies":[{"embeddable":true,"href":"https:\/\/www.europesays.com\/pt\/wp-json\/wp\/v2\/comments?post=508114"}],"version-history":[{"count":0,"href":"https:\/\/www.europesays.com\/pt\/wp-json\/wp\/v2\/posts\/508114\/revisions"}],"wp:featuredmedia":[{"embeddable":true,"href":"https:\/\/www.europesays.com\/pt\/wp-json\/wp\/v2\/media\/508115"}],"wp:attachment":[{"href":"https:\/\/www.europesays.com\/pt\/wp-json\/wp\/v2\/media?parent=508114"}],"wp:term":[{"taxonomy":"category","embeddable":true,"href":"https:\/\/www.europesays.com\/pt\/wp-json\/wp\/v2\/categories?post=508114"},{"taxonomy":"post_tag","embeddable":true,"href":"https:\/\/www.europesays.com\/pt\/wp-json\/wp\/v2\/tags?post=508114"}],"curies":[{"name":"wp","href":"https:\/\/api.w.org\/{rel}","templated":true}]}}