{"id":508196,"date":"2026-09-01T22:37:35","date_gmt":"2026-09-01T22:37:35","guid":{"rendered":"https:\/\/www.europesays.com\/pt\/508196\/"},"modified":"2026-09-01T22:37:35","modified_gmt":"2026-09-01T22:37:35","slug":"senti-vergonha-alheia-vice-presidente-da-camara-do-funchal-diz-que-discurso-de-luis-neves-foi-um-dos-momentos-mais-confrangedores-em-politica","status":"publish","type":"post","link":"https:\/\/www.europesays.com\/pt\/508196\/","title":{"rendered":"Senti vergonha alheia&#8221;: vice-presidente da C\u00e2mara do Funchal diz que discurso de Lu\u00eds Neves foi &#8220;um dos momentos mais confrangedores em pol\u00edtica"},"content":{"rendered":"<p>                Numa publica\u00e7\u00e3o no Facebook, o social-democrata Carlos Rodrigues n\u00e3o poupa cr\u00edticas ao ministro da Administra\u00e7\u00e3o Interna que,\u00a0&#8220;em total desrespeito pela institui\u00e7\u00e3o que, temporariamente tutela, usou a oportunidade para se autoelogiar (&#8230;) e entrar num bate-boca com um l\u00edder partid\u00e1rio&#8221;<\/p>\n<p>O vice-presidente da C\u00e2mara do Funchal, o social-democrata Carlos Rodrigues, considera o\u00a0discurso do ministro da Administra\u00e7\u00e3o Interna, Lu\u00eds Neves,\u00a0proferido esta manh\u00e3 na sess\u00e3o solene comemorativa do 148.\u00ba anivers\u00e1rio do Comando Regional da PSP Madeira, &#8220;um dos momentos mais confrangedores em pol\u00edtica&#8221; e diz mesmo que sentiu &#8220;vergonha alheia&#8221; ao assistir \u00e0 cerim\u00f3nia que decorreu\u00a0no Museu de Imprensa de C\u00e2mara de Lobos.<\/p>\n<p>Numa publica\u00e7\u00e3o no Facebook, o autarca do PSD, n\u00e3o poupa cr\u00edticas a Lu\u00eds Neves, que diz estar a prazo no cargo. &#8220;Em total desrespeito pela institui\u00e7\u00e3o que, temporariamente tutela, usou a oportunidade para se autoelogiar, para mostrar toda a sua vaidade e para entrar num bate-boca com um l\u00edder partid\u00e1rio&#8221;, condenou. Carlos Rodrigues acrescenta ainda que o momento &#8220;foi uma elegia ao absurdo, uma deseleg\u00e2ncia grosseira e uma total viola\u00e7\u00e3o da \u00e9tica e honra que deve presidir a estas cerim\u00f3nias&#8221;.<\/p>\n<p>O ministro da Administra\u00e7\u00e3o Interna,\u00a0Lu\u00eds Neves,\u00a0<a href=\"https:\/\/cnnportugal.iol.pt\/luis-neves\/mai\/luis-neves-culpa-inveja-pelas-grandes-investigacoes-jornalisticas-sofas-televisoes-e-equipamento-de-ginasio-apliquei-a-lei-diz-ministro\/20260901\/6a96c038d34e511da0b36570\" target=\"_blank\" rel=\"nofollow noopener\">apontou<\/a>\u00a0esta ter\u00e7a-feira o dedo \u00e0s \u201cgrandes investiga\u00e7\u00f5es jornal\u00edsticas\u201d, considerando que algumas ser\u00e3o <a href=\"https:\/\/cnnportugal.iol.pt\/videos\/inveja-a-justificacao-de-luis-neves-para-todas-as-polemicas\/6a96cb240cf2b42132dbfb3e\" target=\"_blank\" rel=\"nofollow noopener\">motivadas pela \u201cinveja\u201d<\/a>\u00a0de pessoas que diz ter afastado, presumivelmente da Pol\u00edcia Judici\u00e1ria.<\/p>\n<p>No seu discurso na cerim\u00f3nia de comemora\u00e7\u00e3o dos 148 anos do Comando Regional da PSP da Madeira, Lu\u00eds Neves referiu-se \u00e0s acusa\u00e7\u00f5es de que \u00e9 alvo por utilizar bens que foram apreendidos em opera\u00e7\u00f5es da PJ, enquanto era diretor. O ministro afirmou que a legisla\u00e7\u00e3o que permite \u00e0s for\u00e7as policiais utilizar <a href=\"https:\/\/cnnportugal.iol.pt\/ministro-da-administracao-interna\/xuxas\/luis-neves-conduz-carro-apreendido-a-xuxas-cedencia-pela-pj-e-completamente-ilegal\/20260827\/6a9099d2d34ed0733ba822e4\" target=\"_blank\" rel=\"nofollow noopener\">viaturas apreendidas<\/a> remonta a 2007 e garantiu ter feito o reporte de cerca de 800 carros. \u201cParece que algu\u00e9m agora est\u00e1 do lado de quem cometeu crimes. Porventura que fiquem com o patrim\u00f3nio\u201d, afirmou.<\/p>\n<p>Durante a interven\u00e7\u00e3o, o ministro afirmou ainda que todas as investiga\u00e7\u00f5es que realizou tiveram por base provas. \u201cInvestiguei, senhores magistrados aqui presentes, como sabem, sempre com provas. Sem provas n\u00e3o h\u00e1 acusa\u00e7\u00e3o, h\u00e1 difama\u00e7\u00e3o\u201d, declarou, referindo-se ao presidente do Chega, Andr\u00e9 Ventura.<\/p>\n<p>\u201cN\u00e3o posso ignorar o que est\u00e1 a acontecer no debate pol\u00edtico. Nas \u00faltimas semanas, assistimos a uma escalada de mentiras, insinua\u00e7\u00f5es, e de destrui\u00e7\u00e3o pessoal e pol\u00edtica que ultrapassou todos os limites\u201d, considerou Lu\u00eds Neves.<\/p>\n<p>O ministro disse que \u201cpodia falar no abstrato\u201d, mas apontou diretamente a Andr\u00e9 Ventura: \u201cComparou-me a um gangster e at\u00e9 j\u00e1 falou que s\u00f3 falta que ande a vender droga na rua.\u201d<\/p>\n<p>Lu\u00eds Neves acrescentou que o presidente do Chega tem feito insinua\u00e7\u00f5es e acusa\u00e7\u00f5es, sem provas, com o objetivo de \u201cdestruir\u201d a sua reputa\u00e7\u00e3o.<\/p>\n","protected":false},"excerpt":{"rendered":"Numa publica\u00e7\u00e3o no Facebook, o social-democrata Carlos Rodrigues n\u00e3o poupa cr\u00edticas ao ministro da Administra\u00e7\u00e3o Interna que,\u00a0&#8220;em total&hellip;\n","protected":false},"author":2,"featured_media":508197,"comment_status":"","ping_status":"","sticky":false,"template":"","format":"standard","meta":{"footnotes":"","_share_on_mastodon":"0"},"categories":[10],"tags":[609,836,611,27,28,81405,607,608,333,832,604,135,610,476,15,16,301,830,14,603,25,26,570,36448,1301,10658,21,22,831,833,62,834,12,13,19,20,835,602,52,32,23,24,1306,33,17,18,29,30,31],"class_list":["post-508196","post","type-post","status-publish","format-standard","has-post-thumbnail","category-portugal","tag-alerta","tag-analise","tag-ao-minuto","tag-breaking-news","tag-breakingnews","tag-carlos-rodrigues","tag-cnn","tag-cnn-portugal","tag-comentadores","tag-costa","tag-crime","tag-desporto","tag-direto","tag-economia","tag-featured-news","tag-featurednews","tag-governo","tag-guerra","tag-headlines","tag-justica","tag-latest-news","tag-latestnews","tag-live","tag-luis-neves","tag-madeira","tag-mai","tag-main-news","tag-mainnews","tag-mais-vistas","tag-marcelo","tag-mundo","tag-negocios","tag-news","tag-noticias","tag-noticias-principais","tag-noticiasprincipais","tag-opiniao","tag-pais","tag-politica","tag-portugal","tag-principais-noticias","tag-principaisnoticias","tag-psp","tag-pt","tag-top-stories","tag-topstories","tag-ultimas","tag-ultimas-noticias","tag-ultimasnoticias"],"share_on_mastodon":{"url":"","error":"Validation failed: Text character limit of 500 exceeded"},"_links":{"self":[{"href":"https:\/\/www.europesays.com\/pt\/wp-json\/wp\/v2\/posts\/508196","targetHints":{"allow":["GET"]}}],"collection":[{"href":"https:\/\/www.europesays.com\/pt\/wp-json\/wp\/v2\/posts"}],"about":[{"href":"https:\/\/www.europesays.com\/pt\/wp-json\/wp\/v2\/types\/post"}],"author":[{"embeddable":true,"href":"https:\/\/www.europesays.com\/pt\/wp-json\/wp\/v2\/users\/2"}],"replies":[{"embeddable":true,"href":"https:\/\/www.europesays.com\/pt\/wp-json\/wp\/v2\/comments?post=508196"}],"version-history":[{"count":0,"href":"https:\/\/www.europesays.com\/pt\/wp-json\/wp\/v2\/posts\/508196\/revisions"}],"wp:featuredmedia":[{"embeddable":true,"href":"https:\/\/www.europesays.com\/pt\/wp-json\/wp\/v2\/media\/508197"}],"wp:attachment":[{"href":"https:\/\/www.europesays.com\/pt\/wp-json\/wp\/v2\/media?parent=508196"}],"wp:term":[{"taxonomy":"category","embeddable":true,"href":"https:\/\/www.europesays.com\/pt\/wp-json\/wp\/v2\/categories?post=508196"},{"taxonomy":"post_tag","embeddable":true,"href":"https:\/\/www.europesays.com\/pt\/wp-json\/wp\/v2\/tags?post=508196"}],"curies":[{"name":"wp","href":"https:\/\/api.w.org\/{rel}","templated":true}]}}