{"id":5082,"date":"2025-07-28T09:37:12","date_gmt":"2025-07-28T09:37:12","guid":{"rendered":"https:\/\/www.europesays.com\/pt\/5082\/"},"modified":"2025-07-28T09:37:12","modified_gmt":"2025-07-28T09:37:12","slug":"ordem-dos-arquitectos-declara-luto-oficial-pela-morte-de-nuno-portas-arquitectura","status":"publish","type":"post","link":"https:\/\/www.europesays.com\/pt\/5082\/","title":{"rendered":"Ordem dos Arquitectos declara \u201cluto oficial\u201d pela morte de Nuno Portas | Arquitectura"},"content":{"rendered":"<p>A Ordem dos Arquitectos (OA) declarou este domingo dia de &#8220;luto oficial&#8221; pela <a href=\"https:\/\/www.publico.pt\/2025\/07\/27\/culturaipsilon\/noticia\/morreu-nuno-portas-arquitecto-urbanista-possivel-1943994\" rel=\"nofollow noopener\" target=\"_blank\">morte<\/a> &#8220;de um dos seus mais consagrados membros&#8221;, Nuno Portas, &#8220;refer\u00eancia dos urbanistas portugueses&#8221;.<\/p>\n<p>&#8220;Qualquer palavra sobre o legado de Nuno Portas na hist\u00f3ria da arquitectura portuguesa \u00e9 escassa perante a import\u00e2ncia da obra que nos deixou&#8221;, l\u00ea-se no comunicado da OA, que sublinha que Nuno Portas foi &#8220;um grande arquitecto [e] um magn\u00edfico professor&#8221;.<\/p>\n<p>&#8220;Importa celebrar a extraordin\u00e1ria vida de Nuno Portas como arquitecto, como o maior arquitecto-urbanista da hist\u00f3ria contempor\u00e2nea, mas tamb\u00e9m como o pol\u00edtico governante decisivo nas <a href=\"https:\/\/www.publico.pt\/2015\/05\/18\/culturaipsilon\/noticia\/como-a-arquitectura-pensou-portugal-depois-da-revolucao-1695933\" rel=\"nofollow noopener\" target=\"_blank\">pol\u00edticas de habita\u00e7\u00e3o do p\u00f3s-25 de Abril<\/a> [de 1974]. Celebramos o Nuno Portas tamb\u00e9m como grande impulsionador da legisla\u00e7\u00e3o em planeamento em Portugal&#8221;, salienta a OA que &#8220;endere\u00e7a os p\u00easames \u00e0 fam\u00edlia, aos amigos e a todos os que partilharam uma vida muito preenchida com ele&#8221;.<\/p>\n<p>&#8220;A arquitectura portuguesa, toda a cultura nacional, perdeu um grande vulto&#8221;, remata a Ordem profissional.<\/p>\n<p>Dedica\u00e7\u00e3o de Nuno Portas \u00e0 comunidade<\/p>\n<p>Tamb\u00e9m o Presidente da Rep\u00fablica, Marcelo Rebelo de Sousa, evocou Nuno Portas como &#8220;uma das personalidades mais vision\u00e1rias e brilhantes&#8221; na segunda metade do s\u00e9culo XX portugu\u00eas. &#8220;Deixou-nos hoje uma das personalidades mais vision\u00e1rias e brilhantes da vida acad\u00e9mica, cultural, pol\u00edtica e social da resist\u00eancia de inspira\u00e7\u00e3o cat\u00f3lica dos anos 50, 60 e 70 do s\u00e9culo passado: Nuno Portas&#8221;, pode ler-se numa<a href=\"https:\/\/www.presidencia.pt\/atualidade\/toda-a-atualidade\/2025\/07\/presidente-da-republica-evoca-nuno-portas\/\" target=\"_blank\" rel=\"nofollow noopener\"> nota publicada no site<\/a> da Presid\u00eancia da Rep\u00fablica.<\/p>\n<p>Para Marcelo Rebelo de Sousa, Nuno Portas &#8220;foi not\u00e1vel como arquitecto, como professor, como urbanista, como animador de movimentos art\u00edsticos, culturais em geral, c\u00edvicos, pol\u00edticos e sociais&#8221;.<\/p>\n<p>&#8220;Permaneceu assim desde a resist\u00eancia \u00e0 ditadura at\u00e9 \u00e0s primeiras d\u00e9cadas da democracia&#8221;, considerou o chefe de Estado, lembrando a &#8220;personalidade visceralmente solit\u00e1ria&#8221; do arquitecto e urbanista.<\/p>\n<p>Marcelo Rebelo de Sousa assinalou que Nuno Portas &#8220;dedicou-se \u00e0 comunidade e deixou disc\u00edpulos muito diversificados em todos os dom\u00ednios em que foi excepcional&#8221;.<\/p>\n<p>&#8220;O Presidente da Rep\u00fablica apresenta \u00e0 sua fam\u00edlia as mais respeitosas, gratas e amigas condol\u00eancias&#8221;, concluiu a mesma nota.<\/p>\n","protected":false},"excerpt":{"rendered":"A Ordem dos Arquitectos (OA) declarou este domingo dia de &#8220;luto oficial&#8221; pela morte &#8220;de um dos seus&hellip;\n","protected":false},"author":2,"featured_media":5083,"comment_status":"","ping_status":"","sticky":false,"template":"","format":"standard","meta":{"footnotes":""},"categories":[144],"tags":[2882,207,205,206,203,201,202,315,1413,204,114,115,2410,2884,32,1963,33,2883],"class_list":{"0":"post-5082","1":"post","2":"type-post","3":"status-publish","4":"format-standard","5":"has-post-thumbnail","7":"category-arte-e-design","8":"tag-arquitectura","9":"tag-arte","10":"tag-arte-e-design","11":"tag-artedesign","12":"tag-arts","13":"tag-arts-and-design","14":"tag-artsanddesign","15":"tag-cultura","16":"tag-cultura-ipsilon","17":"tag-design","18":"tag-entertainment","19":"tag-entretenimento","20":"tag-nuno-portas","21":"tag-ordem-dos-arquitectos","22":"tag-portugal","23":"tag-presidente-da-republica","24":"tag-pt","25":"tag-urbanismo"},"share_on_mastodon":{"url":"","error":""},"_links":{"self":[{"href":"https:\/\/www.europesays.com\/pt\/wp-json\/wp\/v2\/posts\/5082","targetHints":{"allow":["GET"]}}],"collection":[{"href":"https:\/\/www.europesays.com\/pt\/wp-json\/wp\/v2\/posts"}],"about":[{"href":"https:\/\/www.europesays.com\/pt\/wp-json\/wp\/v2\/types\/post"}],"author":[{"embeddable":true,"href":"https:\/\/www.europesays.com\/pt\/wp-json\/wp\/v2\/users\/2"}],"replies":[{"embeddable":true,"href":"https:\/\/www.europesays.com\/pt\/wp-json\/wp\/v2\/comments?post=5082"}],"version-history":[{"count":0,"href":"https:\/\/www.europesays.com\/pt\/wp-json\/wp\/v2\/posts\/5082\/revisions"}],"wp:featuredmedia":[{"embeddable":true,"href":"https:\/\/www.europesays.com\/pt\/wp-json\/wp\/v2\/media\/5083"}],"wp:attachment":[{"href":"https:\/\/www.europesays.com\/pt\/wp-json\/wp\/v2\/media?parent=5082"}],"wp:term":[{"taxonomy":"category","embeddable":true,"href":"https:\/\/www.europesays.com\/pt\/wp-json\/wp\/v2\/categories?post=5082"},{"taxonomy":"post_tag","embeddable":true,"href":"https:\/\/www.europesays.com\/pt\/wp-json\/wp\/v2\/tags?post=5082"}],"curies":[{"name":"wp","href":"https:\/\/api.w.org\/{rel}","templated":true}]}}