{"id":508208,"date":"2026-09-01T22:47:14","date_gmt":"2026-09-01T22:47:14","guid":{"rendered":"https:\/\/www.europesays.com\/pt\/508208\/"},"modified":"2026-09-01T22:47:14","modified_gmt":"2026-09-01T22:47:14","slug":"finalista-do-big-brother-preocupa-ao-revelar-operacao-um-vazo-sanguineo-rebentou-big-brother-verao-2026-ultimas-noticias-videos-e-diretos","status":"publish","type":"post","link":"https:\/\/www.europesays.com\/pt\/508208\/","title":{"rendered":"Finalista do Big Brother preocupa ao revelar opera\u00e7\u00e3o: \u00abUm vazo sangu\u00edneo rebentou\u00bb &#8211; Big Brother Ver\u00e3o 2026: \u00daltimas Not\u00edcias, V\u00eddeos e Diretos"},"content":{"rendered":"<p>Um <a target=\"_self\" rel=\"noopener noreferrer nofollow\" href=\"https:\/\/tvi.iol.pt\/bigbrother\/claudio-ramos\/05-07-2025\/vai-ser-operado-apos-noticias-alarmantes-claudio-ramos-esclarece-o-seu-estado-de-saude\">conhecido rosto da televis\u00e3o portuguesa vai ter de ser operado<\/a> depois de descobrir o que estava por detr\u00e1s de um problema nas cordas vocais. <\/p>\n<p>A novidade foi partilhada nas redes sociais, onde fez quest\u00e3o de contar aos seguidores o diagn\u00f3stico: \u00abHABEMUS DIAGN\u00d3STICUM!!\u00bb, revelou, deixando finalmente a explica\u00e7\u00e3o para o problema.<\/p>\n<p>Trata-se de um \u00abp\u00f3lipo maroto, resultante de um vaso sangu\u00edneo que rebentou nas cordas vocais, por excesso de cantoria!!\u00bb, contou num v\u00eddeo publicado no Instagram.<\/p>\n<p>O respons\u00e1vel por esta revela\u00e7\u00e3o \u00e9 <a target=\"_self\" rel=\"noopener noreferrer nofollow\" href=\"https:\/\/tvi.iol.pt\/bigbrother\/antonio-bravo\/09-10-2025\/o-tesourinho-de-infancia-que-este-ex-concorrente-partilhou-esta-a-derreter-a-internet-ja-tem-30-anos\">Ant\u00f3nio Bravo, que chegou \u00e0 final do Big Brother 2021.<\/a> Conhecido pelo seu sentido de humor, o antigo concorrente acabou por contar a situa\u00e7\u00e3o de forma descontra\u00edda, brincando inclusivamente com a poss\u00edvel origem do problema.<\/p>\n<p>Agora, Ant\u00f3nio Bravo prepara-se para ser operado e resolver o problema que surgiu nas cordas vocais.<\/p>\n<p>A not\u00edcia acabou por preocupar os seguidores, mas o ex-concorrente do reality show mostrou-se tranquilo e preferiu levar a situa\u00e7\u00e3o com boa disposi\u00e7\u00e3o.<\/p>\n","protected":false},"excerpt":{"rendered":"Um conhecido rosto da televis\u00e3o portuguesa vai ter de ser operado depois de descobrir o que estava por&hellip;\n","protected":false},"author":2,"featured_media":508209,"comment_status":"","ping_status":"","sticky":false,"template":"","format":"standard","meta":{"footnotes":"","_share_on_mastodon":"0"},"categories":[85],"tags":[18968,331,48,51834,333,328,335,81406,336,114,115,334,332,330,338,13,5750,32,33,162,227],"class_list":["post-508208","post","type-post","status-publish","format-standard","has-post-thumbnail","category-entretenimento","tag-antonio-bravo","tag-big","tag-big-brother","tag-big-brother-2021","tag-comentadores","tag-concorrentes","tag-confrontos","tag-cordas-vocais","tag-discussoes","tag-entertainment","tag-entretenimento","tag-exclusivos","tag-expulso","tag-gala","tag-maria-botelho-moniz","tag-noticias","tag-operacao","tag-portugal","tag-pt","tag-tvi","tag-videos"],"share_on_mastodon":{"url":"https:\/\/pubeurope.com\/@pt\/117198221887345604","error":""},"_links":{"self":[{"href":"https:\/\/www.europesays.com\/pt\/wp-json\/wp\/v2\/posts\/508208","targetHints":{"allow":["GET"]}}],"collection":[{"href":"https:\/\/www.europesays.com\/pt\/wp-json\/wp\/v2\/posts"}],"about":[{"href":"https:\/\/www.europesays.com\/pt\/wp-json\/wp\/v2\/types\/post"}],"author":[{"embeddable":true,"href":"https:\/\/www.europesays.com\/pt\/wp-json\/wp\/v2\/users\/2"}],"replies":[{"embeddable":true,"href":"https:\/\/www.europesays.com\/pt\/wp-json\/wp\/v2\/comments?post=508208"}],"version-history":[{"count":0,"href":"https:\/\/www.europesays.com\/pt\/wp-json\/wp\/v2\/posts\/508208\/revisions"}],"wp:featuredmedia":[{"embeddable":true,"href":"https:\/\/www.europesays.com\/pt\/wp-json\/wp\/v2\/media\/508209"}],"wp:attachment":[{"href":"https:\/\/www.europesays.com\/pt\/wp-json\/wp\/v2\/media?parent=508208"}],"wp:term":[{"taxonomy":"category","embeddable":true,"href":"https:\/\/www.europesays.com\/pt\/wp-json\/wp\/v2\/categories?post=508208"},{"taxonomy":"post_tag","embeddable":true,"href":"https:\/\/www.europesays.com\/pt\/wp-json\/wp\/v2\/tags?post=508208"}],"curies":[{"name":"wp","href":"https:\/\/api.w.org\/{rel}","templated":true}]}}