{"id":508246,"date":"2026-09-01T23:23:24","date_gmt":"2026-09-01T23:23:24","guid":{"rendered":"https:\/\/www.europesays.com\/pt\/508246\/"},"modified":"2026-09-01T23:23:24","modified_gmt":"2026-09-01T23:23:24","slug":"caso-luis-neves-alvaro-beleza-coloca-uma-data-ate-5-de-outubro-para-salvaguardar-confianca-nas-instituicoes","status":"publish","type":"post","link":"https:\/\/www.europesays.com\/pt\/508246\/","title":{"rendered":"Caso Lu\u00eds Neves: \u00c1lvaro Beleza coloca uma data: at\u00e9 5 de Outubro para salvaguardar confian\u00e7a nas institui\u00e7\u00f5es"},"content":{"rendered":"<p>\u00c1lvaro Beleza disse este domingo ao DN estar \u201cconfiante\u201d de que o caso Lu\u00eds Neves ser\u00e1 resolvido antes das comemora\u00e7\u00f5es do 5 de Outubro, \u201ca bem da confian\u00e7a nas institui\u00e7\u00f5es\u201d. A declara\u00e7\u00e3o, curta mas significativa, introduz uma data concreta na press\u00e3o pol\u00edtica sobre o ministro da Administra\u00e7\u00e3o Interna, depois de Jos\u00e9 Lu\u00eds Carneiro ter vindo a endurecer o discurso e numa altura em que tamb\u00e9m o Presidente da Rep\u00fablica pede rapidez no apuramento dos factos e das responsabilidades.<\/p>\n<p>Sem constituir um ultimato, a afirma\u00e7\u00e3o de Beleza &#8211; &#8220;estou confiante que este problema ser\u00e1 resolvido antes de festejarmos a Rep\u00fablica, a bem da confian\u00e7a nas institui\u00e7\u00f5es&#8221; &#8211;  coloca um horizonte temporal sobre uma controv\u00e9rsia que se prolonga desde julho: que Lu\u00eds Neves n\u00e3o chegue \u00e0s comemora\u00e7\u00f5es da Implanta\u00e7\u00e3o da Rep\u00fablica, daqui a pouco mais de um m\u00eas, com a atual situa\u00e7\u00e3o pol\u00edtica por resolver.<\/p>\n<p>A refer\u00eancia de Beleza \u00e0 \u201cconfian\u00e7a nas institui\u00e7\u00f5es\u201d \u00a0refor\u00e7a precisamente o terreno em que Jos\u00e9 Lu\u00eds Carneiro tem vindo a centrar a press\u00e3o sobre o Governo, campo em que tamb\u00e9m o Presidente da Rep\u00fablica, Ant\u00f3nio Jos\u00e9 Seguro, tem colocado o caso.<\/p>\n<p>Carneiro come\u00e7ou por exigir esclarecimentos e por recusar julgamentos antecipados, mas, a 29 de julho, j\u00e1 dizia ter transmitido diretamente a Lu\u00eds Montenegro que a autoridade pol\u00edtica do ministro estava \u201cfragilizada\u201d. Segundo o secret\u00e1rio-geral socialista, os factos assumiam particular import\u00e2ncia por Lu\u00eds Neves tutelar precisamente \u201cas for\u00e7as de aplica\u00e7\u00e3o da lei\u201d, cabendo ao primeiro-ministro e ao pr\u00f3prio ministro avaliar se continuavam reunidas as condi\u00e7\u00f5es para a sua perman\u00eancia no Governo.<\/p>\n<p>O discurso tornou-se ainda mais incisivo a 21 de agosto, depois das not\u00edcias de que Lu\u00eds Neves utilizava uma viatura apreendida pela Pol\u00edcia Judici\u00e1ria. Carneiro afirmou que era necess\u00e1rio esclarecer em que condi\u00e7\u00f5es o autom\u00f3vel tinha sido utilizado e advertiu:  \u201cse n\u00e3o houver uma boa explica\u00e7\u00e3o, poder\u00e1 estar em causa um crime de peculato de uso&#8221;.<\/p>\n<p><strong>Bel\u00e9m tamb\u00e9m subiu o tom<\/strong><\/p>\n<p>Ant\u00f3nio Jos\u00e9 Seguro tem seguido uma linha de interven\u00e7\u00e3o contida, mas tamb\u00e9m o Presidente da Rep\u00fablica foi tornando mais exigente a linguagem \u00e0 medida que o caso se prolongou.<\/p>\n<p>A 17 de julho, quando questionado pela primeira vez sobre as pol\u00e9micas em torno de Lu\u00eds Neves, Seguro limitou-se a informar que, estando \u201cmuito atento\u201d, o Presidente fala \u201cno momento certo e no local adequado\u201d.<\/p>\n<p>Duas semanas depois, a 31 de julho, o chefe de Estado deixou um recado mais claro. Revelou que Lu\u00eds Montenegro conhecia a sua posi\u00e7\u00e3o sobre o caso e lembrou que todos os \u00f3rg\u00e3os de soberania t\u00eam a responsabilidade de preservar \u201ca dignidade das nossas institui\u00e7\u00f5es\u201d e os valores do Estado de direito democr\u00e1tico. Pediu ainda que a investiga\u00e7\u00e3o da Procuradoria-Geral da Rep\u00fablica chegasse rapidamente a conclus\u00f5es e permitisse o \u201capuramento de responsabilidades\u201d.<\/p>\n<p>J\u00e1 a 23 de agosto, depois da nova pol\u00e9mica relacionada com as viaturas, Seguro voltou ao assunto para exigir celeridade. Disse esperar que os \u201cinqu\u00e9ritos, auditorias e investiga\u00e7\u00f5es\u201d terminassem \u201co mais rapidamente poss\u00edvel\u201d e subiu o tom: \u201cAquilo que desejo \u00e9 que cada um assuma a sua responsabilidade.\u201d<\/p>\n<p>A posi\u00e7\u00e3o de Bel\u00e9m e do PS convergem, assim, num ponto essencial: o caso n\u00e3o pode permanecer indefinidamente por esclarecer, sob pena de atingir a confian\u00e7a e a dignidade das pr\u00f3prias institui\u00e7\u00f5es. Seguro pede rapidez e responsabiliza\u00e7\u00e3o; Carneiro considera fragilizada a autoridade pol\u00edtica do ministro; e \u00c1lvaro Beleza d\u00e1 agora um passo adicional, ao colocar no calend\u00e1rio uma expectativa concreta para o desfecho.<\/p>\n<p>A escolha do 5 de Outubro acrescenta simbolismo \u00e0 declara\u00e7\u00e3o. N\u00e3o se trata apenas de um prazo de pouco mais de um m\u00eas: \u00e9 uma data institucional, marcada pela presen\u00e7a das mais altas figuras do Estado e pela celebra\u00e7\u00e3o da Rep\u00fablica. A leitura pol\u00edtica da frase \u00e9, por isso, dif\u00edcil de desligar do inc\u00f3modo que representaria chegar \u00e0s cerim\u00f3nias oficiais com o ministro respons\u00e1vel pela Administra\u00e7\u00e3o Interna ainda no centro de sucessivas averigua\u00e7\u00f5es e sob contesta\u00e7\u00e3o quanto \u00e0 sua autoridade pol\u00edtica.<\/p>\n<p>A press\u00e3o sobre Montenegro tem, entretanto, um prazo bem mais curto vindo do Chega. Andr\u00e9 Ventura anunciou na sexta-feira, 28 de agosto, que apresentar\u00e1 uma mo\u00e7\u00e3o de censura ao Governo na ter\u00e7a-feira, 1 de setembro, caso Lu\u00eds Neves continue no Executivo, afirmando que o ministro \u201cn\u00e3o tem condi\u00e7\u00f5es\u201d para permanecer no cargo.<\/p>\n","protected":false},"excerpt":{"rendered":"\u00c1lvaro Beleza disse este domingo ao DN estar \u201cconfiante\u201d de que o caso Lu\u00eds Neves ser\u00e1 resolvido antes&hellip;\n","protected":false},"author":2,"featured_media":508247,"comment_status":"","ping_status":"","sticky":false,"template":"","format":"standard","meta":{"footnotes":"","_share_on_mastodon":"0"},"categories":[10],"tags":[81408,5610,63113,3386,3399,27,28,1736,81409,81411,15,16,80393,14,81412,2433,25,26,36448,21,22,73972,12,13,19,20,81410,2445,32,23,24,33,17,18,29,30,31],"class_list":["post-508246","post","type-post","status-publish","format-standard","has-post-thumbnail","category-portugal","tag-5-de-outubro","tag-administracao-interna","tag-alvaro-beleza","tag-andre-ventura","tag-antonio-jose-seguro","tag-breaking-news","tag-breakingnews","tag-chega","tag-confianca-instituicoes","tag-estado-direito","tag-featured-news","tag-featurednews","tag-governo-montenegro","tag-headlines","tag-implantacao-republica","tag-jose-luis-carneiro","tag-latest-news","tag-latestnews","tag-luis-neves","tag-main-news","tag-mainnews","tag-mocao-censura","tag-news","tag-noticias","tag-noticias-principais","tag-noticiasprincipais","tag-peculato-uso","tag-policia-judiciaria","tag-portugal","tag-principais-noticias","tag-principaisnoticias","tag-pt","tag-top-stories","tag-topstories","tag-ultimas","tag-ultimas-noticias","tag-ultimasnoticias"],"share_on_mastodon":{"url":"","error":"Validation failed: Text character limit of 500 exceeded"},"_links":{"self":[{"href":"https:\/\/www.europesays.com\/pt\/wp-json\/wp\/v2\/posts\/508246","targetHints":{"allow":["GET"]}}],"collection":[{"href":"https:\/\/www.europesays.com\/pt\/wp-json\/wp\/v2\/posts"}],"about":[{"href":"https:\/\/www.europesays.com\/pt\/wp-json\/wp\/v2\/types\/post"}],"author":[{"embeddable":true,"href":"https:\/\/www.europesays.com\/pt\/wp-json\/wp\/v2\/users\/2"}],"replies":[{"embeddable":true,"href":"https:\/\/www.europesays.com\/pt\/wp-json\/wp\/v2\/comments?post=508246"}],"version-history":[{"count":0,"href":"https:\/\/www.europesays.com\/pt\/wp-json\/wp\/v2\/posts\/508246\/revisions"}],"wp:featuredmedia":[{"embeddable":true,"href":"https:\/\/www.europesays.com\/pt\/wp-json\/wp\/v2\/media\/508247"}],"wp:attachment":[{"href":"https:\/\/www.europesays.com\/pt\/wp-json\/wp\/v2\/media?parent=508246"}],"wp:term":[{"taxonomy":"category","embeddable":true,"href":"https:\/\/www.europesays.com\/pt\/wp-json\/wp\/v2\/categories?post=508246"},{"taxonomy":"post_tag","embeddable":true,"href":"https:\/\/www.europesays.com\/pt\/wp-json\/wp\/v2\/tags?post=508246"}],"curies":[{"name":"wp","href":"https:\/\/api.w.org\/{rel}","templated":true}]}}