{"id":508272,"date":"2026-09-01T23:48:42","date_gmt":"2026-09-01T23:48:42","guid":{"rendered":"https:\/\/www.europesays.com\/pt\/508272\/"},"modified":"2026-09-01T23:48:42","modified_gmt":"2026-09-01T23:48:42","slug":"cefaleia-em-salvas-ha-novas-pistas-sobre-o-que-causa-a-dor-de-cabeca-suicida","status":"publish","type":"post","link":"https:\/\/www.europesays.com\/pt\/508272\/","title":{"rendered":"Cefaleia em salvas: h\u00e1 novas pistas sobre o que causa a dor de cabe\u00e7a &#8220;suicida&#8221;"},"content":{"rendered":"<p class=\"wp-caption-text top\">Morguefile<\/p>\n<p><img loading=\"eager\" fetchpriority=\"high\" decoding=\"async\" class=\"wp-image-11739 size-kopa-image-size-3\" src=\"https:\/\/www.europesays.com\/pt\/wp-content\/uploads\/2026\/09\/493127bba739116fc7141ea79f68e2d8-783x450.jpg\" alt=\"\" width=\"700\" height=\"402\"  \/><\/p>\n<p><strong>Dois novos estudos \u201capontam o dedo\u201d \u00e0 inflama\u00e7\u00e3o, altera\u00e7\u00f5es nos genes e ao tabaco. Pessoas com cefaleia em salvas fumam com maior frequ\u00eancia. N\u00e3o h\u00e1, para j\u00e1, rela\u00e7\u00e3o de causa e efeito.<\/strong><\/p>\n<p>A inflama\u00e7\u00e3o, altera\u00e7\u00f5es na regula\u00e7\u00e3o dos genes e a exposi\u00e7\u00e3o a subst\u00e2ncias presentes no fumo do tabaco podem contribuir para o desenvolvimento da <strong>cefaleia em salvas<\/strong>, uma rara doen\u00e7a neurol\u00f3gica marcada por ataques s\u00fabitos de dor extrema.<\/p>\n<p>Duas novas investiga\u00e7\u00f5es do Karolinska Institutet, na Su\u00e9cia, identificaram pistas sobre os mecanismos biol\u00f3gicos envolvidos na estranha condi\u00e7\u00e3o, que se manifesta em ciclos muito bem definidos, a horas fixas e diariamente durante um determinado per\u00edodo de tempo.<\/p>\n<p>A cefaleia em salvas provoca dores t\u00e3o intensas que \u00e9 por vezes conhecida como \u201ccefaleia suicida\u201d, como <a href=\"https:\/\/zap.aeiou.pt\/eis-a-dor-mais-forte-que-pode-sentir-742128\" data-wpel-link=\"internal\" rel=\"nofollow noopener\" target=\"_blank\">caracterizou<\/a> o ZAP em maio. As suas causas continuam por esclarecer, mas estes dois novos estudos analisaram fatores gen\u00e9ticos e ambientais que podem estar associados \u00e0 doen\u00e7a.<\/p>\n<p>Num dos novos trabalhos, <a href=\"https:\/\/link.springer.com\/article\/10.1186\/s10194-026-02485-x\" data-wpel-link=\"external\" rel=\"noopener nofollow\" class=\"ext-link\" target=\"_blank\">publicado<\/a> no The Journal of Headache and Pain, os investigadores estudaram fatores de risco gen\u00e9tico anteriormente identificados em estudos de associa\u00e7\u00e3o de todo o genoma, conhecidos pela sigla <strong>GWAS<\/strong>. A investiga\u00e7\u00e3o incluiu an\u00e1lises gen\u00e9ticas de mais de 1500 pessoas, an\u00e1lises moleculares de amostras de sangue, c\u00e9lulas da pele e ADN de grupos mais pequenos de doentes e indiv\u00edduos saud\u00e1veis.<\/p>\n<p>A equipa respons\u00e1vel pelo estudo confirmou a import\u00e2ncia de sete genes j\u00e1 associados \u00e0 cefaleia em salvas e descobriu que v\u00e1rios t\u00eam n\u00edveis de atividade diferentes nas pessoas que sofrem da doen\u00e7a. Seis desses sete genes est\u00e3o ativos em c\u00e9lulas do sistema imunit\u00e1rio ou associados \u00e0s vias de sinaliza\u00e7\u00e3o inflamat\u00f3ria do organismo.<\/p>\n<p>Os resultados refor\u00e7am a hip\u00f3tese de que o sistema imunit\u00e1rio e a inflama\u00e7\u00e3o podem ter um papel central na doen\u00e7a, explica <strong>Caroline Ran<\/strong>, professora associada do Centre for Cluster Headache do Karolinska Institutet, em <a href=\"https:\/\/news.ki.se\/new-clues-about-the-causes-of-severe-headaches\" data-wpel-link=\"external\" rel=\"noopener nofollow\" class=\"ext-link\" target=\"_blank\">comunicado<\/a> do instituto.<\/p>\n<p>O segundo estudo, este <a href=\"https:\/\/journals.sagepub.com\/doi\/10.1177\/03331024261480707\" data-wpel-link=\"external\" rel=\"noopener nofollow\" class=\"ext-link\" target=\"_blank\">publicado<\/a> na revista Cephalalgia, procurou saber se a exposi\u00e7\u00e3o a subst\u00e2ncias presentes no fumo do <a href=\"https:\/\/zap.aeiou.pt\/tag\/tabaco\" data-wpel-link=\"internal\" rel=\"nofollow noopener\" target=\"_blank\">tabaco<\/a> pode afetar a regula\u00e7\u00e3o gen\u00e9tica dos doentes, at\u00e9 porque trabalhos anteriores j\u00e1 tinham mostrado que as pessoas com cefaleia em salvas fumam com maior frequ\u00eancia do que a popula\u00e7\u00e3o em geral.<\/p>\n<p>Os investigadores encontraram nos doentes marcadores compat\u00edveis com uma maior exposi\u00e7\u00e3o a metais pesados e a outras subst\u00e2ncias presentes no fumo do tabaco quando analisaram sangue, ADN e l\u00edquido cefalorraquidiano dos estudados. Foram tamb\u00e9m detetadas altera\u00e7\u00f5es em marcadores relacionados com a metila\u00e7\u00e3o do ADN, um mecanismo que ajuda a determinar o grau de atividade dos diferentes genes.<\/p>\n<p>Apesar de tudo, os dados n\u00e3o permitem estabelecer uma rela\u00e7\u00e3o de causa e efeito. Mas sugerem que fatores ambientais, incluindo metais pesados presentes no fumo do tabaco, podem interagir com mecanismos biol\u00f3gicos associados \u00e0 doen\u00e7a. Al\u00e9m disso, as an\u00e1lises biol\u00f3gicas envolveram grupos relativamente pequenos, entre 26 e 79 participantes no segundo estudo. As conclus\u00f5es ter\u00e3o, por isso, de ser confirmadas eventualmente em investiga\u00e7\u00f5es de maior dimens\u00e3o.<\/p>\n<p style=\"padding-left: 25px; margin-bottom: 10; font-family: Roboto, Arial, Helvetica, sans-serif; font-size: 15px\">&#13;<br \/>\n        Tom\u00e1s Guimar\u00e3es, ZAP \/\/ <a href=\"\" data-wpel-link=\"internal\"\/>&#13;\n    <\/p>\n","protected":false},"excerpt":{"rendered":"Morguefile Dois novos estudos \u201capontam o dedo\u201d \u00e0 inflama\u00e7\u00e3o, altera\u00e7\u00f5es nos genes e ao tabaco. Pessoas com cefaleia&hellip;\n","protected":false},"author":2,"featured_media":508273,"comment_status":"","ping_status":"","sticky":false,"template":"","format":"standard","meta":{"footnotes":"","_share_on_mastodon":"0"},"categories":[86],"tags":[2216,2217,116,7654,32,33,117,14834],"class_list":["post-508272","post","type-post","status-publish","format-standard","has-post-thumbnail","category-saude","tag-adn","tag-genetica","tag-health","tag-neurologia","tag-portugal","tag-pt","tag-saude","tag-tabaco"],"share_on_mastodon":{"url":"https:\/\/pubeurope.com\/@pt\/117198462458805988","error":""},"_links":{"self":[{"href":"https:\/\/www.europesays.com\/pt\/wp-json\/wp\/v2\/posts\/508272","targetHints":{"allow":["GET"]}}],"collection":[{"href":"https:\/\/www.europesays.com\/pt\/wp-json\/wp\/v2\/posts"}],"about":[{"href":"https:\/\/www.europesays.com\/pt\/wp-json\/wp\/v2\/types\/post"}],"author":[{"embeddable":true,"href":"https:\/\/www.europesays.com\/pt\/wp-json\/wp\/v2\/users\/2"}],"replies":[{"embeddable":true,"href":"https:\/\/www.europesays.com\/pt\/wp-json\/wp\/v2\/comments?post=508272"}],"version-history":[{"count":0,"href":"https:\/\/www.europesays.com\/pt\/wp-json\/wp\/v2\/posts\/508272\/revisions"}],"wp:featuredmedia":[{"embeddable":true,"href":"https:\/\/www.europesays.com\/pt\/wp-json\/wp\/v2\/media\/508273"}],"wp:attachment":[{"href":"https:\/\/www.europesays.com\/pt\/wp-json\/wp\/v2\/media?parent=508272"}],"wp:term":[{"taxonomy":"category","embeddable":true,"href":"https:\/\/www.europesays.com\/pt\/wp-json\/wp\/v2\/categories?post=508272"},{"taxonomy":"post_tag","embeddable":true,"href":"https:\/\/www.europesays.com\/pt\/wp-json\/wp\/v2\/tags?post=508272"}],"curies":[{"name":"wp","href":"https:\/\/api.w.org\/{rel}","templated":true}]}}