{"id":508288,"date":"2026-09-02T00:02:14","date_gmt":"2026-09-02T00:02:14","guid":{"rendered":"https:\/\/www.europesays.com\/pt\/508288\/"},"modified":"2026-09-02T00:02:14","modified_gmt":"2026-09-02T00:02:14","slug":"placas-de-gordura-que-podem-levar-ao-infarto-surgem-aos-20-anos-e-atingem-metade-dos-homens-noticias-r7","status":"publish","type":"post","link":"https:\/\/www.europesays.com\/pt\/508288\/","title":{"rendered":"Placas de gordura que podem levar ao infarto surgem aos 20 anos e atingem metade dos homens \u2013 Noticias R7"},"content":{"rendered":"<p><img decoding=\"async\" data-chromatic=\"ignore\" alt=\"\" class=\"c-image\" loading=\"lazy\" src=\"https:\/\/www.europesays.com\/pt\/wp-content\/uploads\/2026\/09\/KUSFDQ4WMVAIVHJVQEZTTEAXGQ.jpeg\"  width=\"1920\" height=\"1080\"\/>Infarto em homens (Foto: Pexels) Feed TV <\/p>\n<p class=\"jarvics:base-text-neutral-high-400 xovem:base-text-dark-high-400 base-text-[calc(theme(fontSize.xs)_*_var(--font-size,_1))] base-font-normal base-font-primary base-text-neutral-low-500 base-text-left\">\n<p>Um dos maiores estudos j\u00e1 realizados sobre o in\u00edcio da aterosclerose encontrou placas de gordura nas art\u00e9rias de adultos na casa dos 20 anos. A pesquisa mostrou que, por volta dos 40 anos, cerca de metade dos homens e um ter\u00e7o das mulheres j\u00e1 convivem com a doen\u00e7a sem saber.<\/p>\n<\/p>\n<p class=\"jarvics:base-text-neutral-high-400 xovem:base-text-dark-high-400 base-text-[calc(theme(fontSize.xs)_*_var(--font-size,_1))] base-font-normal base-font-primary base-text-neutral-low-500 base-text-left\">\n<p>O levantamento avaliou 16.808 pessoas entre 18 e 70 anos, todas sem hist\u00f3rico pr\u00e9vio de infarto, AVC ou obstru\u00e7\u00e3o arterial. O trabalho foi apresentado no Congresso Europeu de Cardiologia, em Munique, na Alemanha, e publicado simultaneamente na revista cient\u00edfica \u201cNew England Journal of Medicine\u201d.<\/p>\n<\/p>\n<p class=\"jarvics:base-text-neutral-high-400 xovem:base-text-dark-high-400 base-text-[calc(theme(fontSize.xs)_*_var(--font-size,_1))] base-font-normal base-font-primary base-text-neutral-low-500 base-text-left\">O aparecimento precoce<\/p>\n<p class=\"jarvics:base-text-neutral-high-400 xovem:base-text-dark-high-400 base-text-[calc(theme(fontSize.xs)_*_var(--font-size,_1))] base-font-normal base-font-primary base-text-neutral-low-500 base-text-left\">\n<p>Entre os participantes de 18 a 29 anos, 8,7% dos homens e 6,7% das mulheres j\u00e1 apresentavam pelo menos uma art\u00e9ria comprometida. Isso significa que aproximadamente 1 em cada 13 jovens nessa faixa et\u00e1ria j\u00e1 carregava o in\u00edcio silencioso de um processo que pode levar ao infarto.<\/p>\n<\/p>\n<p class=\"jarvics:base-text-neutral-high-400 xovem:base-text-dark-high-400 base-text-[calc(theme(fontSize.xs)_*_var(--font-size,_1))] base-font-normal base-font-primary base-text-neutral-low-500 base-text-left\">\n<p>A doen\u00e7a evolui rapidamente ap\u00f3s os 30 anos:<\/p>\n<\/p>\n<p class=\"jarvics:base-text-neutral-high-400 xovem:base-text-dark-high-400 base-text-[calc(theme(fontSize.xs)_*_var(--font-size,_1))] base-font-normal base-font-primary base-text-neutral-low-500 base-text-left\">\n<ul>\n<li>\n<strong>30 a 39 anos:<\/strong> 34,6% dos homens e 21,3% das mulheres apresentam a doen\u00e7a.<\/li>\n<\/ul>\n<p class=\"jarvics:base-text-neutral-high-400 xovem:base-text-dark-high-400 base-text-[calc(theme(fontSize.xs)_*_var(--font-size,_1))] base-font-normal base-font-primary base-text-neutral-low-500 base-text-left\">\n<ul>\n<li>\n<strong>Por volta dos 40 anos:<\/strong> cerca de metade dos homens e 30% das mulheres t\u00eam placa em alguma art\u00e9ria.<\/li>\n<\/ul>\n<p class=\"jarvics:base-text-neutral-high-400 xovem:base-text-dark-high-400 base-text-[calc(theme(fontSize.xs)_*_var(--font-size,_1))] base-font-normal base-font-primary base-text-neutral-low-500 base-text-left\">\n<ul>\n<li>\n<strong>60 a 70 anos:<\/strong> apenas 1,9% dos homens e 8,1% das mulheres n\u00e3o t\u00eam nenhuma placa detect\u00e1vel.<\/li>\n<\/ul>\n<p class=\"jarvics:base-text-neutral-high-400 xovem:base-text-dark-high-400 base-text-[calc(theme(fontSize.xs)_*_var(--font-size,_1))] base-font-normal base-font-primary base-text-neutral-low-500 base-text-left\">\n<p>Segundo Elzo Mattar, diretor do Departamento de Hipertens\u00e3o Arterial da Sociedade Brasileira de Cardiologia (SBC) e professor da Famerp, o volume de placa cresce de forma exponencial com a idade, deixando de se concentrar em um \u00fanico ponto e atingindo car\u00f3tidas, femorais e coron\u00e1rias.<\/p>\n<\/p>\n<p class=\"jarvics:base-text-neutral-high-400 xovem:base-text-dark-high-400 base-text-[calc(theme(fontSize.xs)_*_var(--font-size,_1))] base-font-normal base-font-primary base-text-neutral-low-500 base-text-left\">Causas e fatores de risco<\/p>\n<p class=\"jarvics:base-text-neutral-high-400 xovem:base-text-dark-high-400 base-text-[calc(theme(fontSize.xs)_*_var(--font-size,_1))] base-font-normal base-font-primary base-text-neutral-low-500 base-text-left\">\n<p>A aterosclerose \u00e9 uma doen\u00e7a cr\u00f4nica caracterizada pelo ac\u00famulo de colesterol (LDL, o colesterol ruim) e inflama\u00e7\u00e3o na parede das art\u00e9rias, reduzindo o fluxo sangu\u00edneo. O cirurgi\u00e3o cardiovascular Ricardo Kazunori, da BP \u2013 A Benefic\u00eancia Portuguesa de S\u00e3o Paulo, aponta que o problema surge da combina\u00e7\u00e3o entre heran\u00e7a gen\u00e9tica e estilo de vida.<\/p>\n<\/p>\n<p class=\"jarvics:base-text-neutral-high-400 xovem:base-text-dark-high-400 base-text-[calc(theme(fontSize.xs)_*_var(--font-size,_1))] base-font-normal base-font-primary base-text-neutral-low-500 base-text-left\">\n<p>Fatores como press\u00e3o alta, diabetes, obesidade visceral, tabagismo e polui\u00e7\u00e3o do ar agridem a parede dos vasos e facilitam o ac\u00famulo de gordura. O tabagismo, por exemplo, danifica o endot\u00e9lio mesmo sem conter gordura, abrindo caminho para o colesterol.<\/p>\n<\/p>\n<p class=\"jarvics:base-text-neutral-high-400 xovem:base-text-dark-high-400 base-text-[calc(theme(fontSize.xs)_*_var(--font-size,_1))] base-font-normal base-font-primary base-text-neutral-low-500 base-text-left\">Diferen\u00e7a entre os sexos<\/p>\n<p class=\"jarvics:base-text-neutral-high-400 xovem:base-text-dark-high-400 base-text-[calc(theme(fontSize.xs)_*_var(--font-size,_1))] base-font-normal base-font-primary base-text-neutral-low-500 base-text-left\">\n<p>Os homens desenvolvem aterosclerose de 5 a 10 anos antes das mulheres. O estrog\u00eanio exerce um efeito protetor sobre os vasos femininos, fazendo com que o risco cardiovascular da mulher aumente de forma acentuada a partir dos 40 anos, per\u00edodo do climat\u00e9rio.<\/p>\n<\/p>\n<p class=\"jarvics:base-text-neutral-high-400 xovem:base-text-dark-high-400 base-text-[calc(theme(fontSize.xs)_*_var(--font-size,_1))] base-font-normal base-font-primary base-text-neutral-low-500 base-text-left\">Preven\u00e7\u00e3o<\/p>\n<p class=\"jarvics:base-text-neutral-high-400 xovem:base-text-dark-high-400 base-text-[calc(theme(fontSize.xs)_*_var(--font-size,_1))] base-font-normal base-font-primary base-text-neutral-low-500 base-text-left\">\n<p>Os especialistas alertam que exames de imagem de rotina n\u00e3o devem ser feitos indiscriminadamente em jovens, pois a maioria n\u00e3o apresentar\u00e1 altera\u00e7\u00f5es. A recomenda\u00e7\u00e3o \u00e9 iniciar a preven\u00e7\u00e3o por volta dos 20 anos com o controle de fatores de risco e ado\u00e7\u00e3o de h\u00e1bitos saud\u00e1veis, como atividade f\u00edsica regular, dieta equilibrada e abandono do cigarro.<\/p><\/p>\n","protected":false},"excerpt":{"rendered":"Infarto em homens (Foto: Pexels) Feed TV Um dos maiores estudos j\u00e1 realizados sobre o in\u00edcio da aterosclerose&hellip;\n","protected":false},"author":2,"featured_media":508289,"comment_status":"","ping_status":"","sticky":false,"template":"","format":"standard","meta":{"footnotes":"","_share_on_mastodon":"0"},"categories":[86],"tags":[116,32,33,117],"class_list":["post-508288","post","type-post","status-publish","format-standard","has-post-thumbnail","category-saude","tag-health","tag-portugal","tag-pt","tag-saude"],"share_on_mastodon":{"url":"https:\/\/pubeurope.com\/@pt\/117198517691962871","error":""},"_links":{"self":[{"href":"https:\/\/www.europesays.com\/pt\/wp-json\/wp\/v2\/posts\/508288","targetHints":{"allow":["GET"]}}],"collection":[{"href":"https:\/\/www.europesays.com\/pt\/wp-json\/wp\/v2\/posts"}],"about":[{"href":"https:\/\/www.europesays.com\/pt\/wp-json\/wp\/v2\/types\/post"}],"author":[{"embeddable":true,"href":"https:\/\/www.europesays.com\/pt\/wp-json\/wp\/v2\/users\/2"}],"replies":[{"embeddable":true,"href":"https:\/\/www.europesays.com\/pt\/wp-json\/wp\/v2\/comments?post=508288"}],"version-history":[{"count":0,"href":"https:\/\/www.europesays.com\/pt\/wp-json\/wp\/v2\/posts\/508288\/revisions"}],"wp:featuredmedia":[{"embeddable":true,"href":"https:\/\/www.europesays.com\/pt\/wp-json\/wp\/v2\/media\/508289"}],"wp:attachment":[{"href":"https:\/\/www.europesays.com\/pt\/wp-json\/wp\/v2\/media?parent=508288"}],"wp:term":[{"taxonomy":"category","embeddable":true,"href":"https:\/\/www.europesays.com\/pt\/wp-json\/wp\/v2\/categories?post=508288"},{"taxonomy":"post_tag","embeddable":true,"href":"https:\/\/www.europesays.com\/pt\/wp-json\/wp\/v2\/tags?post=508288"}],"curies":[{"name":"wp","href":"https:\/\/api.w.org\/{rel}","templated":true}]}}