{"id":508306,"date":"2026-09-02T00:20:11","date_gmt":"2026-09-02T00:20:11","guid":{"rendered":"https:\/\/www.europesays.com\/pt\/508306\/"},"modified":"2026-09-02T00:20:11","modified_gmt":"2026-09-02T00:20:11","slug":"pais-recusam-vitamina-k-aos-bebes-os-medicos-temem-hemorragias-evitaveis","status":"publish","type":"post","link":"https:\/\/www.europesays.com\/pt\/508306\/","title":{"rendered":"Pais recusam vitamina K aos beb\u00e9s. Os m\u00e9dicos temem hemorragias evit\u00e1veis"},"content":{"rendered":"<p class=\"wp-caption-text top\"><a href=\"https:\/\/depositphotos.com\/photo\/new-born-baby-boy-resting-mothers-arms-226149628.html\" rel=\"nofollow noopener\" data-wpel-link=\"external\" class=\"ext-link\" target=\"_blank\">kieferpix \/ Depositphotos<\/a><\/p>\n<p><img loading=\"eager\" fetchpriority=\"high\" decoding=\"async\" class=\"size-kopa-image-size-3 wp-image-683566\" src=\"https:\/\/www.europesays.com\/pt\/wp-content\/uploads\/2026\/09\/08411b9ebc23d3c9e47ec92206064ee1-783x450.jpg\" alt=\"\" width=\"700\" height=\"402\"  \/><\/p>\n<p><strong>A vitamina K \u00e9 essencial para rec\u00e9m-nascidos. O n\u00famero de pais que a rejeitam disparou nos EUA \u2014\u00a0 aumentando o\u00a0 risco de hemorragias perigosas.<\/strong><\/p>\n<p>A desinforma\u00e7\u00e3o pode matar.<\/p>\n<p>O ZAP tem dado nos \u00faltimos meses not\u00edcias de crian\u00e7as n\u00e3o vacinadas que morreram com sarampo <a href=\"https:\/\/zap.aeiou.pt\/mae-perde-dois-filhos-sarampo-266160\" data-wpel-link=\"internal\" rel=\"nofollow noopener\" target=\"_blank\">nas Filipinas<\/a> e <a href=\"https:\/\/zap.aeiou.pt\/surto-sarampo-eua-670406\" data-wpel-link=\"internal\" rel=\"nofollow noopener\" target=\"_blank\">nos EUA<\/a> \u2014 pa\u00eds onde n\u00e3o vacinar<strong> est\u00e1 na moda<\/strong>, com consequ\u00eancias potencialmente <a href=\"https:\/\/zap.aeiou.pt\/sarampo-estamos-a-um-passo-da-catastrofe-675222\" data-wpel-link=\"internal\" rel=\"nofollow noopener\" target=\"_blank\">catastr\u00f3ficas<\/a>.<\/p>\n<p>Uma an\u00e1lise realizada para a <a href=\"https:\/\/www.reuters.com\/world\/us-refusals-crucial-newborn-vitamin-spike-raising-risk-dangerous-bleeding-2026-09-01\/\" data-wpel-link=\"external\" rel=\"noopener nofollow\" class=\"ext-link\" target=\"_blank\">Reuters<\/a> revela agora que a percentagem de pais e cuidadores nos EUA que recusam dar aos beb\u00e9s rec\u00e9m-nascidos a inje\u00e7\u00e3o padr\u00e3o de<strong> vitamina K<\/strong> aumentou significativamente este ano.<\/p>\n<p>Este aumento deixa mais rec\u00e9m-nascidos em risco de epis\u00f3dios de hemorragia potencialmente fatais, alertam os m\u00e9dicos.<\/p>\n<p>O secret\u00e1rio da Sa\u00fade<strong> Robert F. Kennedy Jr.<\/strong> alimentou durante anos essa desconfian\u00e7a, lan\u00e7ando d\u00favidas sobre vacinas e outros medicamentos.<\/p>\n<p>A aumento da rejei\u00e7\u00e3o da vitamina K coincide com o an\u00fancio de janeiro de RFK, que <strong>retirou a recomenda\u00e7\u00e3o <\/strong>da dose \u00e0 nascen\u00e7a da vacina contra a hepatite B e de outras cinco vacinas infantis.<\/p>\n<p>A taxa de rec\u00e9m-nascidos que n\u00e3o receberam a inje\u00e7\u00e3o de vitamina K no primeiro dia de vida nos hospitais <strong>subiu mais de 57% entre janeiro e junho<\/strong>, revelou um <a href=\"https:\/\/www.truveta.com\/?p=280285\" data-wpel-link=\"external\" rel=\"noopener nofollow\" class=\"ext-link\" target=\"_blank\">estudo<\/a> de registos de sa\u00fade de mais de 1 milh\u00e3o de nascimentos em todo o pa\u00eds feita pela empresa de dados e an\u00e1lise de sa\u00fade Truveta.<\/p>\n<p>O estudo da Truveta mostra que, no primeiro semestre de 2026, a taxa de rejei\u00e7\u00e3o foi 2,5 vezes maior do que a taxa m\u00e9dia entre 2019 e 2024. Foi 1,4 vezes superior \u00e0 de 2025.<\/p>\n<p>Segundo dados dos Centers for Disease Control and Prevention (CDC), que continuam a recomendar a inje\u00e7\u00e3o, os beb\u00e9s nascem com n\u00edveis muito baixos de vitamina K, que ajuda o sangue a coagular, e ficam desprotegidos at\u00e9 cerca dos seis meses de idade.<\/p>\n<p>Sem ela, t\u00eam uma probabilidade 81 vezes maior de sofrer, nos primeiros seis meses, uma hemorragia potencialmente fatal no c\u00e9rebro ou no intestino, dizem os CDC.<\/p>\n<p>Um em cada cinco beb\u00e9s que sofre uma hemorragia grave morre. Sem a inje\u00e7\u00e3o, uma hemorragia deste tipo ocorre em um em cada 59 nascimentos.<\/p>\n<p>\u201c\u00c9 mesmo assustador. <strong>\u00c9 como se estiv\u00e9ssemos a andar para tr\u00e1s<\/strong>\u201c, disse <strong>Nia\u00a0Heard-Garris<\/strong>, m\u00e9dica pediatra e investigadora no Lurie Children\u2019s Hospital, em Chicago. \u201cEstamos a fazer um grande esfor\u00e7o para manter estes beb\u00e9s vivos\u201d.<\/p>\n<p>Quando Kennedy retirou as recomenda\u00e7\u00f5es relativas \u00e0s seis vacinas infantis, disse que as crian\u00e7as americanas recebiam demasiadas inje\u00e7\u00f5es e sugeriu que estas estavam ligadas a doen\u00e7as cr\u00f3nicas.<\/p>\n<p>N\u00e3o h\u00e1 quaisquer provas cient\u00edficas que sustentem esta alega\u00e7\u00e3o.<\/p>\n<p>Estas mensagens contradit\u00f3rias levantaram d\u00favidas entre muitos pais sobre tratamentos de rotina para rec\u00e9m-nascidos, incluindo a vitamina K, dizem especialistas ouvidos pela Reuters.<\/p>\n<p>A percentagem de beb\u00e9s nos EUA que n\u00e3o receberam vitamina K \u00e0 nascen\u00e7a subiu para 8,1% no final de junho, contra 5,2% seis meses antes, segundo o estudo da Truveta.<\/p>\n<p>Quando a pediatra <strong>Sarah Coggins<\/strong> era estudante de medicina no Vanderbilt Children\u2019s Hospital, em 2013, Nashville registou uma concentra\u00e7\u00e3o invulgar de beb\u00e9s com <strong>hemorragias graves provocadas por defici\u00eancia de vitamina K<\/strong>.<\/p>\n<p>Segundo um <a href=\"https:\/\/stacks.cdc.gov\/view\/cdc\/54770\" data-wpel-link=\"external\" rel=\"noopener nofollow\" class=\"ext-link\" target=\"_blank\">relat\u00f3rio<\/a> publicado pelos CDC na altura, os pais acreditavam que a inje\u00e7\u00e3o era desnecess\u00e1ria e <strong>potencialmente t\u00f3xica ou carcinog\u00e9nica<\/strong>.<\/p>\n<p>Coggins tratou um desses beb\u00e9s.<\/p>\n<p>\u201cO beb\u00e9 ficou com les\u00f5es cerebrais duradouras\u201d, disse Coggins, agora neonatologista no Children\u2019s Hospital of Philadelphia. \u201cIsso ficou sempre comigo. Acho que a maioria dos pediatras tem uma hist\u00f3ria dessas\u201d.<\/p>\n<p>\u201cN\u00e3o \u00e9 um risco te\u00f3rico. Tira-me o sono\u201d, diz Coggins.<\/p>\n<p>\u00a0<\/p>\n","protected":false},"excerpt":{"rendered":"kieferpix \/ Depositphotos A vitamina K \u00e9 essencial para rec\u00e9m-nascidos. O n\u00famero de pais que a rejeitam disparou&hellip;\n","protected":false},"author":2,"featured_media":508307,"comment_status":"","ping_status":"","sticky":false,"template":"","format":"standard","meta":{"footnotes":"","_share_on_mastodon":"0"},"categories":[86],"tags":[838,2745,413,116,1208,4007,32,33,117,896],"class_list":["post-508306","post","type-post","status-publish","format-standard","has-post-thumbnail","category-saude","tag-criancas","tag-desinformacao","tag-eua","tag-health","tag-medicina","tag-politica-internacional","tag-portugal","tag-pt","tag-saude","tag-saude-publica"],"share_on_mastodon":{"url":"https:\/\/pubeurope.com\/@pt\/117198588206182882","error":""},"_links":{"self":[{"href":"https:\/\/www.europesays.com\/pt\/wp-json\/wp\/v2\/posts\/508306","targetHints":{"allow":["GET"]}}],"collection":[{"href":"https:\/\/www.europesays.com\/pt\/wp-json\/wp\/v2\/posts"}],"about":[{"href":"https:\/\/www.europesays.com\/pt\/wp-json\/wp\/v2\/types\/post"}],"author":[{"embeddable":true,"href":"https:\/\/www.europesays.com\/pt\/wp-json\/wp\/v2\/users\/2"}],"replies":[{"embeddable":true,"href":"https:\/\/www.europesays.com\/pt\/wp-json\/wp\/v2\/comments?post=508306"}],"version-history":[{"count":0,"href":"https:\/\/www.europesays.com\/pt\/wp-json\/wp\/v2\/posts\/508306\/revisions"}],"wp:featuredmedia":[{"embeddable":true,"href":"https:\/\/www.europesays.com\/pt\/wp-json\/wp\/v2\/media\/508307"}],"wp:attachment":[{"href":"https:\/\/www.europesays.com\/pt\/wp-json\/wp\/v2\/media?parent=508306"}],"wp:term":[{"taxonomy":"category","embeddable":true,"href":"https:\/\/www.europesays.com\/pt\/wp-json\/wp\/v2\/categories?post=508306"},{"taxonomy":"post_tag","embeddable":true,"href":"https:\/\/www.europesays.com\/pt\/wp-json\/wp\/v2\/tags?post=508306"}],"curies":[{"name":"wp","href":"https:\/\/api.w.org\/{rel}","templated":true}]}}