{"id":508318,"date":"2026-09-02T00:33:19","date_gmt":"2026-09-02T00:33:19","guid":{"rendered":"https:\/\/www.europesays.com\/pt\/508318\/"},"modified":"2026-09-02T00:33:19","modified_gmt":"2026-09-02T00:33:19","slug":"ex-lider-de-gangue-e-condenado-pelo-assassinato-do-rapper-tupac-shakur-mundo-e-ciencia","status":"publish","type":"post","link":"https:\/\/www.europesays.com\/pt\/508318\/","title":{"rendered":"Ex-l\u00edder de gangue \u00e9 condenado pelo assassinato do rapper Tupac Shakur | Mundo e Ci\u00eancia"},"content":{"rendered":"<p>                                        Condenado pela morte de Tupac, Keffe D pode ser condenado \u00e0 pris\u00e3o perp\u00e9tua sem direito \u00e0 liberdade condicional &#8211; Reprodu\u00e7\u00e3o \/ Redes sociais<\/p>\n<p class=\"content-media__description\">Condenado pela morte de Tupac, Keffe D pode ser condenado \u00e0 pris\u00e3o perp\u00e9tua sem direito \u00e0 liberdade condicionalReprodu\u00e7\u00e3o \/ Redes sociais<\/p>\n<p>                                                        Publicado 01\/09\/2026 09:48 | Atualizado 01\/09\/2026 09:50\n                    <\/p>\n<p>                    O ex-l\u00edder de gangue Duane Davis, conhecido como &#8220;Keffe D&#8221;, de 63 anos, foi considerado <a href=\"https:\/\/odia.ig.com.br\/mundo-e-ciencia\/2023\/09\/6716374-suspeito-de-matar-rapper-tupac-shakur-e-acusado-27-anos-apos-o-crime.html\" target=\"_blank\" rel=\"noopener noreferrer nofollow\">culpado pelo assassinato do famoso rapper Tupac Shakur<\/a>, nesta segunda-feira (31),\u00a0por um tribunal de Las Vegas. O julgamento acontece trinta anos ap\u00f3s a morte da lenda do rap, em 1996.<\/p>\n<p>&#8220;Acusa\u00e7\u00e3o um, homic\u00eddio com uso de arma letal, culpado de homic\u00eddio em primeiro grau com uso de arma letal&#8221;, anunciou ao tribunal a porta-voz do j\u00fari, depois de apenas algumas horas de delibera\u00e7\u00e3o.<\/p>\n<p>Davis, que pode ser condenado \u00e0 pris\u00e3o perp\u00e9tua sem direito \u00e0 liberdade condicional, dirigiu-se \u00e0 ju\u00edza Carli Kierny ap\u00f3s o an\u00fancio do veredito e manifestou a inten\u00e7\u00e3o de recorrer contra a decis\u00e3o.<\/p>\n<p>Na \u00e9poca do crime, Davis liderava a gangue South Side Compton Crips, que controlava partes de Los Angeles nos anos 1990. Segundo a acusa\u00e7\u00e3o, ele teria ordenado o assassinato depois que seu sobrinho foi agredido por membros do s\u00e9quito do artista, tamb\u00e9m conhecido como 2Pac, em um cassino de Las Vegas.<\/p>\n<p>&#8220;Duane Davis, na cultura das gangues, n\u00e3o podia deixar isso acontecer&#8221;, declarou o promotor Binu Palal durante as alega\u00e7\u00f5es finais. &#8220;Ent\u00e3o, o que ele fez? Conseguiu uma arma de fogo, reuniu o seu grupo e saiu para ca\u00e7ar o senhor Shakur&#8221;, acrescentou.<\/p>\n<p>Shakur estava em Las Vegas para acompanhar uma luta do boxeador Mike Tyson. O artista foi morto a tiros duas horas ap\u00f3s o confronto no cassino por um homem que estava em um Cadillac branco, que parou em um sem\u00e1foro vermelho ao lado do BMW em que o rapper viajava.<\/p>\n<p>Segundo os promotores, Davis entregou a arma a algu\u00e9m no banco traseiro do Cadillac para que efetuasse os disparos. O ex-l\u00edder de gangue \u00e9 a \u00fanica pessoa acusada pelo assassinato. A leitura da senten\u00e7a est\u00e1 programada para 13 de outubro.<\/p>\n<p>O assassinato de Tupac Shakur, aos 25 anos, era um dos casos n\u00e3o solucionados mais c\u00e9lebres dos Estados Unidos. A investiga\u00e7\u00e3o ficou parada durante d\u00e9cadas por falta de provas, mas o caso foi reativado ap\u00f3s a publica\u00e7\u00e3o das mem\u00f3rias de Davis, em 2019.<\/p>\n<p>No livro, ele afirma que estava no banco dianteiro do Cadillac branco naquele dia. Agora, por\u00e9m, nega essas confiss\u00f5es e se declara inocente. Michael Sanft, advogado de defesa de Davis, classificou as confiss\u00f5es do cliente como fic\u00e7\u00e3o e mentiras criadas para promover o livro.<\/p>\n","protected":false},"excerpt":{"rendered":"Condenado pela morte de Tupac, Keffe D pode ser condenado \u00e0 pris\u00e3o perp\u00e9tua sem direito \u00e0 liberdade condicional&hellip;\n","protected":false},"author":2,"featured_media":508319,"comment_status":"","ping_status":"","sticky":false,"template":"","format":"standard","meta":{"footnotes":"","_share_on_mastodon":"0"},"categories":[141],"tags":[81317,8286,114,115,81418,1437,149,150,32,33,81419],"class_list":["post-508318","post","type-post","status-publish","format-standard","has-post-thumbnail","category-musica","tag-2pac","tag-condenacao","tag-entertainment","tag-entretenimento","tag-lider-de-gangue","tag-morte","tag-music","tag-musica","tag-portugal","tag-pt","tag-tupac"],"share_on_mastodon":{"url":"https:\/\/pubeurope.com\/@pt\/117198638422912172","error":""},"_links":{"self":[{"href":"https:\/\/www.europesays.com\/pt\/wp-json\/wp\/v2\/posts\/508318","targetHints":{"allow":["GET"]}}],"collection":[{"href":"https:\/\/www.europesays.com\/pt\/wp-json\/wp\/v2\/posts"}],"about":[{"href":"https:\/\/www.europesays.com\/pt\/wp-json\/wp\/v2\/types\/post"}],"author":[{"embeddable":true,"href":"https:\/\/www.europesays.com\/pt\/wp-json\/wp\/v2\/users\/2"}],"replies":[{"embeddable":true,"href":"https:\/\/www.europesays.com\/pt\/wp-json\/wp\/v2\/comments?post=508318"}],"version-history":[{"count":0,"href":"https:\/\/www.europesays.com\/pt\/wp-json\/wp\/v2\/posts\/508318\/revisions"}],"wp:featuredmedia":[{"embeddable":true,"href":"https:\/\/www.europesays.com\/pt\/wp-json\/wp\/v2\/media\/508319"}],"wp:attachment":[{"href":"https:\/\/www.europesays.com\/pt\/wp-json\/wp\/v2\/media?parent=508318"}],"wp:term":[{"taxonomy":"category","embeddable":true,"href":"https:\/\/www.europesays.com\/pt\/wp-json\/wp\/v2\/categories?post=508318"},{"taxonomy":"post_tag","embeddable":true,"href":"https:\/\/www.europesays.com\/pt\/wp-json\/wp\/v2\/tags?post=508318"}],"curies":[{"name":"wp","href":"https:\/\/api.w.org\/{rel}","templated":true}]}}