{"id":508340,"date":"2026-09-02T00:52:22","date_gmt":"2026-09-02T00:52:22","guid":{"rendered":"https:\/\/www.europesays.com\/pt\/508340\/"},"modified":"2026-09-02T00:52:22","modified_gmt":"2026-09-02T00:52:22","slug":"imposto-sobre-o-acucar-podera-prevenir-milhoes-de-casos-de-doenca-oral","status":"publish","type":"post","link":"https:\/\/www.europesays.com\/pt\/508340\/","title":{"rendered":"Imposto sobre o a\u00e7\u00facar poder\u00e1 prevenir milh\u00f5es de casos de doen\u00e7a oral"},"content":{"rendered":"<p>Uma investiga\u00e7\u00e3o da Griffith University, na Austr\u00e1lia, estima que a aplica\u00e7\u00e3o de um imposto de 20% sobre o a\u00e7\u00facar poderia evitar, ao longo da vida, 3,7 milh\u00f5es de casos de c\u00e1rie dent\u00e1ria, 191 mil casos de doen\u00e7a periodontal e 115 mil casos de edentulismo.<\/p>\n<p>O estudo, liderado pelo professor Lennert Veerman, da School of Medicine and Dentistry da Griffith University, avaliou n\u00e3o apenas o impacto da redu\u00e7\u00e3o do consumo de a\u00e7\u00facar na c\u00e1rie, mas tamb\u00e9m na periodontite e na perda total de dentes, permitindo uma estimativa mais abrangente dos benef\u00edcios para a sa\u00fade oral.<br \/>Segundo os investigadores, a medida poderia gerar cerca de 500 mil anos de vida ajustados pela sa\u00fade na popula\u00e7\u00e3o australiana de 2019, considerando tanto a melhoria da sa\u00fade oral como a redu\u00e7\u00e3o de doen\u00e7as associadas ao excesso de peso.<br \/>Os homens seriam os principais benefici\u00e1rios, uma vez que apresentam, em m\u00e9dia, um maior consumo de bebidas a\u00e7ucaradas e n\u00edveis basais mais elevados de algumas doen\u00e7as orais.<\/p>\n<p>Para os investigadores, os resultados refor\u00e7am a import\u00e2ncia de considerar a sa\u00fade oral nas pol\u00edticas de sa\u00fade p\u00fablica destinadas a reduzir o consumo de a\u00e7\u00facar. Um imposto sobre bebidas a\u00e7ucaradas poder\u00e1 ter benef\u00edcios que ultrapassam a preven\u00e7\u00e3o da obesidade e da diabetes, contribuindo tamb\u00e9m para diminuir a preval\u00eancia de doen\u00e7as orais e as desigualdades em sa\u00fade.<\/p>\n<p>O estudo Impact of a sugar sweetened beverage tax on dental caries, periodontitis and edentulism in Australia: A modelling study foi publicado na revista BMJ Public Health.<\/p>\n<p>\u00a0<\/p>\n<p>\u00a0<\/p>\n<p>Fonte:\u00a0<strong><a href=\"https:\/\/news.griffith.edu.au\/2026\/08\/26\/sugar-tax-could-improve-oral-health\/\" style=\"color:blue;\" target=\"_blank\" rel=\"nofollow noopener\">\u00a0Griffith University<\/a><\/strong><\/p>\n<p>Imagem: Gerada por IA<\/p>\n","protected":false},"excerpt":{"rendered":"Uma investiga\u00e7\u00e3o da Griffith University, na Austr\u00e1lia, estima que a aplica\u00e7\u00e3o de um imposto de 20% sobre o&hellip;\n","protected":false},"author":2,"featured_media":508341,"comment_status":"","ping_status":"","sticky":false,"template":"","format":"standard","meta":{"footnotes":"","_share_on_mastodon":"0"},"categories":[86],"tags":[116,32,33,117],"class_list":["post-508340","post","type-post","status-publish","format-standard","has-post-thumbnail","category-saude","tag-health","tag-portugal","tag-pt","tag-saude"],"share_on_mastodon":{"url":"https:\/\/pubeurope.com\/@pt\/117198713429998772","error":""},"_links":{"self":[{"href":"https:\/\/www.europesays.com\/pt\/wp-json\/wp\/v2\/posts\/508340","targetHints":{"allow":["GET"]}}],"collection":[{"href":"https:\/\/www.europesays.com\/pt\/wp-json\/wp\/v2\/posts"}],"about":[{"href":"https:\/\/www.europesays.com\/pt\/wp-json\/wp\/v2\/types\/post"}],"author":[{"embeddable":true,"href":"https:\/\/www.europesays.com\/pt\/wp-json\/wp\/v2\/users\/2"}],"replies":[{"embeddable":true,"href":"https:\/\/www.europesays.com\/pt\/wp-json\/wp\/v2\/comments?post=508340"}],"version-history":[{"count":0,"href":"https:\/\/www.europesays.com\/pt\/wp-json\/wp\/v2\/posts\/508340\/revisions"}],"wp:featuredmedia":[{"embeddable":true,"href":"https:\/\/www.europesays.com\/pt\/wp-json\/wp\/v2\/media\/508341"}],"wp:attachment":[{"href":"https:\/\/www.europesays.com\/pt\/wp-json\/wp\/v2\/media?parent=508340"}],"wp:term":[{"taxonomy":"category","embeddable":true,"href":"https:\/\/www.europesays.com\/pt\/wp-json\/wp\/v2\/categories?post=508340"},{"taxonomy":"post_tag","embeddable":true,"href":"https:\/\/www.europesays.com\/pt\/wp-json\/wp\/v2\/tags?post=508340"}],"curies":[{"name":"wp","href":"https:\/\/api.w.org\/{rel}","templated":true}]}}