{"id":508383,"date":"2026-09-02T01:35:19","date_gmt":"2026-09-02T01:35:19","guid":{"rendered":"https:\/\/www.europesays.com\/pt\/508383\/"},"modified":"2026-09-02T01:35:19","modified_gmt":"2026-09-02T01:35:19","slug":"depressao-nao-e-apenas-tristeza-condicao-pode-causar-irritabilidade-cansaco-e-outros-sintomas-menos-conhecidos","status":"publish","type":"post","link":"https:\/\/www.europesays.com\/pt\/508383\/","title":{"rendered":"Depress\u00e3o n\u00e3o \u00e9 apenas tristeza: condi\u00e7\u00e3o pode causar irritabilidade, cansa\u00e7o e outros sintomas menos conhecidos"},"content":{"rendered":"<p>A depress\u00e3o nem sempre se apresenta da forma como muitas pessoas imaginam. Tristeza constante, isolamento e falta de vontade de realizar atividades s\u00e3o sinais conhecidos, mas o transtorno tamb\u00e9m pode se manifestar por mudan\u00e7as mais discretas no comportamento e na rotina.<\/p>\n<p>Durante o Setembro Amarelo, campanha que amplia o debate sobre sa\u00fade mental e preven\u00e7\u00e3o ao suic\u00eddio, compreender esses sinais pode ajudar na identifica\u00e7\u00e3o precoce do sofrimento psicol\u00f3gico e na busca por suporte adequado.<\/p>\n<p>Para o psicanalista, mestre em neuropsicologia e gestor de projetos cient\u00edficos do CPAH, Centro de Pesquisa e An\u00e1lises Her\u00e1clito, Adriel Silva Weber, a depress\u00e3o pode apresentar manifesta\u00e7\u00f5es que passam despercebidas, principalmente quando a pessoa continua trabalhando, estudando e mantendo aparentemente sua rotina.<\/p>\n<p>\u201cA depress\u00e3o \u00e9 um dos grandes desafios de sa\u00fade mental da atualidade, mas identificar os primeiros sinais, inclusive aqueles menos conhecidos, \u00e9 fundamental para que a pessoa possa buscar ajuda e iniciar o tratamento adequado\u201d, destaca.<\/p>\n<p>A seguir, confira os sinais menos \u00f3bvios da depress\u00e3o que merecem aten\u00e7\u00e3o.<\/p>\n<p>1. Irritabilidade constante<\/p>\n<p>Nem sempre a <strong><a href=\"https:\/\/portaledicase.com\/depressao-entenda-como-ocorre-os-sintomas-e-tratamentos\/\" target=\"_blank\" rel=\"noreferrer noopener nofollow\">depress\u00e3o<\/a><\/strong> aparece em um primeiro momento como tristeza. Em algumas pessoas, principalmente quando existe dificuldade para reconhecer ou expressar emo\u00e7\u00f5es, o sofrimento pode se manifestar por irrita\u00e7\u00e3o frequente, impaci\u00eancia e rea\u00e7\u00f5es desproporcionais a situa\u00e7\u00f5es cotidianas. Mudan\u00e7as persistentes no comportamento merecem aten\u00e7\u00e3o, especialmente quando n\u00e3o havia anteriormente aquele padr\u00e3o de reatividade.<\/p>\n<p>\u201cA pessoa pode n\u00e3o dizer que est\u00e1 triste, mas pode apresentar uma mudan\u00e7a significativa na forma como reage ao mundo. A irritabilidade persistente tamb\u00e9m pode ser uma manifesta\u00e7\u00e3o de sofrimento emocional\u201d, explica Adriel Silva Weber.<\/p>\n<p>2. Cansa\u00e7o que parece n\u00e3o passar<\/p>\n<p>A sensa\u00e7\u00e3o de esgotamento constante tamb\u00e9m pode afetar pessoas com depress\u00e3o. Mesmo ap\u00f3s dormir ou descansar, algumas atividades simples podem parecer exigir um esfor\u00e7o muito maior. O problema n\u00e3o \u00e9 apenas f\u00edsico. Altera\u00e7\u00f5es emocionais podem afetar a motiva\u00e7\u00e3o, a disposi\u00e7\u00e3o e a capacidade de manter a rotina.<\/p>\n<p>Quando esse <strong><a href=\"https:\/\/portaledicase.com\/entenda-o-que-e-cansaco-mental-e-como-trata-lo\/\" target=\"_blank\" rel=\"noreferrer noopener nofollow\">cansa\u00e7o<\/a><\/strong> persiste por muito tempo e passa a comprometer atividades que antes eram realizadas normalmente, \u00e9 importante observar o contexto e procurar avalia\u00e7\u00e3o profissional.<\/p>\n<p><img loading=\"lazy\" decoding=\"async\" width=\"1024\" height=\"683\" src=\"data:image\/svg+xml,%3Csvg%20xmlns=\" http:=\"\" alt=\"Mulher dormindo tranquilamente de lado na cama, com a cabe\u00e7a apoiada em um travesseiro branco e roupa de cama clara, em um quarto com cortinas cinza.\" class=\"wp-image-662247\" data-lazy- data-lazy- data-lazy-src=\"https:\/\/www.europesays.com\/pt\/wp-content\/uploads\/2026\/09\/sono-1-1024x683.png.webp\"\/>O sono tem rela\u00e7\u00e3o direta com o funcionamento emocional e cognitivo (Imagem: New Africa | Shutterstock)<\/p>\n<p>3. Mudan\u00e7as no sono<\/p>\n<p>Dormir demais ou ter dificuldade para dormir pode representar uma mudan\u00e7a importante na rotina. Algumas pessoas passam a acordar v\u00e1rias vezes durante a noite, enquanto outras t\u00eam dificuldade para sair da cama.<\/p>\n<p>\u201cO <strong><a href=\"https:\/\/portaledicase.com\/veja-a-importancia-do-sono-para-a-saude-fisica-e-mental\/\" target=\"_blank\" rel=\"noreferrer noopener nofollow\">sono<\/a><\/strong> possui uma rela\u00e7\u00e3o direta com o funcionamento emocional e cognitivo, por isso, altera\u00e7\u00f5es persistentes, principalmente quando acompanhadas de outras mudan\u00e7as de comportamento, n\u00e3o devem ser ignoradas\u201d, alerta o psicanalista.<\/p>\n<p>4. Perder o interesse sem perceber<\/p>\n<p>Um dos sinais que pode se instalar de forma gradual \u00e9 a perda de interesse por atividades que antes proporcionavam prazer. A pessoa pode continuar participando de encontros, praticando hobbies ou cumprindo compromissos, mas passa a sentir que aquelas experi\u00eancias perderam o significado ou deixaram de gerar satisfa\u00e7\u00e3o.<\/p>\n<p>\u201c\u00c0s vezes, a mudan\u00e7a acontece gradualmente. A pessoa continua fazendo as coisas porque precisa, mas deixa de sentir envolvimento ou prazer. Essa perda de interesse pode ser um sinal importante quando se mant\u00e9m ao longo do tempo\u201d, ressalta.<\/p>\n<p>5. Dificuldade de concentra\u00e7\u00e3o e esquecimentos<\/p>\n<p>A depress\u00e3o tamb\u00e9m pode afetar processos cognitivos. Dificuldade para manter a aten\u00e7\u00e3o, tomar decis\u00f5es, organizar tarefas ou lembrar informa\u00e7\u00f5es pode aparecer durante per\u00edodos de sofrimento psicol\u00f3gico. Isso pode levar algumas pessoas a acreditarem que est\u00e3o apenas distra\u00eddas, sobrecarregadas ou perdendo produtividade, sem perceber que a mudan\u00e7a pode estar relacionada ao estado emocional.<\/p>\n<p>N\u00e3o \u00e9 preciso esperar o quadro piorar<\/p>\n<p>Os sinais isolados n\u00e3o significam automaticamente que uma pessoa tenha depress\u00e3o. Cansa\u00e7o, altera\u00e7\u00f5es no sono, irritabilidade e dificuldades de concentra\u00e7\u00e3o tamb\u00e9m podem estar relacionados a diversas outras condi\u00e7\u00f5es e situa\u00e7\u00f5es da vida. Mas, quando essas mudan\u00e7as persistem, causam sofrimento ou come\u00e7am a prejudicar relacionamentos, trabalho, estudos e outras \u00e1reas da rotina, procurar ajuda especializada pode ser importante.<\/p>\n<p>\u201cO principal \u00e9 n\u00e3o normalizar um sofrimento que est\u00e1 se prolongando. A <strong><a href=\"https:\/\/portaledicase.com\/dicas-para-melhorar-a-saude-mental\/\" target=\"_blank\" rel=\"noreferrer noopener nofollow\">sa\u00fade mental<\/a><\/strong> precisa ser observada com a mesma aten\u00e7\u00e3o que damos \u00e0 sa\u00fade f\u00edsica. Quanto antes uma pessoa compreende que algo mudou e busca o suporte adequado, maiores s\u00e3o as possibilidades de lidar melhor com a situa\u00e7\u00e3o\u201d, conclui Adriel Silva Weber.<\/p>\n<p>Por Angela Rocha<\/p>\n","protected":false},"excerpt":{"rendered":"A depress\u00e3o nem sempre se apresenta da forma como muitas pessoas imaginam. Tristeza constante, isolamento e falta de&hellip;\n","protected":false},"author":2,"featured_media":508384,"comment_status":"","ping_status":"","sticky":false,"template":"","format":"standard","meta":{"footnotes":"","_share_on_mastodon":"0"},"categories":[86],"tags":[538,4913,116,32,33,117,1030],"class_list":["post-508383","post","type-post","status-publish","format-standard","has-post-thumbnail","category-saude","tag-bem-estar","tag-edicase","tag-health","tag-portugal","tag-pt","tag-saude","tag-saude-mental"],"share_on_mastodon":{"url":"https:\/\/pubeurope.com\/@pt\/117198882483928169","error":""},"_links":{"self":[{"href":"https:\/\/www.europesays.com\/pt\/wp-json\/wp\/v2\/posts\/508383","targetHints":{"allow":["GET"]}}],"collection":[{"href":"https:\/\/www.europesays.com\/pt\/wp-json\/wp\/v2\/posts"}],"about":[{"href":"https:\/\/www.europesays.com\/pt\/wp-json\/wp\/v2\/types\/post"}],"author":[{"embeddable":true,"href":"https:\/\/www.europesays.com\/pt\/wp-json\/wp\/v2\/users\/2"}],"replies":[{"embeddable":true,"href":"https:\/\/www.europesays.com\/pt\/wp-json\/wp\/v2\/comments?post=508383"}],"version-history":[{"count":0,"href":"https:\/\/www.europesays.com\/pt\/wp-json\/wp\/v2\/posts\/508383\/revisions"}],"wp:featuredmedia":[{"embeddable":true,"href":"https:\/\/www.europesays.com\/pt\/wp-json\/wp\/v2\/media\/508384"}],"wp:attachment":[{"href":"https:\/\/www.europesays.com\/pt\/wp-json\/wp\/v2\/media?parent=508383"}],"wp:term":[{"taxonomy":"category","embeddable":true,"href":"https:\/\/www.europesays.com\/pt\/wp-json\/wp\/v2\/categories?post=508383"},{"taxonomy":"post_tag","embeddable":true,"href":"https:\/\/www.europesays.com\/pt\/wp-json\/wp\/v2\/tags?post=508383"}],"curies":[{"name":"wp","href":"https:\/\/api.w.org\/{rel}","templated":true}]}}