{"id":508399,"date":"2026-09-02T01:50:18","date_gmt":"2026-09-02T01:50:18","guid":{"rendered":"https:\/\/www.europesays.com\/pt\/508399\/"},"modified":"2026-09-02T01:50:18","modified_gmt":"2026-09-02T01:50:18","slug":"vacina-contra-herpes-zoster-pode-entrar-no-sus","status":"publish","type":"post","link":"https:\/\/www.europesays.com\/pt\/508399\/","title":{"rendered":"Vacina contra herpes-z\u00f3ster pode entrar no SUS"},"content":{"rendered":"<p class=\"wp-block-paragraph\">A Comiss\u00e3o de Assuntos Sociais (CAS) do Senado aprovou, nesta ter\u00e7a-feira (1\u00ba), a inclus\u00e3o da vacina contra herpes-z\u00f3ster no calend\u00e1rio nacional de imuniza\u00e7\u00e3o do Sistema \u00danico de Sa\u00fade (SUS). A proposta prev\u00ea a oferta do imunizante para pessoas com mais de 50 anos e para menores de 18 anos com sistema imunol\u00f3gico comprometido.<\/p>\n<p class=\"wp-block-paragraph\">O texto aprovado por unanimidade ainda precisa passar por um turno suplementar na pr\u00f3pria comiss\u00e3o antes de seguir a tramita\u00e7\u00e3o. A medida est\u00e1 prevista no Projeto de Lei 4.426\/2025.<\/p>\n<p>Projeto destaca aumento de casos com envelhecimento da popula\u00e7\u00e3o<\/p>\n<p class=\"wp-block-paragraph\">A relatora da proposta, senadora Damares Alves (Republicanos-DF), afirmou que o impacto da doen\u00e7a tende a crescer com o envelhecimento da popula\u00e7\u00e3o.<\/p>\n<p class=\"wp-block-paragraph\">Durante a an\u00e1lise do projeto, a senadora relatou que enfrentou a doen\u00e7a em 2023.<\/p>\n<p>  <a href=\"https:\/\/interamericana.com.br\/?utm_source=acritica&amp;utm_medium=display&amp;utm_campaign=medicina-universidad-interamericana&amp;utm_content=in-text-materia-mobile-300x100\" target=\"_blank\" rel=\"noopener sponsored nofollow\" style=\"display:block;line-height:0;width:100%;max-width:300px;\"><br \/>\n    <img loading=\"lazy\" src=\"data:image\/svg+xml,%3Csvg%20xmlns=\" http:=\"\" width=\"300\" height=\"100\" alt=\"Estude Medicina - Universidad Interamericana\" decoding=\"async\" style=\"display:block;width:100%;height:auto;margin:0 auto;\" data-lazy-src=\"https:\/\/www.europesays.com\/pt\/wp-content\/uploads\/2026\/09\/1788313817_454_medicina-arte-1-mobile-300x100-1.jpg\"\/><br \/>\n  <\/a><\/p>\n<p>  <a href=\"https:\/\/interamericana.com.br\/?utm_source=acritica&amp;utm_medium=display&amp;utm_campaign=medicina-universidad-interamericana&amp;utm_content=in-text-materia-desktop-1100x250\" target=\"_blank\" rel=\"noopener sponsored nofollow\" style=\"display:block;line-height:0;width:100%;max-width:1100px;\"><br \/>\n    <img loading=\"lazy\" src=\"data:image\/svg+xml,%3Csvg%20xmlns=\" http:=\"\" width=\"1100\" height=\"250\" alt=\"Medicina Inscricoes Abertas - Universidad Interamericana\" decoding=\"async\" style=\"display:block;width:100%;height:auto;margin:0 auto;\" data-lazy-src=\"https:\/\/www.europesays.com\/pt\/wp-content\/uploads\/2026\/09\/1788313818_188_medicina-arte-2-desktop.jpg\"\/><br \/>\n  <\/a><\/p>\n<p class=\"wp-block-paragraph\">\u201cO meu rosto ficou paralisado. \u00c9 uma doen\u00e7a que d\u00f3i muito\u201d, afirmou Damares.<\/p>\n<p class=\"wp-block-paragraph\">O texto aprovado pela CAS mant\u00e9m a vers\u00e3o analisada anteriormente pela Comiss\u00e3o de Direitos Humanos (CDH). A proposta \u00e9 um substitutivo apresentado pela senadora Mara Gabrilli (PSD-SP) ao projeto original da senadora Dra. Eud\u00f3cia (PSDB-AL).<\/p>\n<p>Herpes-z\u00f3ster \u00e9 causado pelo v\u00edrus da catapora<\/p>\n<p class=\"wp-block-paragraph\">O herpes-z\u00f3ster \u00e9 provocado pelo mesmo v\u00edrus respons\u00e1vel pela catapora. Ap\u00f3s a primeira infec\u00e7\u00e3o, o v\u00edrus pode permanecer no organismo por anos e voltar a se manifestar em adultos ou em pessoas com baixa imunidade.<\/p>\n<p class=\"wp-block-paragraph\">A doen\u00e7a costuma provocar les\u00f5es na pele e pode ser acompanhada por sintomas como dor nos nervos, ard\u00eancia, coceira, dor de cabe\u00e7a, formigamento e febre.<\/p>\n<p class=\"wp-block-paragraph\">Al\u00e9m disso, a inclus\u00e3o da vacina no SUS busca ampliar o acesso \u00e0 preven\u00e7\u00e3o para grupos considerados mais vulner\u00e1veis aos efeitos da infec\u00e7\u00e3o.<\/p>\n<p>Projeto ainda precisa avan\u00e7ar na tramita\u00e7\u00e3o<\/p>\n<p class=\"wp-block-paragraph\">Ap\u00f3s a aprova\u00e7\u00e3o na Comiss\u00e3o de Assuntos Sociais, o projeto ainda passar\u00e1 por uma nova etapa dentro da comiss\u00e3o antes de seguir para as pr\u00f3ximas fases de an\u00e1lise.<\/p>\n<p class=\"wp-block-paragraph\">A proposta faz parte das iniciativas em discuss\u00e3o no Senado relacionadas \u00e0 amplia\u00e7\u00e3o da preven\u00e7\u00e3o e do acesso a vacinas pela popula\u00e7\u00e3o brasileira.<\/p>\n","protected":false},"excerpt":{"rendered":"A Comiss\u00e3o de Assuntos Sociais (CAS) do Senado aprovou, nesta ter\u00e7a-feira (1\u00ba), a inclus\u00e3o da vacina contra herpes-z\u00f3ster&hellip;\n","protected":false},"author":2,"featured_media":508400,"comment_status":"","ping_status":"","sticky":false,"template":"","format":"standard","meta":{"footnotes":"","_share_on_mastodon":"0"},"categories":[86],"tags":[116,52,32,33,117],"class_list":["post-508399","post","type-post","status-publish","format-standard","has-post-thumbnail","category-saude","tag-health","tag-politica","tag-portugal","tag-pt","tag-saude"],"share_on_mastodon":{"url":"https:\/\/pubeurope.com\/@pt\/117198941182578951","error":""},"_links":{"self":[{"href":"https:\/\/www.europesays.com\/pt\/wp-json\/wp\/v2\/posts\/508399","targetHints":{"allow":["GET"]}}],"collection":[{"href":"https:\/\/www.europesays.com\/pt\/wp-json\/wp\/v2\/posts"}],"about":[{"href":"https:\/\/www.europesays.com\/pt\/wp-json\/wp\/v2\/types\/post"}],"author":[{"embeddable":true,"href":"https:\/\/www.europesays.com\/pt\/wp-json\/wp\/v2\/users\/2"}],"replies":[{"embeddable":true,"href":"https:\/\/www.europesays.com\/pt\/wp-json\/wp\/v2\/comments?post=508399"}],"version-history":[{"count":0,"href":"https:\/\/www.europesays.com\/pt\/wp-json\/wp\/v2\/posts\/508399\/revisions"}],"wp:featuredmedia":[{"embeddable":true,"href":"https:\/\/www.europesays.com\/pt\/wp-json\/wp\/v2\/media\/508400"}],"wp:attachment":[{"href":"https:\/\/www.europesays.com\/pt\/wp-json\/wp\/v2\/media?parent=508399"}],"wp:term":[{"taxonomy":"category","embeddable":true,"href":"https:\/\/www.europesays.com\/pt\/wp-json\/wp\/v2\/categories?post=508399"},{"taxonomy":"post_tag","embeddable":true,"href":"https:\/\/www.europesays.com\/pt\/wp-json\/wp\/v2\/tags?post=508399"}],"curies":[{"name":"wp","href":"https:\/\/api.w.org\/{rel}","templated":true}]}}