{"id":508411,"date":"2026-09-02T02:12:23","date_gmt":"2026-09-02T02:12:23","guid":{"rendered":"https:\/\/www.europesays.com\/pt\/508411\/"},"modified":"2026-09-02T02:12:23","modified_gmt":"2026-09-02T02:12:23","slug":"com-apenas-dois-anos-ha-uma-coisa-que-o-filho-de-maria-botelho-moniz-consegue-fazer-que-a-maioria-das-criancas-da-sua-idade-nao-big-brother-verao-2026-ultimas-noticias-videos-e-diretos","status":"publish","type":"post","link":"https:\/\/www.europesays.com\/pt\/508411\/","title":{"rendered":"Com apenas dois anos, h\u00e1 uma coisa que o filho de Maria Botelho Moniz consegue fazer que a maioria das crian\u00e7as da sua idade n\u00e3o &#8211; Big Brother Ver\u00e3o 2026: \u00daltimas Not\u00edcias, V\u00eddeos e Diretos"},"content":{"rendered":"<p>Pedro Bianchi Prata recorreu \u00e0s redes sociais para partilhar um momento ternurento protagonizado pelo filho, de apenas dois anos. No v\u00eddeo, <strong>Vicente<\/strong> surge a identificar corretamente <strong>v\u00e1rios modelos de motas<\/strong>, demonstrando uma familiaridade surpreendente com os ve\u00edculos.<\/p>\n<p>A paix\u00e3o pelas motas parece estar bem presente desde cedo na vida do menino, que n\u00e3o s\u00f3 reconhece os diferentes modelos, como consegue dizer os respetivos nomes com uma facilidade que est\u00e1 a impressionar quem acompanha a fam\u00edlia.<\/p>\n<p><a target=\"_self\" rel=\"noopener noreferrer nofollow\" href=\"https:\/\/tvi.iol.pt\/bigbrother\/maria-botelho-moniz\/filho\/internet-vai-abaixo-com-novo-video-do-filho-de-maria-botelho-moniz-e-fora-do-normal\">E este n\u00e3o \u00e9 o \u00fanico detalhe que chama a aten\u00e7\u00e3o.<\/a> Ao longo do v\u00eddeo, Vicente demonstra tamb\u00e9m conhecimentos relacionados com <strong>n\u00fameros<\/strong>, conseguindo identific\u00e1-los e diz\u00ea-los para l\u00e1 do que seria expect\u00e1vel numa crian\u00e7a t\u00e3o pequena.<\/p>\n<p>O momento rapidamente conquistou os seguidores e deixou novamente em evid\u00eancia a enorme curiosidade do filho da apresentadora da TVI e do piloto de motociclismo. Ali\u00e1s, <strong>Pedro Bianchi Prata n\u00e3o esconde o orgulho<\/strong> que sente ao ver o interesse do menino crescer dia ap\u00f3s dia.<\/p>\n<p>Na legenda da publica\u00e7\u00e3o, o pai deixou uma verdadeira declara\u00e7\u00e3o de amor ao filho: <strong>\u00abAdora saber o nome das motos todas \u2764\ufe0f <\/strong><a target=\"_self\" rel=\"noopener noreferrer nofollow\" href=\"https:\/\/tvi.iol.pt\/bigbrother\/maria-botelho-moniz\/pedro-bianchi-prata\/filho-de-maria-botelho-moniz-faz-pedido-especial-ao-pai-e-derrete-coracoes?_gl=1*f43yg5*_up*MQ..*_ga*MzQ4NjQxNjEuMTc4ODI2ODk3Nw..*_ga_F2JC3V5NZ2*czE3ODgyNjg5NzYkbzEkZzAkdDE3ODgyNjg5NzYkajYwJGwwJGg2ODY2NDA5MDE.*_ga_KWPC3NPF0M*czE3ODgyNjg5NzYkbzEkZzAkdDE3ODgyNjg5NzYkajYwJGwwJGg4MDE1NjEzMjg.\"><strong>Ser\u00e1 que este amor nunca vai parar de crescer ?<\/strong><\/a><strong> Pois todos os dias o meu cora\u00e7\u00e3o parece que vai explodir \u2764\ufe0f\u263a\ufe0f\u00bb<\/strong>.<\/p>\n<p><strong>Ainda se lembra de como era Vicente em beb\u00e9? Veja tudo.<\/strong><\/p>\n<p>A paix\u00e3o de Vicente pelas motas parece, assim, estar longe de ser uma simples curiosidade passageira. Com apenas dois anos, o menino j\u00e1 revela uma mem\u00f3ria e capacidade de reconhecimento que surpreendem, sobretudo pela quantidade de modelos que consegue identificar.<\/p>\n<p><strong>Veja o v\u00eddeo.<\/strong><\/p>\n","protected":false},"excerpt":{"rendered":"Pedro Bianchi Prata recorreu \u00e0s redes sociais para partilhar um momento ternurento protagonizado pelo filho, de apenas dois&hellip;\n","protected":false},"author":2,"featured_media":508412,"comment_status":"","ping_status":"","sticky":false,"template":"","format":"standard","meta":{"footnotes":"","_share_on_mastodon":"0"},"categories":[85],"tags":[331,48,333,328,335,12000,336,114,115,334,332,3435,330,338,1335,13,4089,32,33,162,227],"class_list":["post-508411","post","type-post","status-publish","format-standard","has-post-thumbnail","category-entretenimento","tag-big","tag-big-brother","tag-comentadores","tag-concorrentes","tag-confrontos","tag-conhecimento","tag-discussoes","tag-entertainment","tag-entretenimento","tag-exclusivos","tag-expulso","tag-filho","tag-gala","tag-maria-botelho-moniz","tag-motas","tag-noticias","tag-pedro-bianchi-prata","tag-portugal","tag-pt","tag-tvi","tag-videos"],"share_on_mastodon":{"url":"https:\/\/pubeurope.com\/@pt\/117199028058092832","error":""},"_links":{"self":[{"href":"https:\/\/www.europesays.com\/pt\/wp-json\/wp\/v2\/posts\/508411","targetHints":{"allow":["GET"]}}],"collection":[{"href":"https:\/\/www.europesays.com\/pt\/wp-json\/wp\/v2\/posts"}],"about":[{"href":"https:\/\/www.europesays.com\/pt\/wp-json\/wp\/v2\/types\/post"}],"author":[{"embeddable":true,"href":"https:\/\/www.europesays.com\/pt\/wp-json\/wp\/v2\/users\/2"}],"replies":[{"embeddable":true,"href":"https:\/\/www.europesays.com\/pt\/wp-json\/wp\/v2\/comments?post=508411"}],"version-history":[{"count":0,"href":"https:\/\/www.europesays.com\/pt\/wp-json\/wp\/v2\/posts\/508411\/revisions"}],"wp:featuredmedia":[{"embeddable":true,"href":"https:\/\/www.europesays.com\/pt\/wp-json\/wp\/v2\/media\/508412"}],"wp:attachment":[{"href":"https:\/\/www.europesays.com\/pt\/wp-json\/wp\/v2\/media?parent=508411"}],"wp:term":[{"taxonomy":"category","embeddable":true,"href":"https:\/\/www.europesays.com\/pt\/wp-json\/wp\/v2\/categories?post=508411"},{"taxonomy":"post_tag","embeddable":true,"href":"https:\/\/www.europesays.com\/pt\/wp-json\/wp\/v2\/tags?post=508411"}],"curies":[{"name":"wp","href":"https:\/\/api.w.org\/{rel}","templated":true}]}}