{"id":508415,"date":"2026-09-02T02:21:32","date_gmt":"2026-09-02T02:21:32","guid":{"rendered":"https:\/\/www.europesays.com\/pt\/508415\/"},"modified":"2026-09-02T02:21:32","modified_gmt":"2026-09-02T02:21:32","slug":"a-nobreza-do-amor-rayssa-bratillieri-fala-sobre-salma-01-09-2026-televisao","status":"publish","type":"post","link":"https:\/\/www.europesays.com\/pt\/508415\/","title":{"rendered":"&#8216;A Nobreza do Amor&#8217;: Rayssa Bratillieri fala sobre Salma &#8211; 01\/09\/2026 &#8211; Televis\u00e3o"},"content":{"rendered":"<p>\n<strong class=\"c-signature__location\">Rio de Janeiro<\/strong>\n<\/p>\n<p><a href=\"https:\/\/f5.folha.uol.com.br\/celebridades\/2024\/04\/apos-elas-por-elas-rayssa-bratillieri-planeja-produzir-e-dirigir-vou-fazer-cursos.shtml\" rel=\"nofollow noopener\" target=\"\">Rayssa Bratillieri,<\/a> 28, encontrou em Salma, de &#8220;<a href=\"https:\/\/www1.folha.uol.com.br\/folha-topicos\/a-nobreza-do-amor\/\" rel=\"nofollow noopener\" target=\"\">A Nobreza do Amor<\/a>&#8220;, uma personagem marcada por contradi\u00e7\u00f5es. Filha de imigrantes libaneses, a jovem nasceu no Rio Grande do Norte e cresceu sob a press\u00e3o de preservar tradi\u00e7\u00f5es familiares. Na novela das seis da <a href=\"https:\/\/www1.folha.uol.com.br\/folha-topicos\/globo\/\" rel=\"nofollow noopener\" target=\"\">Globo,<\/a> ela se v\u00ea dividida entre as expectativas dos pais e o desejo de trilhar o pr\u00f3prio caminho.<\/p>\n","protected":false},"excerpt":{"rendered":"Rio de Janeiro Rayssa Bratillieri, 28, encontrou em Salma, de &#8220;A Nobreza do Amor&#8220;, uma personagem marcada por&hellip;\n","protected":false},"author":2,"featured_media":508416,"comment_status":"","ping_status":"","sticky":false,"template":"","format":"standard","meta":{"footnotes":"","_share_on_mastodon":"0"},"categories":[142],"tags":[10168,219,211,223,1579,114,115,224,225,471,226,753,221,220,222,2931,32,33,1588,2566,218,228,151,227],"class_list":["post-508415","post","type-post","status-publish","format-standard","has-post-thumbnail","category-tv","tag-a-nobreza-do-amor","tag-bichos","tag-celebridades","tag-colunistas","tag-disney","tag-entertainment","tag-entretenimento","tag-estranho","tag-eu-amo","tag-filme","tag-fofices","tag-globo","tag-horoscopo","tag-humanos","tag-humor","tag-novela","tag-portugal","tag-pt","tag-sries","tag-televiso","tag-televisao","tag-tudo","tag-tv","tag-videos"],"share_on_mastodon":{"url":"https:\/\/pubeurope.com\/@pt\/117199063293870749","error":""},"_links":{"self":[{"href":"https:\/\/www.europesays.com\/pt\/wp-json\/wp\/v2\/posts\/508415","targetHints":{"allow":["GET"]}}],"collection":[{"href":"https:\/\/www.europesays.com\/pt\/wp-json\/wp\/v2\/posts"}],"about":[{"href":"https:\/\/www.europesays.com\/pt\/wp-json\/wp\/v2\/types\/post"}],"author":[{"embeddable":true,"href":"https:\/\/www.europesays.com\/pt\/wp-json\/wp\/v2\/users\/2"}],"replies":[{"embeddable":true,"href":"https:\/\/www.europesays.com\/pt\/wp-json\/wp\/v2\/comments?post=508415"}],"version-history":[{"count":0,"href":"https:\/\/www.europesays.com\/pt\/wp-json\/wp\/v2\/posts\/508415\/revisions"}],"wp:featuredmedia":[{"embeddable":true,"href":"https:\/\/www.europesays.com\/pt\/wp-json\/wp\/v2\/media\/508416"}],"wp:attachment":[{"href":"https:\/\/www.europesays.com\/pt\/wp-json\/wp\/v2\/media?parent=508415"}],"wp:term":[{"taxonomy":"category","embeddable":true,"href":"https:\/\/www.europesays.com\/pt\/wp-json\/wp\/v2\/categories?post=508415"},{"taxonomy":"post_tag","embeddable":true,"href":"https:\/\/www.europesays.com\/pt\/wp-json\/wp\/v2\/tags?post=508415"}],"curies":[{"name":"wp","href":"https:\/\/api.w.org\/{rel}","templated":true}]}}