{"id":508419,"date":"2026-09-02T02:25:25","date_gmt":"2026-09-02T02:25:25","guid":{"rendered":"https:\/\/www.europesays.com\/pt\/508419\/"},"modified":"2026-09-02T02:25:25","modified_gmt":"2026-09-02T02:25:25","slug":"boletim-das-arboviroses-secretaria-de-saude-divulga-numero-de-notificacoes-da-34a-semana-epidemiologica-prefeitura-municipal-de-vitoria-da-conquista","status":"publish","type":"post","link":"https:\/\/www.europesays.com\/pt\/508419\/","title":{"rendered":"Boletim das Arboviroses: Secretaria de Sa\u00fade divulga n\u00famero de notifica\u00e7\u00f5es da 34\u00aa Semana Epidemiol\u00f3gica &#8211; Prefeitura Municipal de Vit\u00f3ria da Conquista"},"content":{"rendered":"<p>A Secretaria Municipal de Sa\u00fade (SMS), por meio da Coordena\u00e7\u00e3o de Vigil\u00e2ncia Epidemiol\u00f3gica, divulgou o boletim de monitoramento das arboviroses referente \u00e0 34\u00aa Semana Epidemiol\u00f3gica (SE), que compreende o per\u00edodo de 23 a 29 de agosto de 2026.<\/p>\n<p>De acordo com os dados apresentados, Vit\u00f3ria da Conquista teve 17 casos notificados de dengue (dos quais um foi confirmado) e um caso de chikungunya. Para zika, n\u00e3o foram registradas notifica\u00e7\u00f5es neste per\u00edodo.\u00a0<\/p>\n<p>Ainda segundo o boletim, 12 casos de dengue seguem em investiga\u00e7\u00e3o e quatro foram descartados. O caso registrado de chikungunya tamb\u00e9m segue em investiga\u00e7\u00e3o. N\u00e3o houve registro de pacientes hospitalizados por nenhuma arbovirose no per\u00edodo.<\/p>\n<p>Os casos prov\u00e1veis de dengue notificados concentram-se na zona urbana do munic\u00edpio. O bairro Candeias registrou tr\u00eas casos, os bairros Fel\u00edcia e Guarani tiveram dois casos cada, e os bairros Ayrton Senna, Esp\u00edrito Santo, Centro, Patag\u00f4nia, Vila Bonita e Lagoa das Flores registraram um caso cada.\u00a0<\/p>\n<p>No acumulado de 2026, o munic\u00edpio soma 931 notifica\u00e7\u00f5es de dengue, das quais 711 s\u00e3o consideradas prov\u00e1veis, 24 foram confirmadas, 220 descartadas, 99 em investiga\u00e7\u00e3o e 588 classificadas como inconclusivas.<\/p>\n<p>Em rela\u00e7\u00e3o \u00e0 febre chikungunya, o munic\u00edpio acumula 76 notifica\u00e7\u00f5es no ano, com 70 prov\u00e1veis, um caso confirmado e 69 em investiga\u00e7\u00e3o. Quanto ao v\u00edrus zika, foram registradas duas notifica\u00e7\u00f5es, com um caso confirmado e um caso em investiga\u00e7\u00e3o. <b>At\u00e9 o momento, n\u00e3o houve \u00f3bitos por nenhuma das arboviroses no munic\u00edpio.<\/b><\/p>\n<p>Os dados s\u00e3o din\u00e2micos, extra\u00eddos do sistema oficial Sinan On-line e est\u00e3o sujeitos a altera\u00e7\u00f5es \u00e0 medida que as investiga\u00e7\u00f5es laboratoriais avan\u00e7am.<\/p>\n<p>Al\u00e9m da divulga\u00e7\u00e3o dos dados, a Secretaria Municipal de Sa\u00fade refor\u00e7a a import\u00e2ncia das medidas de preven\u00e7\u00e3o no combate ao mosquito Aedes aegypti, transmissor da dengue, chikungunya e zika. A popula\u00e7\u00e3o deve manter caixas d\u2019\u00e1gua fechadas, eliminar recipientes que possam acumular \u00e1gua parada, limpar calhas e quintais e colaborar com os agentes de endemias durante as visitas de inspe\u00e7\u00e3o e orienta\u00e7\u00e3o.<\/p>\n<p>Para mais informa\u00e7\u00f5es sobre o combate ao mosquito Aedes aegypti, entre em contato com o Centro de Controle de Endemias pelo n\u00famero (77) 3229-3151.<\/p>\n<p><a href=\"https:\/\/www.pmvc.ba.gov.br\/wp-content\/uploads\/Boletim-das-Arboviroses-01-09-2026.jpg\" rel=\"nofollow noopener\" target=\"_blank\"><img loading=\"lazy\" decoding=\"async\" class=\"aligncenter wp-image-488271 size-large colorbox-488128\" src=\"https:\/\/www.europesays.com\/pt\/wp-content\/uploads\/2026\/09\/Boletim-das-Arboviroses-01-09-2026-556x680.jpg\" alt=\"\" width=\"556\" height=\"680\"  \/><\/a><\/p>\n","protected":false},"excerpt":{"rendered":"A Secretaria Municipal de Sa\u00fade (SMS), por meio da Coordena\u00e7\u00e3o de Vigil\u00e2ncia Epidemiol\u00f3gica, divulgou o boletim de monitoramento&hellip;\n","protected":false},"author":2,"featured_media":508420,"comment_status":"","ping_status":"","sticky":false,"template":"","format":"standard","meta":{"footnotes":"","_share_on_mastodon":"0"},"categories":[86],"tags":[116,32,33,117],"class_list":["post-508419","post","type-post","status-publish","format-standard","has-post-thumbnail","category-saude","tag-health","tag-portugal","tag-pt","tag-saude"],"share_on_mastodon":{"url":"https:\/\/pubeurope.com\/@pt\/117199079507452608","error":""},"_links":{"self":[{"href":"https:\/\/www.europesays.com\/pt\/wp-json\/wp\/v2\/posts\/508419","targetHints":{"allow":["GET"]}}],"collection":[{"href":"https:\/\/www.europesays.com\/pt\/wp-json\/wp\/v2\/posts"}],"about":[{"href":"https:\/\/www.europesays.com\/pt\/wp-json\/wp\/v2\/types\/post"}],"author":[{"embeddable":true,"href":"https:\/\/www.europesays.com\/pt\/wp-json\/wp\/v2\/users\/2"}],"replies":[{"embeddable":true,"href":"https:\/\/www.europesays.com\/pt\/wp-json\/wp\/v2\/comments?post=508419"}],"version-history":[{"count":0,"href":"https:\/\/www.europesays.com\/pt\/wp-json\/wp\/v2\/posts\/508419\/revisions"}],"wp:featuredmedia":[{"embeddable":true,"href":"https:\/\/www.europesays.com\/pt\/wp-json\/wp\/v2\/media\/508420"}],"wp:attachment":[{"href":"https:\/\/www.europesays.com\/pt\/wp-json\/wp\/v2\/media?parent=508419"}],"wp:term":[{"taxonomy":"category","embeddable":true,"href":"https:\/\/www.europesays.com\/pt\/wp-json\/wp\/v2\/categories?post=508419"},{"taxonomy":"post_tag","embeddable":true,"href":"https:\/\/www.europesays.com\/pt\/wp-json\/wp\/v2\/tags?post=508419"}],"curies":[{"name":"wp","href":"https:\/\/api.w.org\/{rel}","templated":true}]}}