{"id":508445,"date":"2026-09-02T03:08:25","date_gmt":"2026-09-02T03:08:25","guid":{"rendered":"https:\/\/www.europesays.com\/pt\/508445\/"},"modified":"2026-09-02T03:08:25","modified_gmt":"2026-09-02T03:08:25","slug":"vacina-contra-herpes-zoster-passara-a-ser-oferecida-pelo-sus-radio-senado","status":"publish","type":"post","link":"https:\/\/www.europesays.com\/pt\/508445\/","title":{"rendered":"Vacina contra herpes-z\u00f3ster passar\u00e1 a ser oferecida pelo SUS \u2014 R\u00e1dio Senado"},"content":{"rendered":"<p>Sa\u00fade p\u00fablica<\/p>\n<p style=\"text-align: justify; white-space: pre-wrap;\">A vacina contra o herpes-z\u00f3ster vai ser aplicada gratuitamente no SUS em pessoas com mais de 50 anos, conforme projeto (<a href=\"https:\/\/www25.senado.leg.br\/web\/atividade\/materias\/-\/materia\/170295\" rel=\"noopener nofollow\" target=\"_blank\">PL 4.426\/2025<\/a>) aprovado nesta ter\u00e7a-feira (1) pela Comiss\u00e3o de Assuntos Sociais (CAS). A vacina\u00e7\u00e3o tamb\u00e9m ficar\u00e1 dispon\u00edvel para maiores de 18 anos com imunossupress\u00e3o ou outra condi\u00e7\u00e3o cl\u00ednica que comprometa o sistema imunol\u00f3gico. A proposta segue direto para a C\u00e2mara dos Deputados, se n\u00e3o houver pedido para an\u00e1lise no Plen\u00e1rio do Senado.<\/p>\n<p>01\/09\/2026, 14h27 &#8211; atualizado em 01\/09\/2026, 16h02<\/p>\n<p>Dura\u00e7\u00e3o de \u00e1udio: 01:16<\/p>\n<p><img decoding=\"async\" class=\"ShowAudioImage-Image\" src=\"https:\/\/www.europesays.com\/pt\/wp-content\/uploads\/2026\/09\/eac100d1-abed-40f3-9a05-e1b7ada56ea8.jpeg\"\/><\/p>\n<p>Gray StudioPro Nurse\/Magnific.com<\/p>\n<p><b>Transcri\u00e7\u00e3o<\/b><br \/>A vacina contra o herpes-z\u00f3ster vai ser aplicada gratuitamente no SUS em pessoas com mais de 50 anos, segundo um projeto aprovado pela Comiss\u00e3o de Assuntos Sociais que segue direto para a C\u00e2mara dos Deputados, caso nenhum senador pe\u00e7a an\u00e1lise no Plen\u00e1rio. O esquema atual de vacina\u00e7\u00e3o consiste em apenas duas doses. A segunda dose \u00e9 aplicada geralmente de 2 a 6 meses ap\u00f3s a primeira.\u00a0A proposta recebeu parecer favor\u00e1vel da senadora Damares Alves, do Republicanos do Distrito Federal.<\/p>\n<p>(senadora Damares Alves) &#8211; A vacina recombinante j\u00e1 possui registro sanit\u00e1rio no Brasil e a indica\u00e7\u00e3o para adultos a partir de 50 anos para indiv\u00edduos imunocomprometidos.<\/p>\n<p>A vacina\u00e7\u00e3o tamb\u00e9m vai ficar dispon\u00edvel para maiores de 18 anos com imunossupress\u00e3o ou outra condi\u00e7\u00e3o cl\u00ednica que comprometa o sistema imunol\u00f3gico. O herpes-z\u00f3ster provoca les\u00f5es na pele, dor nos nervos, ardor, coceira e febre. \u00c9 causado pelo mesmo v\u00edrus da catapora, que pode ficar adormecido durante toda a vida e ser reativado em adultos ou em pessoas com o sistema imunol\u00f3gico comprometido, como no caso de doen\u00e7as cr\u00f4nicas, c\u00e2ncer ou transplante. Da R\u00e1dio Senado, Marcio Maturana.<\/p>\n","protected":false},"excerpt":{"rendered":"Sa\u00fade p\u00fablica A vacina contra o herpes-z\u00f3ster vai ser aplicada gratuitamente no SUS em pessoas com mais de&hellip;\n","protected":false},"author":2,"featured_media":508446,"comment_status":"","ping_status":"","sticky":false,"template":"","format":"standard","meta":{"footnotes":"","_share_on_mastodon":"0"},"categories":[86],"tags":[116,32,33,117],"class_list":["post-508445","post","type-post","status-publish","format-standard","has-post-thumbnail","category-saude","tag-health","tag-portugal","tag-pt","tag-saude"],"share_on_mastodon":{"url":"https:\/\/pubeurope.com\/@pt\/117199248841241610","error":""},"_links":{"self":[{"href":"https:\/\/www.europesays.com\/pt\/wp-json\/wp\/v2\/posts\/508445","targetHints":{"allow":["GET"]}}],"collection":[{"href":"https:\/\/www.europesays.com\/pt\/wp-json\/wp\/v2\/posts"}],"about":[{"href":"https:\/\/www.europesays.com\/pt\/wp-json\/wp\/v2\/types\/post"}],"author":[{"embeddable":true,"href":"https:\/\/www.europesays.com\/pt\/wp-json\/wp\/v2\/users\/2"}],"replies":[{"embeddable":true,"href":"https:\/\/www.europesays.com\/pt\/wp-json\/wp\/v2\/comments?post=508445"}],"version-history":[{"count":0,"href":"https:\/\/www.europesays.com\/pt\/wp-json\/wp\/v2\/posts\/508445\/revisions"}],"wp:featuredmedia":[{"embeddable":true,"href":"https:\/\/www.europesays.com\/pt\/wp-json\/wp\/v2\/media\/508446"}],"wp:attachment":[{"href":"https:\/\/www.europesays.com\/pt\/wp-json\/wp\/v2\/media?parent=508445"}],"wp:term":[{"taxonomy":"category","embeddable":true,"href":"https:\/\/www.europesays.com\/pt\/wp-json\/wp\/v2\/categories?post=508445"},{"taxonomy":"post_tag","embeddable":true,"href":"https:\/\/www.europesays.com\/pt\/wp-json\/wp\/v2\/tags?post=508445"}],"curies":[{"name":"wp","href":"https:\/\/api.w.org\/{rel}","templated":true}]}}