{"id":508451,"date":"2026-09-02T03:13:18","date_gmt":"2026-09-02T03:13:18","guid":{"rendered":"https:\/\/www.europesays.com\/pt\/508451\/"},"modified":"2026-09-02T03:13:18","modified_gmt":"2026-09-02T03:13:18","slug":"ue-suspende-importacao-de-carnes-do-brasil-a-partir-de-quinta-feira-por-falhas-em-seguranca-alimentar","status":"publish","type":"post","link":"https:\/\/www.europesays.com\/pt\/508451\/","title":{"rendered":"UE suspende importa\u00e7\u00e3o de carnes do Brasil a partir de quinta-feira por falhas em seguran\u00e7a alimentar"},"content":{"rendered":"<p>O eurodeputado irland\u00eas Ciaran Mullooly afirmou esta ter\u00e7a-feira que a Uni\u00e3o Europeia vai bloquear a importa\u00e7\u00e3o de carnes brasileiras a partir de quinta-feira, apesar dos apelos de Bras\u00edlia para reverter ou prorrogar a medida.<\/p>\n<p>A proibi\u00e7\u00e3o da carne de bovino do Brasil foi confirmada pelo gabinete do Comiss\u00e1rio Europeu para a Sa\u00fade e o Bem-Estar Animal, Oliver Varhelyi, segundo descreveu Mullooly\u00a0nas redes sociais e tamb\u00e9m \u00e0 imprensa irlandesa.<\/p>\n<p>\u201c\u00c9 oficial: a carne bovina brasileira sai do menu a partir de quinta-feira, 03 de setembro, na Irlanda e na Europa. A Comiss\u00e3o Europeia confirmou-me que quest\u00f5es de seguran\u00e7a alimentar n\u00e3o foram resolvidas\u201d, escreveu na rede social X.<\/p>\n<p>Mullooly\u00a0citou ainda aves, ovos, mel e tripas e pescados de origem brasileira.<\/p>\n<p>Em maio, a UE retirou o Brasil da lista de pa\u00edses autorizados a exportar produtos de origem animal destinados ao consumo humano e informou que a decis\u00e3o entraria em vigor em 03 de setembro deste ano.<\/p>\n<p>A Comiss\u00e3o Europeia justificou a exclus\u00e3o por considerar que o Brasil n\u00e3o cumpre as exig\u00eancias relacionadas com o uso de antimicrobianos durante todo o ciclo de vida dos animais destinados \u00e0 exporta\u00e7\u00e3o.<\/p>\n<p>Nos \u00faltimos dias, a Lusa contactou o Minist\u00e9rio de Agricultura e Pecu\u00e1ria brasileiro para uma rea\u00e7\u00e3o, diante da proximidade do prazo determinada pela UE, mas at\u00e9 ao momento n\u00e3o obteve resposta.<\/p>\n<p>Em julho, documentos oficiais revelados em exclusivo pela Lusa mostraram que o Governo brasileiro atribuiu parte da responsabilidade pela exclus\u00e3o do Brasil da lista europeia ao setor privado.<\/p>\n<p>Em resposta ao Congresso Nacional, a pasta afirmou que a adapta\u00e7\u00e3o \u00e0s novas exig\u00eancias sanit\u00e1rias dependia &#8220;em grande medida&#8221; das empresas brasileiras.<\/p>\n<p>O documento cita que, ao longo de tr\u00eas anos, o Governo brasileiro enviou diversos of\u00edcios, promoveu reuni\u00f5es t\u00e9cnicas e pediu repetidamente que as entidades do setor apresentassem propostas capazes de atender \u00e0s exig\u00eancias estabelecidas pela UE.<\/p>\n<p>Os documentos consultados pela Lusa revelam ainda que a autoridade europeia criticou a &#8220;recorrente falta de informa\u00e7\u00f5es completas&#8221; enviadas pelo Governo brasileiro entre 2023 e 2026.<\/p>\n","protected":false},"excerpt":{"rendered":"O eurodeputado irland\u00eas Ciaran Mullooly afirmou esta ter\u00e7a-feira que a Uni\u00e3o Europeia vai bloquear a importa\u00e7\u00e3o de carnes&hellip;\n","protected":false},"author":2,"featured_media":508452,"comment_status":"","ping_status":"","sticky":false,"template":"","format":"standard","meta":{"footnotes":"","_share_on_mastodon":"0"},"categories":[50],"tags":[34750,726,27,28,81316,81265,1834,81447,8376,15,16,14,2871,25,26,81448,21,22,57472,62,12,13,19,20,81266,23,24,81446,9497,78783,17,18,29,30,31,636,63,64,65],"class_list":["post-508451","post","type-post","status-publish","format-standard","has-post-thumbnail","category-mundo","tag-antimicrobianos","tag-brasil","tag-breaking-news","tag-breakingnews","tag-carne-bovina","tag-ciaran-mullooly","tag-comissao-europeia","tag-exigencias-sanitarias","tag-exportacoes","tag-featured-news","tag-featurednews","tag-headlines","tag-importacoes","tag-latest-news","tag-latestnews","tag-lista-europeia","tag-main-news","tag-mainnews","tag-ministerio-da-agricultura","tag-mundo","tag-news","tag-noticias","tag-noticias-principais","tag-noticiasprincipais","tag-oliver-varhelyi","tag-principais-noticias","tag-principaisnoticias","tag-produtos-animais","tag-seguranca-alimentar","tag-setor-privado","tag-top-stories","tag-topstories","tag-ultimas","tag-ultimas-noticias","tag-ultimasnoticias","tag-uniao-europeia","tag-world","tag-world-news","tag-worldnews"],"share_on_mastodon":{"url":"","error":"Validation failed: Text character limit of 500 exceeded"},"_links":{"self":[{"href":"https:\/\/www.europesays.com\/pt\/wp-json\/wp\/v2\/posts\/508451","targetHints":{"allow":["GET"]}}],"collection":[{"href":"https:\/\/www.europesays.com\/pt\/wp-json\/wp\/v2\/posts"}],"about":[{"href":"https:\/\/www.europesays.com\/pt\/wp-json\/wp\/v2\/types\/post"}],"author":[{"embeddable":true,"href":"https:\/\/www.europesays.com\/pt\/wp-json\/wp\/v2\/users\/2"}],"replies":[{"embeddable":true,"href":"https:\/\/www.europesays.com\/pt\/wp-json\/wp\/v2\/comments?post=508451"}],"version-history":[{"count":0,"href":"https:\/\/www.europesays.com\/pt\/wp-json\/wp\/v2\/posts\/508451\/revisions"}],"wp:featuredmedia":[{"embeddable":true,"href":"https:\/\/www.europesays.com\/pt\/wp-json\/wp\/v2\/media\/508452"}],"wp:attachment":[{"href":"https:\/\/www.europesays.com\/pt\/wp-json\/wp\/v2\/media?parent=508451"}],"wp:term":[{"taxonomy":"category","embeddable":true,"href":"https:\/\/www.europesays.com\/pt\/wp-json\/wp\/v2\/categories?post=508451"},{"taxonomy":"post_tag","embeddable":true,"href":"https:\/\/www.europesays.com\/pt\/wp-json\/wp\/v2\/tags?post=508451"}],"curies":[{"name":"wp","href":"https:\/\/api.w.org\/{rel}","templated":true}]}}