{"id":508461,"date":"2026-09-02T03:25:31","date_gmt":"2026-09-02T03:25:31","guid":{"rendered":"https:\/\/www.europesays.com\/pt\/508461\/"},"modified":"2026-09-02T03:25:31","modified_gmt":"2026-09-02T03:25:31","slug":"como-cuidar-da-endometriose-doenca-que-acomete-1-em-cada-10-mulheres-brasileiras-tem-demora-no-diagnostico-e-diferentes-tratamentos-gazetasp-com-br","status":"publish","type":"post","link":"https:\/\/www.europesays.com\/pt\/508461\/","title":{"rendered":"Como cuidar da endometriose: doen\u00e7a que acomete 1 em cada 10 mulheres brasileiras tem demora no diagn\u00f3stico e diferentes tratamentos &#8211; gazetasp.com.br"},"content":{"rendered":"<ol>\n<li><a href=\"https:\/\/news.google.com\/rss\/articles\/CBMi_wFBVV95cUxOaVFtdlI2WHhjSUxhNzQybHVfeEhkNWhyTGdOdGNzSHFlRkEtVnRicXF6ZjhoM29sdHA4MERlRkJFUUM1MG5NcDdsczlEUWRGODdqeGlrVGlhQkhTVms3aDAwcm9ZTHp4ZFV6cHctaU5XRVpNaTRiYXktU0t3T3pUZ2NJbXVHbW9nYzBzNkNSeXBHTGtWWjRiU3JNb25CVlBkMXZHQlM5TFNjVktIa2JZLWRGa3l2RXh5SjE4SVY4YkdtZjNMNVBuc1dFSnlLUnFNQTBBSHpYcVhZWXAtU3NxVThfblQweXFpX3ZfcWRjNXNnMWFnRGNNdmxzQ1JhckU?oc=5\" target=\"_blank\" rel=\"nofollow noopener\">Como cuidar da endometriose: doen\u00e7a que acomete 1 em cada 10 mulheres brasileiras tem demora no diagn\u00f3stico e diferentes tratamentos<\/a>&nbsp;&nbsp;gazetasp.com.br<\/li>\n<li><a href=\"https:\/\/news.google.com\/rss\/articles\/CBMivwFBVV95cUxQS1hVOF92eGd2bTNDaTR3c1FSTW9oWjJOTDdfSVRBVkU4T2xHT05FaGY1b1JuZWctdmt0TVlDMEJfbVpMU2ZrT1pWbmFjSUFTeTg2Y2p0NmQwUS02bzY4U1lJd1lFMWp0OW80b0IybTlvU1hnbVhmN1R6VFc5U18xeUlONU4tbS1TUjZXeG9Tb2pSX2t1d2xzOEdMemF1bkRhUFR1ZU9GV0ZFUDAyNVV3bnBXS2dMZjNrcmJ3NGgxaw?oc=5\" target=\"_blank\" rel=\"nofollow noopener\">Ginecologista cita sintomas que indicam que voc\u00ea pode ter endometriose<\/a>&nbsp;&nbsp;Metr\u00f3poles<\/li>\n<li><a href=\"https:\/\/news.google.com\/rss\/articles\/CBMi4AFBVV95cUxPQTVKbjFOb3BuMVRwRkNDZVVFWlpCZjI3NWJfd3N6bmVWUkR5dXRSZ2lOdkNRX2FWX3pzb01Bd21qeEhBNmQzUFZxSnFDa2ZaWGFNUzVMeWx0TzAtVkR5R291X0VwV2RUUWNyYkxmeXZwVnFCank2NllXMHQ1UHFLdnM1UGFZNGl6VGhmeWZNLXg4Nk4tWEFFN200QUlIOGhTeWQzemxpelJ4OE82YjBsbGxFRWZLY2JzNDAxaTNRZDBxNEMyLVhZV2F1R2RoV09UTWdhMEZ0MEVKSmFKQ21RRQ?oc=5\" target=\"_blank\" rel=\"nofollow noopener\">Teoria do Polvo: modelo criado por m\u00e9dico brasileiro ajuda a explicar as dores da endometriose<\/a>&nbsp;&nbsp;otempo.com.br<\/li>\n<li><a href=\"https:\/\/news.google.com\/rss\/articles\/CBMi3wFBVV95cUxQLUxaSFFpbE5TbGhkalF1Wi15dmJ5Z2gtVzg3UHhIV0dGck8tT1prcjlTUFZGT1pWQ3EwVWRZcUEwXzlQUUlsWkNpSGFhUjVxdTBPUGZvZjI2ekNuUVNWaExLWkNxa3daSWZfZDR5UW5LVFVhUG9xaE9sdWJHdDdfTHhsUk52Qkk4NmxaSXNjNXhzdDVjb1hoaGxYMnNwTmEydl9hUlhmdEtnWjVSUUUzamxZbUVOckw5eElnQ0NHWmJDWnc4QUNFTDAwa0FCWjFVaDIwRVhoSk5pTWVEUHdN?oc=5\" target=\"_blank\" rel=\"nofollow noopener\">M\u00e9dico brasileiro lan\u00e7a livro sobre endometriose e destina renda da obra \u00e0 pesquisa em sa\u00fade feminina<\/a>&nbsp;&nbsp;Gazeta da Semana<\/li>\n<li><a href=\"https:\/\/news.google.com\/rss\/articles\/CBMiuwFBVV95cUxPamRIQVl3UXNpeDh1cUs0WW84TXFCRUZVbE9lQk1mN181MGxSdHJsY0g0bWhVdkk3RUxuaVFQTm5tcHA4SnA4RFJkTGJneHhaanVYTDJDWDRLTWFJWTN2RFlHSGZqR25xODVrcTdnaUpMSE10bC12UVFZa0JRd2F4ZUxoSWY5ZlFZQXVmOVFMdjV3ZG1zZUlDQ0V1X1RzRHhUeUd4SHU5dnppVlZSQWhVbkNhVlJMQnN0LTQ0?oc=5\" target=\"_blank\" rel=\"nofollow noopener\">Endometriose ap\u00f3s os 40: m\u00e9dico explica por que o diagn\u00f3stico costuma demorar<\/a>&nbsp;&nbsp;Bons Fluidos<\/li>\n<\/ol>\n","protected":false},"excerpt":{"rendered":"Como cuidar da endometriose: doen\u00e7a que acomete 1 em cada 10 mulheres brasileiras tem demora no diagn\u00f3stico e&hellip;\n","protected":false},"author":2,"featured_media":508462,"comment_status":"","ping_status":"","sticky":false,"template":"","format":"standard","meta":{"footnotes":"","_share_on_mastodon":"0"},"categories":[86],"tags":[116,32,33,117],"class_list":["post-508461","post","type-post","status-publish","format-standard","has-post-thumbnail","category-saude","tag-health","tag-portugal","tag-pt","tag-saude"],"share_on_mastodon":{"url":"https:\/\/pubeurope.com\/@pt\/117199315100540879","error":""},"_links":{"self":[{"href":"https:\/\/www.europesays.com\/pt\/wp-json\/wp\/v2\/posts\/508461","targetHints":{"allow":["GET"]}}],"collection":[{"href":"https:\/\/www.europesays.com\/pt\/wp-json\/wp\/v2\/posts"}],"about":[{"href":"https:\/\/www.europesays.com\/pt\/wp-json\/wp\/v2\/types\/post"}],"author":[{"embeddable":true,"href":"https:\/\/www.europesays.com\/pt\/wp-json\/wp\/v2\/users\/2"}],"replies":[{"embeddable":true,"href":"https:\/\/www.europesays.com\/pt\/wp-json\/wp\/v2\/comments?post=508461"}],"version-history":[{"count":0,"href":"https:\/\/www.europesays.com\/pt\/wp-json\/wp\/v2\/posts\/508461\/revisions"}],"wp:featuredmedia":[{"embeddable":true,"href":"https:\/\/www.europesays.com\/pt\/wp-json\/wp\/v2\/media\/508462"}],"wp:attachment":[{"href":"https:\/\/www.europesays.com\/pt\/wp-json\/wp\/v2\/media?parent=508461"}],"wp:term":[{"taxonomy":"category","embeddable":true,"href":"https:\/\/www.europesays.com\/pt\/wp-json\/wp\/v2\/categories?post=508461"},{"taxonomy":"post_tag","embeddable":true,"href":"https:\/\/www.europesays.com\/pt\/wp-json\/wp\/v2\/tags?post=508461"}],"curies":[{"name":"wp","href":"https:\/\/api.w.org\/{rel}","templated":true}]}}