{"id":508471,"date":"2026-09-02T03:40:14","date_gmt":"2026-09-02T03:40:14","guid":{"rendered":"https:\/\/www.europesays.com\/pt\/508471\/"},"modified":"2026-09-02T03:40:14","modified_gmt":"2026-09-02T03:40:14","slug":"dieta-saudavel-amplia-efeito-de-canetas-emagrecedoras","status":"publish","type":"post","link":"https:\/\/www.europesays.com\/pt\/508471\/","title":{"rendered":"Dieta saud\u00e1vel amplia efeito de canetas emagrecedoras"},"content":{"rendered":"<p>\n                        Especialistas refor\u00e7am que Alimenta\u00e7\u00e3o com hortali\u00e7as e frutas potencializa efeitos de canetas emagrecedoras\n                    <\/p>\n<ul class=\"article__header__author bg-color-secondary-vidaeestilo is-partner\">\n<li class=\"article__header__author__item\">\n                                                Por:<br \/>\n                                                                                    Sofia Tavares \/ Licenciado de Revista Malu\n                                                                        <\/li>\n<\/ul>\n<p>\n                        <b style=\"margin-bottom: 8px; display: inline-block;\">Resumo<\/b><br \/>O sucesso e a durabilidade do tratamento com canetas emagrecedoras dependem diretamente de uma alimenta\u00e7\u00e3o equilibrada e rica em nutrientes, alertam especialistas. Sem o planejamento nutricional adequado e o consumo di\u00e1rio de frutas e hortali\u00e7as frescas, o paciente corre riscos de perda de massa muscular, defici\u00eancias nutricionais e reganho de peso. Para resultados eficazes, o uso dos medicamentos deve ser integrado a h\u00e1bitos saud\u00e1veis, como boa hidrata\u00e7\u00e3o e pr\u00e1tica de atividades f\u00edsicas.\n                    <\/p>\n<p>                Nutricionista destaca que o desempenho do tratamento est\u00e1 diretamente ligado \u00e0 qualidade da dieta e ao planejamento nutricional<\/p>\n<p class=\"text\">O uso das chamadas canetas emagrecedoras tem se popularizado como alternativa no tratamento da obesidade e do sobrepeso. Indicados sob prescri\u00e7\u00e3o m\u00e9dica, esses medicamentos atuam na redu\u00e7\u00e3o do apetite, no aumento da saciedade e no retardo do esvaziamento g\u00e1strico.<\/p>\n<p><img decoding=\"async\" alt=\"\" class=\"img-b6996013caead5eafd709c71283a0ad5dwjuxuqr\" fetchpriority=\"high\" height=\"443\" src=\"https:\/\/www.europesays.com\/pt\/wp-content\/uploads\/2026\/09\/1940090117-unnamed-18.jpg\"  title=\"Revista Malu\" width=\"664\"\/><\/p>\n<p>\nFoto: Revista Malu\n<\/p>\n<p class=\"text\">No entanto, especialistas alertam que o sucesso do emagrecimento saud\u00e1vel est\u00e1 diretamente ligado \u00e0 qualidade da alimenta\u00e7\u00e3o. Por isso, torna-se importante visar o consumo adequado de todos os grupos de alimentos, como prote\u00ednas, carboidratos, hortali\u00e7as e frutas.<\/p>\n<p>Canetas emagrecedoras n\u00e3o trabalham sozinhas<\/p>\n<p class=\"text\">Segundo a nutricionista Luciana Valente de Oliveira, especialista em emagrecimento, Nutri\u00e7\u00e3o Cl\u00ednica Funcional e Fitoterapia Funcional, a medica\u00e7\u00e3o, por si s\u00f3, n\u00e3o garante resultados eficientes e duradouros. &#8220;Sem uma alimenta\u00e7\u00e3o equilibrada, o paciente pode apresentar defici\u00eancias nutricionais, perda muscular e at\u00e9 mesmo o reganho de peso. Por isso, o acompanhamento de um profissional qualificado torna-se imprescind\u00edvel&#8221;, afirma.<\/p>\n<p class=\"text\">Nesse contexto, as hortali\u00e7as e frutas desempenham papel fundamental, j\u00e1 que promovem saciedade, fornecem fibras e vitaminas e ajudam no controle glic\u00eamico. &#8220;As fibras presentes nesses alimentos tamb\u00e9m podem auxiliar no funcionamento intestinal&#8221;, explica Luciana.<\/p>\n<p class=\"text\">A recomenda\u00e7\u00e3o da nutricionista \u00e9 que metade do prato seja composta por hortali\u00e7as. Ainda, que o consumo de frutas varie entre duas e tr\u00eas por\u00e7\u00f5es di\u00e1rias. Al\u00e9m disso, ela destaca a import\u00e2ncia de optar por produtos de boa qualidade e origem segura. &#8220;A prefer\u00eancia por alimentos frescos, da esta\u00e7\u00e3o, com boa apar\u00eancia e proced\u00eancia confi\u00e1vel garante maior aporte nutricional e contribui para uma dieta equilibrada&#8221;, orienta.<\/p>\n<p class=\"text\">Sobre o consumo apropriado de hortali\u00e7as e frutas, um dos desafios enfrentados por pacientes em tratamento \u00e9 a redu\u00e7\u00e3o do apetite, efeito comum das canetas emagrecedoras. Nesses casos, estrat\u00e9gias simples podem ajudar. &#8220;Prepara\u00e7\u00f5es como sopas, pur\u00eas, smoothies e pequenas por\u00e7\u00f5es ao longo do dia s\u00e3o alternativas para manter a ingest\u00e3o de nutrientes mesmo com menos fome&#8221;, sugere a profissional.<\/p>\n<p>O que n\u00e3o fazer<\/p>\n<p class=\"text\">Por outro lado, deve-se evitar h\u00e1bitos como pular refei\u00e7\u00f5es e consumir alimentos ultraprocessados. &#8220;O tratamento eficaz envolve um conjunto de fatores, incluindo ingest\u00e3o adequada de prote\u00ednas, fibras, gorduras boas, al\u00e9m de variedade alimentar, hidrata\u00e7\u00e3o, sono e pr\u00e1tica de atividade f\u00edsica&#8221;, refor\u00e7a Luciana Valente.<\/p>\n<p class=\"text\">A busca pela qualidade das hortali\u00e7as e frutas come\u00e7a muito antes de chegar ao prato do consumidor. Desde a escolha das sementes at\u00e9 o manejo no campo, cada etapa do processo produtivo influencia diretamente o valor nutricional, o sabor e a durabilidade dos alimentos.<\/p>\n<p class=\"text\">Assim, o uso das canetas emagrecedoras deve ser encarado como parte de uma abordagem integrada. A alimenta\u00e7\u00e3o saud\u00e1vel \u00e9 pe\u00e7a-chave para obter resultados consistentes e sustent\u00e1veis.<\/p>\n<p>Do campo \u00e0 mesa<\/p>\n<p class=\"text\">Esse cuidado ao longo da cadeia visa garantir produtos mais frescos e nutritivos, contribuindo para uma alimenta\u00e7\u00e3o equilibrada e potencializando os resultados de estrat\u00e9gias de sa\u00fade, como o uso das canetas emagrecedoras, por exemplo.<\/p>\n<p class=\"text\">De acordo com o especialista em desenvolvimento de sementes da Agristar do Brasil, Roberto Ara\u00fajo, as hortali\u00e7as e frutas que chegam diariamente aos centros urbanos resultam de um trabalho intenso de desenvolvimento. Tudo pensado para garantir produtividade no campo e qualidade ao consumidor final.<\/p>\n<p class=\"text\">&#8220;Existe uma busca por produtos mais vers\u00e1teis, com boa durabilidade, sabor e qualidade nutricional. Isso orienta diretamente o desenvolvimento das novas cultivares&#8221;, destaca o especialista da Agristar.<\/p>\n","protected":false},"excerpt":{"rendered":"Especialistas refor\u00e7am que Alimenta\u00e7\u00e3o com hortali\u00e7as e frutas potencializa efeitos de canetas emagrecedoras Por: Sofia Tavares \/ Licenciado&hellip;\n","protected":false},"author":2,"featured_media":508472,"comment_status":"","ping_status":"","sticky":false,"template":"","format":"standard","meta":{"footnotes":"","_share_on_mastodon":"0"},"categories":[86],"tags":[116,32,33,117],"class_list":["post-508471","post","type-post","status-publish","format-standard","has-post-thumbnail","category-saude","tag-health","tag-portugal","tag-pt","tag-saude"],"share_on_mastodon":{"url":"https:\/\/pubeurope.com\/@pt\/117199374359276990","error":""},"_links":{"self":[{"href":"https:\/\/www.europesays.com\/pt\/wp-json\/wp\/v2\/posts\/508471","targetHints":{"allow":["GET"]}}],"collection":[{"href":"https:\/\/www.europesays.com\/pt\/wp-json\/wp\/v2\/posts"}],"about":[{"href":"https:\/\/www.europesays.com\/pt\/wp-json\/wp\/v2\/types\/post"}],"author":[{"embeddable":true,"href":"https:\/\/www.europesays.com\/pt\/wp-json\/wp\/v2\/users\/2"}],"replies":[{"embeddable":true,"href":"https:\/\/www.europesays.com\/pt\/wp-json\/wp\/v2\/comments?post=508471"}],"version-history":[{"count":0,"href":"https:\/\/www.europesays.com\/pt\/wp-json\/wp\/v2\/posts\/508471\/revisions"}],"wp:featuredmedia":[{"embeddable":true,"href":"https:\/\/www.europesays.com\/pt\/wp-json\/wp\/v2\/media\/508472"}],"wp:attachment":[{"href":"https:\/\/www.europesays.com\/pt\/wp-json\/wp\/v2\/media?parent=508471"}],"wp:term":[{"taxonomy":"category","embeddable":true,"href":"https:\/\/www.europesays.com\/pt\/wp-json\/wp\/v2\/categories?post=508471"},{"taxonomy":"post_tag","embeddable":true,"href":"https:\/\/www.europesays.com\/pt\/wp-json\/wp\/v2\/tags?post=508471"}],"curies":[{"name":"wp","href":"https:\/\/api.w.org\/{rel}","templated":true}]}}