{"id":508481,"date":"2026-09-02T03:57:13","date_gmt":"2026-09-02T03:57:13","guid":{"rendered":"https:\/\/www.europesays.com\/pt\/508481\/"},"modified":"2026-09-02T03:57:13","modified_gmt":"2026-09-02T03:57:13","slug":"toma-metformina-ha-anos-este-nutriente-merece-atencao-continua-segundo-nova-diretriz","status":"publish","type":"post","link":"https:\/\/www.europesays.com\/pt\/508481\/","title":{"rendered":"Toma metformina h\u00e1 anos? Este nutriente merece aten\u00e7\u00e3o cont\u00ednua, segundo nova diretriz"},"content":{"rendered":"<p>00:00<\/p>\n<p>\t\t\t\t\t\t\t<img loading=\"lazy\" decoding=\"async\" src=\"https:\/\/revistaforum.com.br\/wp-content\/plugins\/oknaudio\/application\/assets\/img\/iconSun.svg\" alt=\"Modo claro\" width=\"24\" height=\"24\"\/><\/p>\n<p>\t\t\t\t\t\t\t<img loading=\"lazy\" decoding=\"async\" src=\"https:\/\/revistaforum.com.br\/wp-content\/plugins\/oknaudio\/application\/assets\/img\/iconMoon.svg\" alt=\"Modo escuro\" width=\"24\" height=\"24\"\/><\/p>\n<p>\n\t\t\t\t\t\t\tA+<br \/>\n\t\t\t\t\t\t\tA-\n\t\t\t\t\t\t<\/p>\n<p>\t\t\t\t\t\t\t\tLer o resumo da not\u00edcia<\/p>\n<ul>&#13;<\/p>\n<li>A American Diabetes Association (ADA) recomenda avalia\u00e7\u00e3o peri\u00f3dica da vitamina B12 em pacientes que utilizam metformina.<\/li>\n<p>&#13;<\/p>\n<li>A vigil\u00e2ncia \u00e9 indicada especialmente para quem faz uso prolongado, em doses altas ou apresenta anemia e neuropatia perif\u00e9rica.<\/li>\n<p>&#13;<\/p>\n<li>Defici\u00eancia de B12 pode causar cansa\u00e7o, fraqueza, formigamento e agravar sintomas semelhantes \u00e0 neuropatia diab\u00e9tica.<\/li>\n<p>&#13;<\/p>\n<li>A orienta\u00e7\u00e3o \u00e9 manter a metformina, monitorar os n\u00edveis de B12 e suplementar a vitamina quando necess\u00e1rio; fontes alimentares incluem carnes, peixes, ovos e latic\u00ednios.<\/li>\n<p>&#13;\n<\/ul>\n<p>A metformina \u00e9 um dos medicamentos mais comuns e usados no tratamento do diabetes tipo 2 e continua sendo uma importante op\u00e7\u00e3o para o controle da doen\u00e7a. Mas quem toma o rem\u00e9dio h\u00e1 v\u00e1rios anos deve fazer devido acompanhamento endocrinol\u00f3gico e ficar <strong>atento aos n\u00edveis de vitamina B12<\/strong>, tamb\u00e9m chamada de cobalamina.<\/p>\n<p>A associa\u00e7\u00e3o entre o uso prolongado da metformina e a defici\u00eancia do nutriente n\u00e3o \u00e9 nova. O que ganha destaque, agora, \u00e9 que a Sociedade Brasileira de Diabetes (SBD) <strong>orienta que a vitamina seja dosada anualmente ap\u00f3s quatro anos do in\u00edcio do tratamento com metformina<\/strong>.<\/p>\n<p>H\u00e1 um fator importante na intera\u00e7\u00e3o do medicamento. Como explica a SBD em artigo: \u201cinteressante notar que um dos mecanismos propostos para a defici\u00eancia de B12 secund\u00e1ria ao uso do rem\u00e9dio \u00e9 a redu\u00e7\u00e3o da absor\u00e7\u00e3o, pois a <strong>metformina bloqueia a absor\u00e7\u00e3o intestinal mediada ao c\u00e1lcio desta vitamina<\/strong>\u201c.<\/p>\n<p>J\u00e1 a American Diabetes Association (ADA) recomenda considerar a avalia\u00e7\u00e3o peri\u00f3dica da B12 em pessoas que usam metformina especialmente quando h\u00e1 doses mais altas, tratamento prolongado ou fatores que possam indicar defici\u00eancia, como anemia e neuropatia perif\u00e9rica.<\/p>\n<p>Por que a B12 importa?<\/p>\n<p>Ela \u00e9 necess\u00e1ria para a forma\u00e7\u00e3o das c\u00e9lulas do sangue e para o funcionamento adequado do sistema nervoso. Quando seus n\u00edveis ficam baixos, podem surgir cansa\u00e7o, fraqueza, formigamento e dorm\u00eancia.<\/p>\n<p>No caso de quem tem diabetes, a aten\u00e7\u00e3o \u00e9 ainda maior porque <strong>a defici\u00eancia da vitamina pode contribuir para problemas neurol\u00f3gicos semelhantes aos provocados pela neuropatia diab\u00e9tica<\/strong>.<\/p>\n<p>O risco tende a aumentar conforme o tempo de tratamento e a falta da realiza\u00e7\u00e3o dos exames de rotina. Por isso, <strong>a recomenda\u00e7\u00e3o n\u00e3o \u00e9 interromper a metformina<\/strong>, mas acompanhar a vitamina e fazer a reposi\u00e7\u00e3o quando houver indica\u00e7\u00e3o m\u00e9dica.<\/p>\n<p>De onde vem a vitamina B12?<\/p>\n<p>O nutriente <strong>est\u00e1 naturalmente presente principalmente em carnes, peixes, ovos, leite e derivados<\/strong>. Alimentos vegetais, em geral, n\u00e3o fornecem a colabamina naturalmente, embora alguns produtos sejam fortificados com a vitamina.<\/p>\n<p>Nosso organismo tamb\u00e9m consegue armazenar B12 por bastante tempo, principalmente no f\u00edgado. Por isso, uma defici\u00eancia pode levar anos para se manifestar.<\/p>\n<p>Quando a ela \u00e9 confirmada, a alimenta\u00e7\u00e3o pode fazer parte da estrat\u00e9gia, mas nem sempre \u00e9 suficiente. Dependendo da causa e da intensidade da defici\u00eancia, <strong>o m\u00e9dico pode recomendar suplementa\u00e7\u00e3o por via oral ou, em algumas situa\u00e7\u00f5es, por inje\u00e7\u00e3o<\/strong>.<\/p>\n","protected":false},"excerpt":{"rendered":"00:00 A+ A- Ler o resumo da not\u00edcia &#13; A American Diabetes Association (ADA) recomenda avalia\u00e7\u00e3o peri\u00f3dica da&hellip;\n","protected":false},"author":2,"featured_media":508482,"comment_status":"","ping_status":"","sticky":false,"template":"","format":"standard","meta":{"footnotes":"","_share_on_mastodon":"0"},"categories":[86],"tags":[3166,1027,116,81452,32,33,117,43823],"class_list":["post-508481","post","type-post","status-publish","format-standard","has-post-thumbnail","category-saude","tag-cuidados","tag-diabetes","tag-health","tag-metformina","tag-portugal","tag-pt","tag-saude","tag-vitamina-b12"],"share_on_mastodon":{"url":"https:\/\/pubeurope.com\/@pt\/117199441665979249","error":""},"_links":{"self":[{"href":"https:\/\/www.europesays.com\/pt\/wp-json\/wp\/v2\/posts\/508481","targetHints":{"allow":["GET"]}}],"collection":[{"href":"https:\/\/www.europesays.com\/pt\/wp-json\/wp\/v2\/posts"}],"about":[{"href":"https:\/\/www.europesays.com\/pt\/wp-json\/wp\/v2\/types\/post"}],"author":[{"embeddable":true,"href":"https:\/\/www.europesays.com\/pt\/wp-json\/wp\/v2\/users\/2"}],"replies":[{"embeddable":true,"href":"https:\/\/www.europesays.com\/pt\/wp-json\/wp\/v2\/comments?post=508481"}],"version-history":[{"count":0,"href":"https:\/\/www.europesays.com\/pt\/wp-json\/wp\/v2\/posts\/508481\/revisions"}],"wp:featuredmedia":[{"embeddable":true,"href":"https:\/\/www.europesays.com\/pt\/wp-json\/wp\/v2\/media\/508482"}],"wp:attachment":[{"href":"https:\/\/www.europesays.com\/pt\/wp-json\/wp\/v2\/media?parent=508481"}],"wp:term":[{"taxonomy":"category","embeddable":true,"href":"https:\/\/www.europesays.com\/pt\/wp-json\/wp\/v2\/categories?post=508481"},{"taxonomy":"post_tag","embeddable":true,"href":"https:\/\/www.europesays.com\/pt\/wp-json\/wp\/v2\/tags?post=508481"}],"curies":[{"name":"wp","href":"https:\/\/api.w.org\/{rel}","templated":true}]}}