{"id":508507,"date":"2026-09-02T04:34:51","date_gmt":"2026-09-02T04:34:51","guid":{"rendered":"https:\/\/www.europesays.com\/pt\/508507\/"},"modified":"2026-09-02T04:34:51","modified_gmt":"2026-09-02T04:34:51","slug":"viuvo-homenageia-titina-medeiros-no-dia-em-que-completaria-50-anos-amor","status":"publish","type":"post","link":"https:\/\/www.europesays.com\/pt\/508507\/","title":{"rendered":"Vi\u00favo homenageia Titina Medeiros no dia em que completaria 50 anos: &#8220;Amor&#8221;"},"content":{"rendered":"<p>Titina Medeiros completaria 50 anos nesta ter\u00e7a-feira (1\u00ba\/9). Vi\u00favo da atriz, <a href=\"https:\/\/www.instagram.com\/cesarferrario\/\" target=\"_blank\" rel=\"noopener nofollow\">Ce\u0301sar Ferrario<\/a>, que est\u00e1 no ar como Fortunato Arag\u00e3o, em A Nobreza do Amor, <strong>usou o Instagram para lembrar a data e homenagear a amada<\/strong>.<\/p>\n<p>\u201cHoje \u00e9 o dia do anivers\u00e1rio de Titina: 01.09. Seria os seus 50 anos. Muito amor, para sempre\u201d, escreveu ele na legenda de uma foto da esposa.<\/p>\n<p>Rea\u00e7\u00e3o de f\u00e3s e amigos<\/p>\n<p><a href=\"https:\/\/www.metropoles.com\/colunas\/fabia-oliveira\/sete-meses-apos-morte-de-titina-medeiros-viuvo-desabafa-so-chove\" target=\"_blank\" rel=\"noopener nofollow\">Nos coment\u00e1rios, amigos famosos do casal celebraram:<\/a> \u201cViva Titina \u2764\ufe0f\u201d, postou Sergio Guize\u0301. \u201cViva Titina! Viva essa for\u00e7a da natureza que viver\u00e1 pra sempre em nossos cora\u00e7\u00f5es. Todo amor do mundo, Cesinha \ud83e\udd0d\ud83e\udd0d\ud83e\udd0d\ud83e\udd0d\ud83e\udd0d\ud83e\udd0d\u201d, desejou Emanuelle Araujo. \u201cEterna!!!!! \u2764\ufe0f\u2764\ufe0f\u2764\ufe0f Para sempre Titina nos nossos cora\u00e7\u00f5es \ud83d\ude0d\u201d, publicou Isadora Cruz. \u201c\ud83c\udf39\ud83d\ude0d\ud83c\udf39\ud83d\ude0d Nossa Eterna Titina\u201d, declarou Samuel de Assis.<\/p>\n<p>F\u00e3s tamb\u00e9m reagiram e enviaram mensagens: \u201cCelebremos essa mulher incr\u00edvel. Esse legado de aprendizado e generosidade. Titina todos os dias \u00e9 e ser\u00e1 lembrada. Forte abra\u00e7o, C\u00e9sar querido. J\u00e1 j\u00e1 nos reencontramos\u201d, declarou um. \u201cTi amor infinito\u2026 \u2764\ufe0f. Todos os melhores pensamentos, inten\u00e7\u00f5es para nossa amada\u201d, descreveu outra. \u201cAlegria e luz que s\u00f3 ela sabia ser! \u2764\ufe0f segue viva em nossos cora\u00e7\u00f5es, sempre\u201d, garantiu um terceiro. \u201c\u00d3 saudades. Aonde voc\u00ea estiver, linda, receba um abra\u00e7o\u201d, observou mais uma.<\/p>\n<p><a target=\"_blank\" href=\"https:\/\/whatsapp.com\/channel\/0029Va9kFgRId7nRaEwtHh1m\" class=\"flex justify-center items-center gap-3 px-3 py-2.5 bg-green-500 text-white! no-underline! font-bold rounded-full my-4\" rel=\"nofollow noopener\">Entre no canal de WhatsApp<br \/>\ndo Metr\u00f3poles<\/a><br \/>\n<img decoding=\"async\" alt=\"Vi\u00favo homenageia Titina Medeiros no dia em que completaria 50 anos: \u201cAmor\u201d - destaque galeria\" title=\"Vi\u00favo homenageia Titina Medeiros no dia em que completaria 50 anos: \u201cAmor\u201d - destaque galeria\" src=\"https:\/\/www.europesays.com\/pt\/wp-content\/uploads\/2026\/09\/titina-medeiros-luto-viuvo.jpg\" loading=\"lazy\"\/><\/p>\n<p>Fechar modal.<\/p>\n<p><img decoding=\"async\" alt=\"Metr\u00f3poles\" width=\"180\" height=\"32\" src=\"https:\/\/www.europesays.com\/pt\/wp-content\/uploads\/2026\/09\/logo-metropoles-branca.png\" loading=\"lazy\"\/><img data-splide-lazy=\"https:\/\/i.metroimg.com\/333fwPoKTaP3q5SVnRy9oSeKsTeDgoEBBHhGDBrZskk\/w:1200\/q:85\/f:webp\/plain\/https:\/\/images.metroimg.com\/2026\/08\/titina-medeiros-luto-viuvo.jpg\" alt=\"Sete meses ap\u00f3s morte de Titina Medeiros, Ce\u0301sar Ferrario. vi\u00favo da atriz, desabafa: &quot;S\u00f3 chove&quot;\" title=\"Sete meses ap\u00f3s morte de Titina Medeiros, Ce\u0301sar Ferrario. vi\u00favo da atriz, desabafa: &quot;S\u00f3 chove&quot;\"\/>1 de 17<\/p>\n<p class=\"splide__caption\">Sete meses ap\u00f3s morte de Titina Medeiros, Ce\u0301sar Ferrario. vi\u00favo da atriz, desabafa: &#8220;S\u00f3 chove&#8221;<\/p>\n<p>Instagram\/Reprodu\u00e7\u00e3o<img data-splide-lazy=\"https:\/\/i.metroimg.com\/hlaYIDz7YZRdHqV5eBfHzQugsiZPog5nTHBtxkee_TI\/w:1200\/q:85\/f:webp\/plain\/https:\/\/images.metroimg.com\/89580c6f-5.jpg\" alt=\"&quot;A dor da despedida \u00e9 profunda&quot;, desabafa C\u00e9sar Ferrario, marido de Titina Medeiros\" title=\"&quot;A dor da despedida \u00e9 profunda&quot;, desabafa C\u00e9sar Ferrario, marido de Titina Medeiros\"\/>2 de 17<\/p>\n<p class=\"splide__caption\">&#8220;A dor da despedida \u00e9 profunda&#8221;, desabafa C\u00e9sar Ferrario, marido de Titina Medeiros<\/p>\n<p>Instagram\/Reprodu\u00e7\u00e3o<img data-splide-lazy=\"https:\/\/i.metroimg.com\/UzOp7rTqyNIEfcVTWHsYiLdr4V-UWLMSvzUF0Ce5JeE\/w:1200\/q:85\/f:webp\/plain\/https:\/\/images.metroimg.com\/2a6f44bf-3.jpg\" alt=\"Titina Medeiros e C\u00e9sar Ferrario posam juntos durante passeio\" title=\"Titina Medeiros e C\u00e9sar Ferrario posam juntos durante passeio\"\/>3 de 17<\/p>\n<p class=\"splide__caption\">Titina Medeiros e C\u00e9sar Ferrario posam juntos durante passeio<\/p>\n<p>Instagram\/Reprodu\u00e7\u00e3o<img data-splide-lazy=\"https:\/\/i.metroimg.com\/t9sV1M8OQ9Y-Xv3m2ynUYBGogdDY9oLK2z4KsJ_Gmms\/w:1200\/q:85\/f:webp\/plain\/https:\/\/images.metroimg.com\/5ff3e750-2.jpg\" alt=\"Titina Medeiros e C\u00e9sar Ferrario posam em momento de chamego\" title=\"Titina Medeiros e C\u00e9sar Ferrario posam em momento de chamego\"\/>4 de 17<\/p>\n<p class=\"splide__caption\">Titina Medeiros e C\u00e9sar Ferrario posam em momento de chamego<\/p>\n<p>Instagram\/Reprodu\u00e7\u00e3o<img data-splide-lazy=\"https:\/\/i.metroimg.com\/yXZQnXB-ParAAd7emeH8whMDX0VCVgYC_LUcea5iz7U\/w:1200\/q:85\/f:webp\/plain\/https:\/\/images.metroimg.com\/837fb920-1.jpg\" alt=\"Titina Medeiros e C\u00e9sar Ferrario posam para as redes sociais\" title=\"Titina Medeiros e C\u00e9sar Ferrario posam para as redes sociais\"\/>5 de 17<\/p>\n<p class=\"splide__caption\">Titina Medeiros e C\u00e9sar Ferrario posam para as redes sociais<\/p>\n<p>Instagram\/Reprodu\u00e7\u00e3o<img data-splide-lazy=\"https:\/\/i.metroimg.com\/wHsyMPW4MhZSn8xwFYmQn8mlLAcylhW-t563Mm-hzzk\/w:1200\/q:85\/f:webp\/plain\/https:\/\/images.metroimg.com\/4c4d6dff-titina-medeiros-cesar-ferrario.jpg\" alt=\"Titina Medeiros e o marido C\u00e9sar Ferrario\" title=\"Titina Medeiros e o marido C\u00e9sar Ferrario\"\/>6 de 17<\/p>\n<p class=\"splide__caption\">Titina Medeiros e o marido C\u00e9sar Ferrario<\/p>\n<p>Reprodu\u00e7\u00e3o<img data-splide-lazy=\"https:\/\/i.metroimg.com\/gsRCpoZVWfyu7AXoPERmMsjJEKABvSuOA2atZacDDzk\/w:1200\/q:85\/f:webp\/plain\/https:\/\/images.metroimg.com\/9cfb8854-titina-medeiros.jpg\" alt=\"Titina Medeiros e o marido, C\u00e9sar Ferrario, em Cheias de Charme (2012)\" title=\"Titina Medeiros e o marido, C\u00e9sar Ferrario, em Cheias de Charme (2012)\"\/>7 de 17<\/p>\n<p class=\"splide__caption\">Titina Medeiros e o marido, C\u00e9sar Ferrario, em Cheias de Charme (2012)<\/p>\n<p>Reprodu\u00e7\u00e3o<img data-splide-lazy=\"https:\/\/i.metroimg.com\/7oc3VxZZ2ICLQ7Hog9-_VVBfBWE1uHHp4yV-F_nSAgQ\/w:1200\/q:85\/f:webp\/plain\/https:\/\/images.metroimg.com\/2026\/08\/titina-medeiros-luto-viuvo1.jpg\" alt=\"Titina Medeiros e C\u00e9sar Ferrario posam de m\u00e3os dadas\" title=\"Titina Medeiros e C\u00e9sar Ferrario posam de m\u00e3os dadas\"\/>8 de 17<\/p>\n<p class=\"splide__caption\">Titina Medeiros e C\u00e9sar Ferrario posam de m\u00e3os dadas<\/p>\n<p>Instagram\/Reprodu\u00e7\u00e3o<img data-splide-lazy=\"https:\/\/i.metroimg.com\/xYezsDjLVDqAVIA8rEUG8hjA49aQc8EdSC0fmRsF3Ss\/w:1200\/q:85\/f:webp\/plain\/https:\/\/images.metroimg.com\/2026\/08\/titina-medeiros-luto-viuvo3.jpg\" alt=\"Vi\u00favo compartilhou registro de Titina Medeiros\" title=\"Vi\u00favo compartilhou registro de Titina Medeiros\"\/>9 de 17<\/p>\n<p class=\"splide__caption\">Vi\u00favo compartilhou registro de Titina Medeiros<\/p>\n<p>Instagram\/Reprodu\u00e7\u00e3o<img data-splide-lazy=\"https:\/\/i.metroimg.com\/B4vkBwJWzrcBgppywL8iGecgrSZaunsQ32osAHx_1TE\/w:1200\/q:85\/f:webp\/plain\/https:\/\/images.metroimg.com\/2026\/08\/titina-medeiros-luto-viuvo4.jpg\" alt=\"Titina Medeiros morreu en janeiro, v\u00edtima de um c\u00e2ncer\" title=\"Titina Medeiros morreu en janeiro, v\u00edtima de um c\u00e2ncer\"\/>10 de 17<\/p>\n<p class=\"splide__caption\">Titina Medeiros morreu en janeiro, v\u00edtima de um c\u00e2ncer<\/p>\n<p>Instagram\/Reprodu\u00e7\u00e3o<img data-splide-lazy=\"https:\/\/i.metroimg.com\/3LeKns9YsqB9h4X7-SGyMRCJ5MTyJAf9BWe0uGxuoWA\/w:1200\/q:85\/f:webp\/plain\/https:\/\/images.metroimg.com\/2026\/08\/titina-medeiros-luto-viuvo2.jpg\" alt=\"Titina Medeiros posa com flores e sorridente\" title=\"Titina Medeiros posa com flores e sorridente\"\/>11 de 17<\/p>\n<p class=\"splide__caption\">Titina Medeiros posa com flores e sorridente<\/p>\n<p>Instagram\/Reprodu\u00e7\u00e3o<img data-splide-lazy=\"https:\/\/i.metroimg.com\/E6inC0mQ61S-KmEvd2YK8t3oWbYlfCABlu2mF1I-ydw\/w:1200\/q:85\/f:webp\/plain\/https:\/\/images.metroimg.com\/34b1b8c5-titina-medeiros-morre-2.jpg\" alt=\"Titina Medeiros morre aos 48 anos ap\u00f3s luta contra c\u00e2ncer\" title=\"Titina Medeiros morre aos 48 anos ap\u00f3s luta contra c\u00e2ncer\"\/>12 de 17<\/p>\n<p class=\"splide__caption\">Titina Medeiros morre aos 48 anos ap\u00f3s luta contra c\u00e2ncer<\/p>\n<p><img data-splide-lazy=\"https:\/\/i.metroimg.com\/uG3W8DPqNgGCUy7Msob_1s9ePFk__VG_hQauyhikvbY\/w:1200\/q:85\/f:webp\/plain\/https:\/\/images.metroimg.com\/4210e3a2-titina-medeiros-morre-3.jpg\" alt=\"Titina Medeiros em Cheias de Charme (2012)\" title=\"Titina Medeiros em Cheias de Charme (2012)\"\/>13 de 17<\/p>\n<p class=\"splide__caption\">Titina Medeiros em Cheias de Charme (2012)<\/p>\n<p>Reprodu\u00e7\u00e3o<img data-splide-lazy=\"https:\/\/i.metroimg.com\/MD9sQrSr8_EPN6SGewQBgUD_mYtDd-wtS21ooo_pdvw\/w:1200\/q:85\/f:webp\/plain\/https:\/\/images.metroimg.com\/56dc0cdd-titina-medeiros-morre-1.jpg\" alt=\"Titina Medeiros morre aos 48 anos ap\u00f3s luta contra c\u00e2ncer\" title=\"Titina Medeiros morre aos 48 anos ap\u00f3s luta contra c\u00e2ncer\"\/>14 de 17<\/p>\n<p class=\"splide__caption\">Titina Medeiros morre aos 48 anos ap\u00f3s luta contra c\u00e2ncer<\/p>\n<p>Reprodu\u00e7\u00e3o<img data-splide-lazy=\"https:\/\/i.metroimg.com\/ne99fyvwj8fEgu8Em_-PLYcfL2K0JZ_DGwtAMCioRCk\/w:1200\/q:85\/f:webp\/plain\/https:\/\/images.metroimg.com\/9a8a5d3f-titina-medeiros-morre.jpg\" alt=\"Titina Medeiros morre aos 48 anos ap\u00f3s luta contra c\u00e2ncer\" title=\"Titina Medeiros morre aos 48 anos ap\u00f3s luta contra c\u00e2ncer\"\/>15 de 17<\/p>\n<p class=\"splide__caption\">Titina Medeiros morre aos 48 anos ap\u00f3s luta contra c\u00e2ncer<\/p>\n<p>Reprodu\u00e7\u00e3o<img data-splide-lazy=\"https:\/\/i.metroimg.com\/ebwzWHQ32yv0uId67o0jDOcC_j3Syoyp9RP-GFOlRBg\/w:1200\/q:85\/f:webp\/plain\/https:\/\/images.metroimg.com\/ba3983cd-4.jpg\" alt=\"Titina Medeiros ser\u00e1 sepultada na tarde desta segunda-feira (12\/1)\" title=\"Titina Medeiros ser\u00e1 sepultada na tarde desta segunda-feira (12\/1)\"\/>16 de 17<\/p>\n<p class=\"splide__caption\">Titina Medeiros ser\u00e1 sepultada na tarde desta segunda-feira (12\/1)<\/p>\n<p>Instagram\/Reprodu\u00e7\u00e3o<img data-splide-lazy=\"https:\/\/i.metroimg.com\/7TpwRsfpX_XJcHP0lJo5q4nP6Y2US1n6d3AG5zO1bDQ\/w:1200\/q:85\/f:webp\/plain\/https:\/\/images.metroimg.com\/aeea9f0c-pi7_tool_titina-medeiros.jpg\" alt=\"Rea\u00e7\u00e3o de Isabelle Drummond a morte de Titina Medeiros\" title=\"Rea\u00e7\u00e3o de Isabelle Drummond a morte de Titina Medeiros\"\/>17 de 17<\/p>\n<p class=\"splide__caption\">Rea\u00e7\u00e3o de Isabelle Drummond a morte de Titina Medeiros<\/p>\n<p><script async src=\"\/\/www.instagram.com\/embed.js\"><\/script><\/p>\n","protected":false},"excerpt":{"rendered":"Titina Medeiros completaria 50 anos nesta ter\u00e7a-feira (1\u00ba\/9). Vi\u00favo da atriz, Ce\u0301sar Ferrario, que est\u00e1 no ar como&hellip;\n","protected":false},"author":2,"featured_media":508508,"comment_status":"","ping_status":"","sticky":false,"template":"","format":"standard","meta":{"footnotes":"","_share_on_mastodon":"0"},"categories":[145],"tags":[996,1244,813,211,210,114,115,11648,1015,11302,1437,32,33,548],"class_list":["post-508507","post","type-post","status-publish","format-standard","has-post-thumbnail","category-celebridades","tag-aniversario","tag-ator","tag-atriz","tag-celebridades","tag-celebrities","tag-entertainment","tag-entretenimento","tag-esposa","tag-instagram","tag-marido","tag-morte","tag-portugal","tag-pt","tag-redes-sociais"],"share_on_mastodon":{"url":"https:\/\/pubeurope.com\/@pt\/117199590945791405","error":""},"_links":{"self":[{"href":"https:\/\/www.europesays.com\/pt\/wp-json\/wp\/v2\/posts\/508507","targetHints":{"allow":["GET"]}}],"collection":[{"href":"https:\/\/www.europesays.com\/pt\/wp-json\/wp\/v2\/posts"}],"about":[{"href":"https:\/\/www.europesays.com\/pt\/wp-json\/wp\/v2\/types\/post"}],"author":[{"embeddable":true,"href":"https:\/\/www.europesays.com\/pt\/wp-json\/wp\/v2\/users\/2"}],"replies":[{"embeddable":true,"href":"https:\/\/www.europesays.com\/pt\/wp-json\/wp\/v2\/comments?post=508507"}],"version-history":[{"count":0,"href":"https:\/\/www.europesays.com\/pt\/wp-json\/wp\/v2\/posts\/508507\/revisions"}],"wp:featuredmedia":[{"embeddable":true,"href":"https:\/\/www.europesays.com\/pt\/wp-json\/wp\/v2\/media\/508508"}],"wp:attachment":[{"href":"https:\/\/www.europesays.com\/pt\/wp-json\/wp\/v2\/media?parent=508507"}],"wp:term":[{"taxonomy":"category","embeddable":true,"href":"https:\/\/www.europesays.com\/pt\/wp-json\/wp\/v2\/categories?post=508507"},{"taxonomy":"post_tag","embeddable":true,"href":"https:\/\/www.europesays.com\/pt\/wp-json\/wp\/v2\/tags?post=508507"}],"curies":[{"name":"wp","href":"https:\/\/api.w.org\/{rel}","templated":true}]}}