{"id":508531,"date":"2026-09-02T05:17:31","date_gmt":"2026-09-02T05:17:31","guid":{"rendered":"https:\/\/www.europesays.com\/pt\/508531\/"},"modified":"2026-09-02T05:17:31","modified_gmt":"2026-09-02T05:17:31","slug":"mulher-encontrada-morta-em-hotel-de-albufeira-companheiro-detido","status":"publish","type":"post","link":"https:\/\/www.europesays.com\/pt\/508531\/","title":{"rendered":"Mulher encontrada morta em hotel de Albufeira. Companheiro detido"},"content":{"rendered":"<p>                O casal estaria acompanhado de uma crian\u00e7a, menor de idade<\/p>\n<p>Uma mulher de 34 anos foi encontrada morta esta ter\u00e7a-feira num hotel em Albufeira, num caso que est\u00e1 a ser tratado como suspeita de homic\u00eddio.<\/p>\n<p>Um homem, tamb\u00e9m de 34 anos, foi detido pelas autoridades. Ao que a TVI e CNN Portugal apuraram ser\u00e1 o companheiro da v\u00edtima.\u00a0<\/p>\n<p>O casal, de nacionalidade brit\u00e2nica, estaria acompanhado de uma crian\u00e7a, menor de idade.<\/p>\n<p>A GNR chegou ao local e encontrou a v\u00edtima, j\u00e1 cad\u00e1ver, com v\u00e1rios golpes cometidos por arma branca.<\/p>\n<p>A Pol\u00edcia Judici\u00e1ria foi posteriormente contactada e assumiu a investiga\u00e7\u00e3o. As circunst\u00e2ncias em que ocorreu a morte est\u00e3o a ser apuradas.<\/p>\n","protected":false},"excerpt":{"rendered":"O casal estaria acompanhado de uma crian\u00e7a, menor de idade Uma mulher de 34 anos foi encontrada morta&hellip;\n","protected":false},"author":2,"featured_media":508532,"comment_status":"","ping_status":"","sticky":false,"template":"","format":"standard","meta":{"footnotes":"","_share_on_mastodon":"0"},"categories":[10],"tags":[6579,609,836,611,27,28,607,608,333,832,604,135,610,476,81473,15,16,301,830,14,5564,4063,603,25,26,570,21,22,831,833,62,834,12,13,19,20,835,602,4107,52,32,23,24,33,17,18,29,30,31],"class_list":["post-508531","post","type-post","status-publish","format-standard","has-post-thumbnail","category-portugal","tag-albufeira","tag-alerta","tag-analise","tag-ao-minuto","tag-breaking-news","tag-breakingnews","tag-cnn","tag-cnn-portugal","tag-comentadores","tag-costa","tag-crime","tag-desporto","tag-direto","tag-economia","tag-encontrada-morta","tag-featured-news","tag-featurednews","tag-governo","tag-guerra","tag-headlines","tag-homicidio","tag-hotel","tag-justica","tag-latest-news","tag-latestnews","tag-live","tag-main-news","tag-mainnews","tag-mais-vistas","tag-marcelo","tag-mundo","tag-negocios","tag-news","tag-noticias","tag-noticias-principais","tag-noticiasprincipais","tag-opiniao","tag-pais","tag-pj","tag-politica","tag-portugal","tag-principais-noticias","tag-principaisnoticias","tag-pt","tag-top-stories","tag-topstories","tag-ultimas","tag-ultimas-noticias","tag-ultimasnoticias"],"share_on_mastodon":{"url":"","error":"Validation failed: Text character limit of 500 exceeded"},"_links":{"self":[{"href":"https:\/\/www.europesays.com\/pt\/wp-json\/wp\/v2\/posts\/508531","targetHints":{"allow":["GET"]}}],"collection":[{"href":"https:\/\/www.europesays.com\/pt\/wp-json\/wp\/v2\/posts"}],"about":[{"href":"https:\/\/www.europesays.com\/pt\/wp-json\/wp\/v2\/types\/post"}],"author":[{"embeddable":true,"href":"https:\/\/www.europesays.com\/pt\/wp-json\/wp\/v2\/users\/2"}],"replies":[{"embeddable":true,"href":"https:\/\/www.europesays.com\/pt\/wp-json\/wp\/v2\/comments?post=508531"}],"version-history":[{"count":0,"href":"https:\/\/www.europesays.com\/pt\/wp-json\/wp\/v2\/posts\/508531\/revisions"}],"wp:featuredmedia":[{"embeddable":true,"href":"https:\/\/www.europesays.com\/pt\/wp-json\/wp\/v2\/media\/508532"}],"wp:attachment":[{"href":"https:\/\/www.europesays.com\/pt\/wp-json\/wp\/v2\/media?parent=508531"}],"wp:term":[{"taxonomy":"category","embeddable":true,"href":"https:\/\/www.europesays.com\/pt\/wp-json\/wp\/v2\/categories?post=508531"},{"taxonomy":"post_tag","embeddable":true,"href":"https:\/\/www.europesays.com\/pt\/wp-json\/wp\/v2\/tags?post=508531"}],"curies":[{"name":"wp","href":"https:\/\/api.w.org\/{rel}","templated":true}]}}