{"id":508543,"date":"2026-09-02T05:32:18","date_gmt":"2026-09-02T05:32:18","guid":{"rendered":"https:\/\/www.europesays.com\/pt\/508543\/"},"modified":"2026-09-02T05:32:18","modified_gmt":"2026-09-02T05:32:18","slug":"putin-pede-a-armenia-que-esclareca-quanto-antes-se-vai-aderir-a-uniao-europeia","status":"publish","type":"post","link":"https:\/\/www.europesays.com\/pt\/508543\/","title":{"rendered":"Putin pede \u00e0 Arm\u00e9nia que esclare\u00e7a &#8220;quanto antes&#8221; se vai aderir \u00e0 Uni\u00e3o Europeia"},"content":{"rendered":"<p>                Segundo o presidente russo, este facto simboliza &#8220;na pr\u00e1tica&#8221; a sa\u00edda da Arm\u00e9nia da Uni\u00e3o Econ\u00f3mica Eurasi\u00e1tica, um bloco liderado por Moscovo e do qual fazem parte outras economias p\u00f3s-sovi\u00e9ticas<\/p>\n<p>O presidente russo, Vladimir Putin, insistiu esta ter\u00e7a-feira junto do primeiro-ministro arm\u00e9nio, Nikol Pashinyan, que o seu pa\u00eds deve esclarecer &#8220;quanto antes&#8221; se pretende aderir \u00e0 Uni\u00e3o Europeia (UE), algo incompat\u00edvel com a continuidade nos blocos p\u00f3s-sovi\u00e9ticos liderados por Moscovo.<\/p>\n<p>&#8220;Quanto mais cedo a Arm\u00e9nia esclarecer a quest\u00e3o da entrada na UE, melhor. Moscovo deve entender como desenvolver as rela\u00e7\u00f5es daqui para a frente&#8221;, afirmou o chefe do Kremlin a Pashinyan\u00a0durante uma reuni\u00e3o entre ambos \u00e0 margem da cimeira da Organiza\u00e7\u00e3o de Coopera\u00e7\u00e3o de Xangai, que decorreu no Quirguist\u00e3o.<\/p>\n<p>Putin chamou a aten\u00e7\u00e3o para a aprova\u00e7\u00e3o pelo parlamento arm\u00e9nio de uma lei que d\u00e1 luz verde a futuras negocia\u00e7\u00f5es sobre a poss\u00edvel ades\u00e3o daquela antiga rep\u00fablica sovi\u00e9tica ao bloco comunit\u00e1rio.<\/p>\n<p>Segundo o presidente russo, este facto simboliza &#8220;na pr\u00e1tica&#8221; a sa\u00edda da Arm\u00e9nia da Uni\u00e3o Econ\u00f3mica Eurasi\u00e1tica, um bloco liderado por Moscovo e do qual fazem parte outras economias p\u00f3s-sovi\u00e9ticas.<\/p>\n<p>Putin garantiu que o desejo da Arm\u00e9nia de aderir \u00e0 UE \u00e9 um &#8220;direito soberano&#8221; do pa\u00eds e do seu povo. Ao mesmo tempo, insistiu no seu argumento de que isso \u00e9 incompat\u00edvel com a perman\u00eancia de Erevan noutros blocos.<\/p>\n<p>O l\u00edder russo insistiu que o governo arm\u00e9nio deve convocar um referendo e &#8220;perguntar \u00e0s pessoas o que querem&#8221;. &#8220;Fa\u00e7am-no e encerremos j\u00e1 esse assunto&#8221;, afirmou.<\/p>\n<p>Ainda assim, recordou que os maiores contribuintes para o or\u00e7amento arm\u00e9nio s\u00e3o as empresas russas que operam no pa\u00eds e d\u00e3o emprego \u00e0 popula\u00e7\u00e3o local. Apontou tamb\u00e9m que o PIB da Arm\u00e9nia quase triplicou desde que o pa\u00eds faz parte da Uni\u00e3o Econ\u00f3mica Eurasi\u00e1tica.<\/p>\n<p>Pashinyan, por seu lado, salientou que as rela\u00e7\u00f5es entre os dois pa\u00edses exigem uma abordagem mais &#8220;fresca&#8221; no contexto da nova situa\u00e7\u00e3o na regi\u00e3o do C\u00e1ucaso.<\/p>\n<p>H\u00e1 alguns dias, o l\u00edder arm\u00e9nio considerou que Erevan j\u00e1 n\u00e3o pode considerar que existem la\u00e7os de alian\u00e7a estrat\u00e9gica com Moscovo devido ao arrefecimento das rela\u00e7\u00f5es entre os dois pa\u00edses nos \u00faltimos anos.<\/p>\n<p>A Arm\u00e9nia lamentou no passado que a R\u00fassia n\u00e3o a tivesse apoiado no conflito armado no Nagorno-Karabakh e durante as incurs\u00f5es de tropas azeris em territ\u00f3rio arm\u00e9nio nos anos seguintes. Tudo isto levou Erevan a procurar novos parceiros, incluindo no dom\u00ednio militar.<\/p>\n<p>Ao mesmo tempo, as autoridades arm\u00e9nias garantem que n\u00e3o querem hostilizar a R\u00fassia, onde vive uma das maiores di\u00e1sporas arm\u00e9nias no estrangeiro.<\/p>\n<p>Base militar russa pode fechar &#8220;j\u00e1 amanh\u00e3&#8221; <\/p>\n<p>Vladimir Putin assegurou ainda que, caso a Arm\u00e9nia solicite a retirada da base russa do seu territ\u00f3rio, isso poder\u00e1 acontecer &#8220;j\u00e1 amanh\u00e3&#8221;.<\/p>\n<p>&#8220;Se a Arm\u00e9nia considerar que n\u00e3o precisa da base russa, iremos embora j\u00e1 amanh\u00e3&#8221;, afirmou.<\/p>\n<p>Ao mesmo tempo, acrescentou que, se o povo quiser que a base russa continue em Gyumri, onde est\u00e1 instalada h\u00e1 mais de tr\u00eas d\u00e9cadas, os militares n\u00e3o sair\u00e3o.<\/p>\n<p>&#8220;N\u00e3o impomos nada a ningu\u00e9m. Se o povo arm\u00e9nio quiser que a infraestrutura militar russa permane\u00e7a ali, ficaremos, trabalharemos e cooperaremos&#8221;, sublinhou.<\/p>\n","protected":false},"excerpt":{"rendered":"Segundo o presidente russo, este facto simboliza &#8220;na pr\u00e1tica&#8221; a sa\u00edda da Arm\u00e9nia da Uni\u00e3o Econ\u00f3mica Eurasi\u00e1tica, um&hellip;\n","protected":false},"author":2,"featured_media":508544,"comment_status":"","ping_status":"","sticky":false,"template":"","format":"standard","meta":{"footnotes":"","_share_on_mastodon":"0"},"categories":[50],"tags":[81000,609,836,611,8240,27,28,8400,607,608,333,832,604,135,610,476,15,16,301,830,14,603,25,26,570,21,22,831,833,62,834,12,67419,13,19,20,835,602,52,32,23,24,3813,839,17,18,1977,29,30,31,63,64,65],"class_list":["post-508543","post","type-post","status-publish","format-standard","has-post-thumbnail","category-mundo","tag-adesao-ue","tag-alerta","tag-analise","tag-ao-minuto","tag-armenia","tag-breaking-news","tag-breakingnews","tag-caucaso","tag-cnn","tag-cnn-portugal","tag-comentadores","tag-costa","tag-crime","tag-desporto","tag-direto","tag-economia","tag-featured-news","tag-featurednews","tag-governo","tag-guerra","tag-headlines","tag-justica","tag-latest-news","tag-latestnews","tag-live","tag-main-news","tag-mainnews","tag-mais-vistas","tag-marcelo","tag-mundo","tag-negocios","tag-news","tag-nikol-pashinyan","tag-noticias","tag-noticias-principais","tag-noticiasprincipais","tag-opiniao","tag-pais","tag-politica","tag-portugal","tag-principais-noticias","tag-principaisnoticias","tag-putin","tag-russia","tag-top-stories","tag-topstories","tag-ue","tag-ultimas","tag-ultimas-noticias","tag-ultimasnoticias","tag-world","tag-world-news","tag-worldnews"],"share_on_mastodon":{"url":"","error":"Validation failed: Text character limit of 500 exceeded"},"_links":{"self":[{"href":"https:\/\/www.europesays.com\/pt\/wp-json\/wp\/v2\/posts\/508543","targetHints":{"allow":["GET"]}}],"collection":[{"href":"https:\/\/www.europesays.com\/pt\/wp-json\/wp\/v2\/posts"}],"about":[{"href":"https:\/\/www.europesays.com\/pt\/wp-json\/wp\/v2\/types\/post"}],"author":[{"embeddable":true,"href":"https:\/\/www.europesays.com\/pt\/wp-json\/wp\/v2\/users\/2"}],"replies":[{"embeddable":true,"href":"https:\/\/www.europesays.com\/pt\/wp-json\/wp\/v2\/comments?post=508543"}],"version-history":[{"count":0,"href":"https:\/\/www.europesays.com\/pt\/wp-json\/wp\/v2\/posts\/508543\/revisions"}],"wp:featuredmedia":[{"embeddable":true,"href":"https:\/\/www.europesays.com\/pt\/wp-json\/wp\/v2\/media\/508544"}],"wp:attachment":[{"href":"https:\/\/www.europesays.com\/pt\/wp-json\/wp\/v2\/media?parent=508543"}],"wp:term":[{"taxonomy":"category","embeddable":true,"href":"https:\/\/www.europesays.com\/pt\/wp-json\/wp\/v2\/categories?post=508543"},{"taxonomy":"post_tag","embeddable":true,"href":"https:\/\/www.europesays.com\/pt\/wp-json\/wp\/v2\/tags?post=508543"}],"curies":[{"name":"wp","href":"https:\/\/api.w.org\/{rel}","templated":true}]}}