{"id":508545,"date":"2026-09-02T05:34:22","date_gmt":"2026-09-02T05:34:22","guid":{"rendered":"https:\/\/www.europesays.com\/pt\/508545\/"},"modified":"2026-09-02T05:34:22","modified_gmt":"2026-09-02T05:34:22","slug":"nao-te-esqueci-cantor-alfredo-soares-morre-em-acidente-de-mota","status":"publish","type":"post","link":"https:\/\/www.europesays.com\/pt\/508545\/","title":{"rendered":"&#8220;N\u00e3o Te Esqueci&#8221;. Cantor Alfredo Soares morre em acidente de mota"},"content":{"rendered":"<p class=\"wp-caption-text top\"><a href=\"https:\/\/open.spotify.com\/artist\/7yHV3Wfw3IApZHyq1E0bdy\" rel=\"nofollow noopener\" data-wpel-link=\"external\" class=\"ext-link\" target=\"_blank\">Spotify<\/a><\/p>\n<p><img loading=\"eager\" fetchpriority=\"high\" decoding=\"async\" class=\"wp-image-762593 size-kopa-image-size-3\" src=\"https:\/\/www.europesays.com\/pt\/wp-content\/uploads\/2026\/09\/3c5453e25861397bb32545aca0068c8f-783x450.jpg\" alt=\"\" width=\"700\" height=\"402\"  \/><\/p>\n<p class=\"wp-caption-text bot\">Alfredo Soares<\/p>\n<p><strong>Acidente na A24 foi fatal para a voz de \u201cPortugal, Tenho Saudade\u201d e \u201cN\u00e3o Te Esqueci\u201d. \u201cLenda\u201d da m\u00fasica popular portuguesa tinha 65 anos. Origem do acidente por apurar.<\/strong><\/p>\n<p>O cantor <strong>Alfredo Soares<\/strong> morreu esta segunda-feira, aos 65 anos, na sequ\u00eancia de uma colis\u00e3o entre um motociclo e dois autom\u00f3veis na Autoestrada 24 (A24), entre Nogueira e Vila Real.<\/p>\n<p>O m\u00fasico de Tabua\u00e7o, que ficou conhecido sobretudo pelo tema \u201cPortugal, Tenho Saudade\u201d e \u201cN\u00e3o Te Esqueci\u201d, chegou a ser transportado em estado grave para o hospital de Vila Real, mas acabou por morrer na mesma unidade hospitalar.<\/p>\n<p>Alfredo Soares seguia no motociclo acompanhado por uma mulher de 60 anos, que sofreu tamb\u00e9m ferimentos graves e foi transportada para o mesmo hospital, de acordo com o <a href=\"https:\/\/www.jn.pt\/pais\/artigo\/motociclista-morre-e-mulher-fica-gravemente-ferida-em-colisao-na-a24\/18121833\" data-wpel-link=\"external\" rel=\"noopener nofollow\" class=\"ext-link\" target=\"_blank\">Jornal de Not\u00edcias<\/a>.<\/p>\n<p>O alerta para o acidente foi dado \u00e0s 9h08. A colis\u00e3o ocorreu ao quil\u00f3metro 83,800 da A24, num tro\u00e7o entre Nogueira e Vila Real, que ficou condicionado ao tr\u00e2nsito durante as opera\u00e7\u00f5es de socorro. No local estiveram militares do N\u00facleo de Investiga\u00e7\u00e3o de Crimes em Acidentes de Via\u00e7\u00e3o (NICAV) da GNR. As circunst\u00e2ncias que estiveram na origem do acidente v\u00e3o agora ser investigadas.<\/p>\n<p>Natural da freguesia de Adorigo, Alfredo Soares era um nome conhecido da m\u00fasica popular portuguesa. A not\u00edcia da sua morte j\u00e1 provocou v\u00e1rias rea\u00e7\u00f5es de pesar nas redes sociais, entre amigos, admiradores e outros m\u00fasicos.<\/p>\n<p>\u201cDescansa em paz, lenda. Obrigado pela m\u00fasica\u201d, escreveu o m\u00fasico <strong>Chico da Tina<\/strong>, que utilizava uma can\u00e7\u00e3o de Alfredo Soares em momentos de despedida dos seus concertos.<\/p>\n<p><img decoding=\"async\" loading=\"lazy\" class=\" wp-image-762596\" src=\"https:\/\/www.europesays.com\/pt\/wp-content\/uploads\/2026\/09\/6c26814d31a36924f148c01ef784538e-471x865.jpg\" alt=\"\" width=\"299\" height=\"549\"  \/><\/p>\n<p>Presen\u00e7a ass\u00eddua em bailes e festas, \u201co Alfredo foi um homem \u00fanico, um m\u00fasico extraordin\u00e1rio e, acima de tudo, um verdadeiro amigo do amigo\u201d, escreveu um amigo do cantor, numa homenagem partilhada nas redes sociais citada pelo JN. \u201cFicam tantas mem\u00f3rias dos bailes, das m\u00fasicas, dos momentos partilhados e das noites em que nos fez dan\u00e7ar e tocar com alegria. Can\u00e7\u00f5es como \u201cLinda\u201d, \u201cPortugal, Minha Saudade\u201d e \u201cPrincesa dos Meus Sonhos\u201d ficar\u00e3o para sempre ligadas \u00e0 sua presen\u00e7a, ao seu talento e \u00e0 sua forma especial de estar\u201d, continuou.<\/p>\n<p>\u201cPortugal, Tenho Saudade\u201d, que deu nome a um \u00e1lbum editado em 1996, foi um dos hits de Alfredo Soares. O disco inclui temas como \u201cS\u00f3 a Ti Eu Quero\u201d, \u201cD\u00e1-Me um Beijo\u201d, \u201cRainha das Tenta\u00e7\u00f5es\u201d e \u201cTanta Saudade de Portugal\u201d, depois de tr\u00eas \u00e1lbuns lan\u00e7ados em 1989 e antes de \u201cN\u00e3o Te Esqueci\u201d, lan\u00e7ado na entrada deste s\u00e9culo<\/p>\n<p>As cerim\u00f3nias f\u00fanebres ser\u00e3o realizadas em Adorigo, comunicaram os mais pr\u00f3ximos de Alfredo Soares.<\/p>\n","protected":false},"excerpt":{"rendered":"Spotify Alfredo Soares Acidente na A24 foi fatal para a voz de \u201cPortugal, Tenho Saudade\u201d e \u201cN\u00e3o Te&hellip;\n","protected":false},"author":2,"featured_media":508546,"comment_status":"","ping_status":"","sticky":false,"template":"","format":"standard","meta":{"footnotes":"","_share_on_mastodon":"0"},"categories":[10],"tags":[59,27,28,15,16,14,25,26,21,22,150,12,13,19,20,2409,32,23,24,33,17,18,29,30,31,5547],"class_list":["post-508545","post","type-post","status-publish","format-standard","has-post-thumbnail","category-portugal","tag-acidente","tag-breaking-news","tag-breakingnews","tag-featured-news","tag-featurednews","tag-headlines","tag-latest-news","tag-latestnews","tag-main-news","tag-mainnews","tag-musica","tag-news","tag-noticias","tag-noticias-principais","tag-noticiasprincipais","tag-obito","tag-portugal","tag-principais-noticias","tag-principaisnoticias","tag-pt","tag-top-stories","tag-topstories","tag-ultimas","tag-ultimas-noticias","tag-ultimasnoticias","tag-vila-real"],"share_on_mastodon":{"url":"https:\/\/pubeurope.com\/@pt\/117199822918046967","error":""},"_links":{"self":[{"href":"https:\/\/www.europesays.com\/pt\/wp-json\/wp\/v2\/posts\/508545","targetHints":{"allow":["GET"]}}],"collection":[{"href":"https:\/\/www.europesays.com\/pt\/wp-json\/wp\/v2\/posts"}],"about":[{"href":"https:\/\/www.europesays.com\/pt\/wp-json\/wp\/v2\/types\/post"}],"author":[{"embeddable":true,"href":"https:\/\/www.europesays.com\/pt\/wp-json\/wp\/v2\/users\/2"}],"replies":[{"embeddable":true,"href":"https:\/\/www.europesays.com\/pt\/wp-json\/wp\/v2\/comments?post=508545"}],"version-history":[{"count":0,"href":"https:\/\/www.europesays.com\/pt\/wp-json\/wp\/v2\/posts\/508545\/revisions"}],"wp:featuredmedia":[{"embeddable":true,"href":"https:\/\/www.europesays.com\/pt\/wp-json\/wp\/v2\/media\/508546"}],"wp:attachment":[{"href":"https:\/\/www.europesays.com\/pt\/wp-json\/wp\/v2\/media?parent=508545"}],"wp:term":[{"taxonomy":"category","embeddable":true,"href":"https:\/\/www.europesays.com\/pt\/wp-json\/wp\/v2\/categories?post=508545"},{"taxonomy":"post_tag","embeddable":true,"href":"https:\/\/www.europesays.com\/pt\/wp-json\/wp\/v2\/tags?post=508545"}],"curies":[{"name":"wp","href":"https:\/\/api.w.org\/{rel}","templated":true}]}}