{"id":508581,"date":"2026-09-02T06:21:17","date_gmt":"2026-09-02T06:21:17","guid":{"rendered":"https:\/\/www.europesays.com\/pt\/508581\/"},"modified":"2026-09-02T06:21:17","modified_gmt":"2026-09-02T06:21:17","slug":"oficial-atletico-madrid-empresta-pilar-da-era-simeone","status":"publish","type":"post","link":"https:\/\/www.europesays.com\/pt\/508581\/","title":{"rendered":"OFICIAL: Atl\u00e9tico Madrid empresta pilar da era Simeone"},"content":{"rendered":"<p>Jos\u00e9 Mar\u00eda Gim\u00e9nez foi emprestado pelo Atl\u00e9tico Madrid ao Deportivo da Corunha.<\/p>\n<p>O defesa-central uruguaio chega ao clube galego por empr\u00e9stimo com op\u00e7\u00e3o de compra.<\/p>\n<p>Gim\u00e9nez chegou ao Atl\u00e9tico Madrid h\u00e1 13 anos. De l\u00e1 para c\u00e1, consolidou-se com um dos jogadores mais importante da era Simeone. Participou em 384 jogos e contribuiu para as conquistas de dois campeonatos de Espanha, uma Superta\u00e7a Europeia, uma Liga Europa e uma Superta\u00e7a espanhola.<\/p>\n<blockquote class=\"twitter-tweet\">\n<p lang=\"es\">\ud835\udc6e\ud835\udc8a\ud835\udc8e\ud835\udc86\u0301\ud835\udc8f\ud835\udc86\ud835\udc9b \ud835\udc99\ud835\udc82 \ud835\udc86\u0301 \ud835\udc83\ud835\udc93\ud835\udc82\ud835\udc8f\ud835\udc92\ud835\udc96\ud835\udc8a\ud835\udc82\ud835\udc9b\ud835\udc96\ud835\udc8d \ud83d\udc99\ud83e\udd0d<\/p>\n<p>\ud83d\udd8b\ufe0f Jos\u00e9 Mar\u00eda Gim\u00e9nez, novo xogador do D\u00e9por.<\/p>\n<p>Benvido, Gim\u00e9nez! \ud83d\udc4b<\/p>\n<p>\u2328\ufe0f Toda a informaci\u00f3n na nosa web \ud83d\udc47 <a href=\"https:\/\/t.co\/MurTYSicEV\" rel=\"nofollow\">pic.twitter.com\/MurTYSicEV<\/a><\/p>\n<p> \u2014 RC Deportivo (@RCDeportivo)<br \/>\n  <a href=\"https:\/\/x.com\/RCDeportivo\/status\/2094910546973692010?ref_src=twsrc%5Etfw\" rel=\"nofollow\">September 1, 2026<\/a>\n <\/p><\/blockquote>\n<p>                                <script async src=\"https:\/\/platform.twitter.com\/widgets.js\" charset=\"utf-8\"><\/script><\/p>\n","protected":false},"excerpt":{"rendered":"Jos\u00e9 Mar\u00eda Gim\u00e9nez foi emprestado pelo Atl\u00e9tico Madrid ao Deportivo da Corunha. O defesa-central uruguaio chega ao clube&hellip;\n","protected":false},"author":2,"featured_media":508582,"comment_status":"","ping_status":"","sticky":false,"template":"","format":"standard","meta":{"footnotes":"","_share_on_mastodon":"0"},"categories":[87],"tags":[3171,12395,9127,135,640,2068,82,66249,46,32,33,47,134],"class_list":["post-508581","post","type-post","status-publish","format-standard","has-post-thumbnail","category-desporto","tag-atletico-madrid","tag-deportivo","tag-deportivo-corunha","tag-desporto","tag-espanha","tag-gimenez","tag-internacional","tag-jose-maria-gimenez","tag-maisfutebol","tag-portugal","tag-pt","tag-pura-paixao","tag-sports"],"share_on_mastodon":{"url":"https:\/\/pubeurope.com\/@pt\/117200007255884033","error":""},"_links":{"self":[{"href":"https:\/\/www.europesays.com\/pt\/wp-json\/wp\/v2\/posts\/508581","targetHints":{"allow":["GET"]}}],"collection":[{"href":"https:\/\/www.europesays.com\/pt\/wp-json\/wp\/v2\/posts"}],"about":[{"href":"https:\/\/www.europesays.com\/pt\/wp-json\/wp\/v2\/types\/post"}],"author":[{"embeddable":true,"href":"https:\/\/www.europesays.com\/pt\/wp-json\/wp\/v2\/users\/2"}],"replies":[{"embeddable":true,"href":"https:\/\/www.europesays.com\/pt\/wp-json\/wp\/v2\/comments?post=508581"}],"version-history":[{"count":0,"href":"https:\/\/www.europesays.com\/pt\/wp-json\/wp\/v2\/posts\/508581\/revisions"}],"wp:featuredmedia":[{"embeddable":true,"href":"https:\/\/www.europesays.com\/pt\/wp-json\/wp\/v2\/media\/508582"}],"wp:attachment":[{"href":"https:\/\/www.europesays.com\/pt\/wp-json\/wp\/v2\/media?parent=508581"}],"wp:term":[{"taxonomy":"category","embeddable":true,"href":"https:\/\/www.europesays.com\/pt\/wp-json\/wp\/v2\/categories?post=508581"},{"taxonomy":"post_tag","embeddable":true,"href":"https:\/\/www.europesays.com\/pt\/wp-json\/wp\/v2\/tags?post=508581"}],"curies":[{"name":"wp","href":"https:\/\/api.w.org\/{rel}","templated":true}]}}