{"id":508629,"date":"2026-09-02T07:18:52","date_gmt":"2026-09-02T07:18:52","guid":{"rendered":"https:\/\/www.europesays.com\/pt\/508629\/"},"modified":"2026-09-02T07:18:52","modified_gmt":"2026-09-02T07:18:52","slug":"andre-ventura-critica-discurso-de-luis-neves-e-questiona-posicao-do-governo-sobre-combate-ao-populismo","status":"publish","type":"post","link":"https:\/\/www.europesays.com\/pt\/508629\/","title":{"rendered":"Andr\u00e9 Ventura critica discurso de Lu\u00eds Neves e questiona posi\u00e7\u00e3o do Governo sobre combate ao populismo"},"content":{"rendered":"<p>O l\u00edder do Chega, Andr\u00e9 Ventura, reagiu \u00e0 garantia de Lu\u00eds Neves, deixada nesta ter\u00e7a-feira, que n\u00e3o se demitir\u00e1 e procurar\u00e1 &#8220;contribuir para derrotar politicamente o populismo&#8221;, atrav\u00e9s das redes sociais. <strong>&#8220;Impressionante. Inenarr\u00e1vel. Inqualific\u00e1vel! O que saber\u00e1 Lu\u00eds Neves sobre o primeiro-ministro?&#8221;, escreveu.<\/strong> <\/p>\n<p>Numa confer\u00eancia de imprensa realizada nesta segunda-feira, <strong>Ventura disse que esperaria pelas declara\u00e7\u00f5es do ministro da Administra\u00e7\u00e3o Interna antes de tomar uma &#8220;decis\u00e3o final&#8221; acerca da mo\u00e7\u00e3o de censura ao Governo<\/strong> que prometeu apresentar se Lu\u00eds Neves n\u00e3o fosse afastado entretanto do cargo que assumiu no in\u00edcio deste ano. <strong>Mas antecipou que dificilmente ouviria uma explica\u00e7\u00e3o do antigo diretor nacional da Pol\u00edcia Judici\u00e1ria que o levasse a &#8220;fazer <\/strong><strong>mea culpa<\/strong><strong>&#8220;.<\/strong><\/p>\n","protected":false},"excerpt":{"rendered":"O l\u00edder do Chega, Andr\u00e9 Ventura, reagiu \u00e0 garantia de Lu\u00eds Neves, deixada nesta ter\u00e7a-feira, que n\u00e3o se&hellip;\n","protected":false},"author":2,"featured_media":508630,"comment_status":"","ping_status":"","sticky":false,"template":"","format":"standard","meta":{"footnotes":"","_share_on_mastodon":"0"},"categories":[8],"tags":[5610,63113,3386,3399,27,28,1736,15,16,301,14,25,26,36448,21,22,73972,12,13,19,20,2445,13458,32,23,24,33,17,18,29,30,31],"class_list":["post-508629","post","type-post","status-publish","format-standard","has-post-thumbnail","category-principais-noticias","tag-administracao-interna","tag-alvaro-beleza","tag-andre-ventura","tag-antonio-jose-seguro","tag-breaking-news","tag-breakingnews","tag-chega","tag-featured-news","tag-featurednews","tag-governo","tag-headlines","tag-latest-news","tag-latestnews","tag-luis-neves","tag-main-news","tag-mainnews","tag-mocao-censura","tag-news","tag-noticias","tag-noticias-principais","tag-noticiasprincipais","tag-policia-judiciaria","tag-populismo","tag-portugal","tag-principais-noticias","tag-principaisnoticias","tag-pt","tag-top-stories","tag-topstories","tag-ultimas","tag-ultimas-noticias","tag-ultimasnoticias"],"share_on_mastodon":{"url":"","error":"Validation failed: Text character limit of 500 exceeded"},"_links":{"self":[{"href":"https:\/\/www.europesays.com\/pt\/wp-json\/wp\/v2\/posts\/508629","targetHints":{"allow":["GET"]}}],"collection":[{"href":"https:\/\/www.europesays.com\/pt\/wp-json\/wp\/v2\/posts"}],"about":[{"href":"https:\/\/www.europesays.com\/pt\/wp-json\/wp\/v2\/types\/post"}],"author":[{"embeddable":true,"href":"https:\/\/www.europesays.com\/pt\/wp-json\/wp\/v2\/users\/2"}],"replies":[{"embeddable":true,"href":"https:\/\/www.europesays.com\/pt\/wp-json\/wp\/v2\/comments?post=508629"}],"version-history":[{"count":0,"href":"https:\/\/www.europesays.com\/pt\/wp-json\/wp\/v2\/posts\/508629\/revisions"}],"wp:featuredmedia":[{"embeddable":true,"href":"https:\/\/www.europesays.com\/pt\/wp-json\/wp\/v2\/media\/508630"}],"wp:attachment":[{"href":"https:\/\/www.europesays.com\/pt\/wp-json\/wp\/v2\/media?parent=508629"}],"wp:term":[{"taxonomy":"category","embeddable":true,"href":"https:\/\/www.europesays.com\/pt\/wp-json\/wp\/v2\/categories?post=508629"},{"taxonomy":"post_tag","embeddable":true,"href":"https:\/\/www.europesays.com\/pt\/wp-json\/wp\/v2\/tags?post=508629"}],"curies":[{"name":"wp","href":"https:\/\/api.w.org\/{rel}","templated":true}]}}