{"id":508645,"date":"2026-09-02T07:41:08","date_gmt":"2026-09-02T07:41:08","guid":{"rendered":"https:\/\/www.europesays.com\/pt\/508645\/"},"modified":"2026-09-02T07:41:08","modified_gmt":"2026-09-02T07:41:08","slug":"renato-sanches-rescinde-com-o-psg-e-fica-livre-em-cima-do-fecho-do-mercado","status":"publish","type":"post","link":"https:\/\/www.europesays.com\/pt\/508645\/","title":{"rendered":"Renato Sanches rescinde com o PSG e fica livre em cima do fecho do mercado"},"content":{"rendered":"<p>Fora dos planos de Luis Enrique no Paris Saint-Germain, Renato Sanches rescindiu o contrato que o ligava aos bicampe\u00f5es europeus at\u00e9 ao final da \u00e9poca.<\/p>\n<p>O m\u00e9dio de 29 anos formado no Benfica estava ligado aos parisienses desde 2022\/23. \u00c0 data, o clube da capital francesa recrutou-o ao Lille ap\u00f3s tr\u00eas temporadas de bom n\u00edvel.<\/p>\n<p>Na primeira temporada, sob o comando de Christophe Galtier (que se mudou tamb\u00e9m nessa altura do Lille para o PSG), Renato Sanches ainda foi op\u00e7\u00e3o, mas foi preterido em 2023\/24 aquando da chegada de Luis Enrique.<\/p>\n<p>Nessa \u00e9poca foi emprestado \u00e0 Roma, depois ao Benfica e por fim, em 2025\/26, ao Panathinaikos. Em nenhuma das equipas conseguiu exibir-se ao n\u00edvel que fizeram dele um dos m\u00e9dio mais promissores da Europa.<\/p>\n<p>Agora, Renato Sanches \u00e9 um jogador livre e tem o passe na m\u00e3o para assinar por um novo clube.<\/p>\n","protected":false},"excerpt":{"rendered":"Fora dos planos de Luis Enrique no Paris Saint-Germain, Renato Sanches rescindiu o contrato que o ligava aos&hellip;\n","protected":false},"author":2,"featured_media":508646,"comment_status":"","ping_status":"","sticky":false,"template":"","format":"standard","meta":{"footnotes":"","_share_on_mastodon":"0"},"categories":[87],"tags":[135,208,82,436,46,32,1758,33,47,1768,134,35],"class_list":["post-508645","post","type-post","status-publish","format-standard","has-post-thumbnail","category-desporto","tag-desporto","tag-franca","tag-internacional","tag-made-in","tag-maisfutebol","tag-portugal","tag-psg","tag-pt","tag-pura-paixao","tag-renato-sanches","tag-sports","tag-transferencias"],"share_on_mastodon":{"url":"https:\/\/pubeurope.com\/@pt\/117200321656225967","error":""},"_links":{"self":[{"href":"https:\/\/www.europesays.com\/pt\/wp-json\/wp\/v2\/posts\/508645","targetHints":{"allow":["GET"]}}],"collection":[{"href":"https:\/\/www.europesays.com\/pt\/wp-json\/wp\/v2\/posts"}],"about":[{"href":"https:\/\/www.europesays.com\/pt\/wp-json\/wp\/v2\/types\/post"}],"author":[{"embeddable":true,"href":"https:\/\/www.europesays.com\/pt\/wp-json\/wp\/v2\/users\/2"}],"replies":[{"embeddable":true,"href":"https:\/\/www.europesays.com\/pt\/wp-json\/wp\/v2\/comments?post=508645"}],"version-history":[{"count":0,"href":"https:\/\/www.europesays.com\/pt\/wp-json\/wp\/v2\/posts\/508645\/revisions"}],"wp:featuredmedia":[{"embeddable":true,"href":"https:\/\/www.europesays.com\/pt\/wp-json\/wp\/v2\/media\/508646"}],"wp:attachment":[{"href":"https:\/\/www.europesays.com\/pt\/wp-json\/wp\/v2\/media?parent=508645"}],"wp:term":[{"taxonomy":"category","embeddable":true,"href":"https:\/\/www.europesays.com\/pt\/wp-json\/wp\/v2\/categories?post=508645"},{"taxonomy":"post_tag","embeddable":true,"href":"https:\/\/www.europesays.com\/pt\/wp-json\/wp\/v2\/tags?post=508645"}],"curies":[{"name":"wp","href":"https:\/\/api.w.org\/{rel}","templated":true}]}}