{"id":508719,"date":"2026-09-02T09:16:12","date_gmt":"2026-09-02T09:16:12","guid":{"rendered":"https:\/\/www.europesays.com\/pt\/508719\/"},"modified":"2026-09-02T09:16:12","modified_gmt":"2026-09-02T09:16:12","slug":"milhares-de-visualizacoes-esta-e-a-noticia-que-se-tornou-viral-e-esta-diretamente-ligada-ao-futebol-portugues-big-brother-verao-2026-ultimas-noticias-videos-e-diretos","status":"publish","type":"post","link":"https:\/\/www.europesays.com\/pt\/508719\/","title":{"rendered":"Milhares de visualiza\u00e7\u00f5es. Esta \u00e9 a not\u00edcia que se tornou viral e est\u00e1 diretamente ligada ao futebol portugu\u00eas &#8211; Big Brother Ver\u00e3o 2026: \u00daltimas Not\u00edcias, V\u00eddeos e Diretos"},"content":{"rendered":"<p>Os concorrentes do \u00abBig Brother Ver\u00e3o\u00bb foram surpreendidos com v\u00e1rias not\u00edcias do exterior durante a visita de Maria Botelho Moniz \u00e0 casa mais vigiada do pa\u00eds. Entre as revela\u00e7\u00f5es, uma em particular acabou por provocar uma rea\u00e7\u00e3o imediata:<strong> a ida de Jo\u00e3o Palhinha para o Benfica.<\/strong><\/p>\n<p>Depois de cerca de dois meses afastados da atualidade, <a href=\"https:\/\/tvi.iol.pt\/bigbrother\/video\/finalistas-reagem-a-noticias-de-portugal-e-do-mundo-veja-aqui-o-momento-na-integra\/6a95f4730cf2f6a1a1e75ece\" rel=\"nofollow noopener\" target=\"_blank\">os finalistas tiveram finalmente acesso a alguns dos acontecimentos que marcaram o pa\u00eds e o mundo durante o per\u00edodo de confinamento<\/a>. E, quando o tema passou para o futebol portugu\u00eas, Boris e Nuno quiseram saber o que tinha acontecido aos principais clubes.<\/p>\n<p>Foi ent\u00e3o que Maria Botelho Moniz revelou que Jo\u00e3o Palhinha tinha rumado ao Benfica. A informa\u00e7\u00e3o apanhou os concorrentes completamente de surpresa, sobretudo porque tinham outras expectativas relativamente ao futuro do internacional portugu\u00eas.<\/p>\n<p>\u00abO qu\u00ea?\u00bb, reagiram, incr\u00e9dulos, perante a novidade. A apresentadora n\u00e3o conseguiu esconder o espanto com a rea\u00e7\u00e3o e brincou: \u00abDesculpem, n\u00e3o achei que fosse t\u00e3o dram\u00e1tico\u00bb.<\/p>\n<p>O momento rapidamente ganhou destaque nas redes sociais. O v\u00eddeo da rea\u00e7\u00e3o dos concorrentes, partilhado no TikTok e no Instagram, est\u00e1 a gerar milhares de coment\u00e1rios, partilhas e intera\u00e7\u00f5es, com os espectadores a divertirem-se com o choque provocado por uma simples not\u00edcia de futebol.<\/p>\n<p>Depois de semanas sem qualquer contacto com o exterior, a rea\u00e7\u00e3o dos finalistas mostra bem o impacto que algumas das mudan\u00e7as ocorridas durante o confinamento podem ter quando s\u00e3o finalmente reveladas.<\/p>\n","protected":false},"excerpt":{"rendered":"Os concorrentes do \u00abBig Brother Ver\u00e3o\u00bb foram surpreendidos com v\u00e1rias not\u00edcias do exterior durante a visita de Maria&hellip;\n","protected":false},"author":2,"featured_media":508720,"comment_status":"","ping_status":"","sticky":false,"template":"","format":"standard","meta":{"footnotes":"","_share_on_mastodon":"0"},"categories":[85],"tags":[331,48,70471,333,328,335,336,114,115,334,332,330,5817,338,13,7992,32,33,162,227],"class_list":["post-508719","post","type-post","status-publish","format-standard","has-post-thumbnail","category-entretenimento","tag-big","tag-big-brother","tag-boris","tag-comentadores","tag-concorrentes","tag-confrontos","tag-discussoes","tag-entertainment","tag-entretenimento","tag-exclusivos","tag-expulso","tag-gala","tag-joao-palhinha","tag-maria-botelho-moniz","tag-noticias","tag-nuno","tag-portugal","tag-pt","tag-tvi","tag-videos"],"share_on_mastodon":{"url":"https:\/\/pubeurope.com\/@pt\/117200695345249070","error":""},"_links":{"self":[{"href":"https:\/\/www.europesays.com\/pt\/wp-json\/wp\/v2\/posts\/508719","targetHints":{"allow":["GET"]}}],"collection":[{"href":"https:\/\/www.europesays.com\/pt\/wp-json\/wp\/v2\/posts"}],"about":[{"href":"https:\/\/www.europesays.com\/pt\/wp-json\/wp\/v2\/types\/post"}],"author":[{"embeddable":true,"href":"https:\/\/www.europesays.com\/pt\/wp-json\/wp\/v2\/users\/2"}],"replies":[{"embeddable":true,"href":"https:\/\/www.europesays.com\/pt\/wp-json\/wp\/v2\/comments?post=508719"}],"version-history":[{"count":0,"href":"https:\/\/www.europesays.com\/pt\/wp-json\/wp\/v2\/posts\/508719\/revisions"}],"wp:featuredmedia":[{"embeddable":true,"href":"https:\/\/www.europesays.com\/pt\/wp-json\/wp\/v2\/media\/508720"}],"wp:attachment":[{"href":"https:\/\/www.europesays.com\/pt\/wp-json\/wp\/v2\/media?parent=508719"}],"wp:term":[{"taxonomy":"category","embeddable":true,"href":"https:\/\/www.europesays.com\/pt\/wp-json\/wp\/v2\/categories?post=508719"},{"taxonomy":"post_tag","embeddable":true,"href":"https:\/\/www.europesays.com\/pt\/wp-json\/wp\/v2\/tags?post=508719"}],"curies":[{"name":"wp","href":"https:\/\/api.w.org\/{rel}","templated":true}]}}