{"id":508745,"date":"2026-09-02T09:36:24","date_gmt":"2026-09-02T09:36:24","guid":{"rendered":"https:\/\/www.europesays.com\/pt\/508745\/"},"modified":"2026-09-02T09:36:24","modified_gmt":"2026-09-02T09:36:24","slug":"as-ultimas-do-mercado-todas-as-ultimas-informacoes-sobre-o-mercado-de-transferencias-9","status":"publish","type":"post","link":"https:\/\/www.europesays.com\/pt\/508745\/","title":{"rendered":"As \u00faltimas do mercado: todas as \u00faltimas informa\u00e7\u00f5es sobre o mercado de transfer\u00eancias"},"content":{"rendered":"<p>Atualizado a 1 de setembro\u00a0<\/p>\n<p>                                    <img decoding=\"async\" src=\"https:\/\/www.europesays.com\/pt\/wp-content\/uploads\/2026\/09\/claudio-echeverri-bayer-leverkusen-2025-26-1756284763-175910.jpg\" title=\"As \u00faltimas do mercado: todas as \u00faltimas informa\u00e7\u00f5es sobre o mercado de transfer\u00eancias\" alt=\"As \u00faltimas do mercado: todas as \u00faltimas informa\u00e7\u00f5es sobre o mercado de transfer\u00eancias\" class=\"\"\/><\/p>\n<p>\n                                       \u00a9IMAGO\n                                    <\/p>\n<p>Com a nova temporada j\u00e1 em andamento, as equipas continuam a movimentar-se na procura de novos jogadores e, naturalmente, o mercado de transfer\u00eancias desempenha um papel crucial a esse n\u00edvel. Nesse sentido, o <strong>Transfermarkt<\/strong> vai acompanhar, diariamente, todas as informa\u00e7\u00f5es relacionadas com o mercado, dando conta n\u00e3o s\u00f3 das oficializa\u00e7\u00f5es, mas tamb\u00e9m dos rumores mais importantes que forem ventilados pela imprensa desportiva. Convidamos todos os nossos utilizadores a participarem na discuss\u00e3o no <strong><a href=\"https:\/\/www.transfermarkt.pt\/rumores\/detail\/forum\/154\" target=\"_blank\" rel=\"nofollow noopener\">F\u00f3rum do Transfermarkt<\/a><\/strong>, onde reunimos todos os \u00faltimos rumores de transfer\u00eancias.<\/p>\n<p>\n<strong>As \u00faltimas do mercado<\/strong><\/p>\n<p>\u00c9 oficial: <strong><a title=\"Enzo Fern\u00e1ndez\" href=\"https:\/\/www.transfermarkt.pt\/enzo-fern-ndez\/profil\/spieler\/648195\" target=\"_blank\" rel=\"nofollow noopener\">Enzo Fern\u00e1ndez<\/a><\/strong> deixa o <strong><a title=\"Chelsea FC\" href=\"https:\/\/www.transfermarkt.pt\/chelsea-fc\/startseite\/verein\/631\" target=\"_blank\" rel=\"nofollow noopener\">Chelsea<\/a><\/strong> e ruma ao <strong><a title=\"Manchester City FC\" href=\"https:\/\/www.transfermarkt.pt\/manchester-city-fc\/startseite\/verein\/281\" target=\"_blank\" rel=\"nofollow noopener\">Manchester City<\/a><\/strong> a troco de 145 milh\u00f5es de euros, naquele que \u00e9 o maior neg\u00f3cio deste mercado de ver\u00e3o.<\/p>\n<p><\/p>\n<p>Neste \u00faltimo dia do mercado em Inglaterra, o <strong><a title=\"AFC Sunderland\" href=\"https:\/\/www.transfermarkt.pt\/afc-sunderland\/startseite\/verein\/289\" target=\"_blank\" rel=\"nofollow noopener\">Sunderland<\/a><\/strong> estava disposto a dar cerca de 20 milh\u00f5es de euros, mas o <strong><a title=\"SL Benfica\" href=\"https:\/\/www.transfermarkt.pt\/sl-benfica\/startseite\/verein\/294\" target=\"_blank\" rel=\"nofollow noopener\">Benfica<\/a><\/strong> ter\u00e1 recusado vender <strong><a title=\"Dodi Luk\u00e9bakio\" href=\"https:\/\/www.transfermarkt.pt\/dodi-luk-bakio\/profil\/spieler\/303259\" target=\"_blank\" rel=\"nofollow noopener\">Dodi Luk\u00e9bakio<\/a><\/strong> ao clube ingl\u00eas, segundo o jornal &#8216;Record&#8217;.<\/p>\n<p><\/p>\n<p>\u00c9 oficial: o <strong><a title=\"FC Porto\" href=\"https:\/\/www.transfermarkt.pt\/fc-porto\/startseite\/verein\/720\" target=\"_blank\" rel=\"nofollow noopener\">FC Porto<\/a><\/strong> anunciou a venda do ponta de lan\u00e7a <strong><a title=\"Deniz G\u00fcl\" href=\"https:\/\/www.transfermarkt.pt\/deniz-g-l\/profil\/spieler\/1063292\" target=\"_blank\" rel=\"nofollow noopener\">Deniz G\u00fcl<\/a><\/strong> aos turcos do <strong><a title=\"Galatasaray\" href=\"https:\/\/www.transfermarkt.pt\/galatasaray\/startseite\/verein\/141\" target=\"_blank\" rel=\"nofollow noopener\">Galatasaray<\/a><\/strong>. <strong><a href=\"https:\/\/www.transfermarkt.pt\/deniz-gul-reforca-galatasaray-avancado-turco-pode-render-ate-11m-euro-aos-cofres-do-fc-porto\/view\/news\/486178\" target=\"_blank\" rel=\"nofollow noopener\">SABE MAIS<\/a><\/strong><\/p>\n<p><\/p>\n<p>\u00c9 oficial: <strong><a title=\"Daniel Bragan\u00e7a\" href=\"https:\/\/www.transfermarkt.pt\/daniel-bragan-a\/profil\/spieler\/461943\" target=\"_blank\" rel=\"nofollow noopener\">Daniel Bragan\u00e7a<\/a><\/strong> foi emprestado pelo <strong><a title=\"Sporting CP\" href=\"https:\/\/www.transfermarkt.pt\/sporting-cp\/startseite\/verein\/336\" target=\"_blank\" rel=\"nofollow noopener\">Sporting<\/a><\/strong>, com cl\u00e1usula de compra obrigat\u00f3ria, aos italianos do <strong><a title=\"Torino FC\" href=\"https:\/\/www.transfermarkt.pt\/torino-fc\/startseite\/verein\/416\" target=\"_blank\" rel=\"nofollow noopener\">Torino<\/a><\/strong>. <strong><a href=\"https:\/\/www.transfermarkt.pt\/daniel-braganca-emprestado-sporting-pode-receber-ate-4-5m-euro-pela-saida-para-o-torino\/view\/news\/486201\" target=\"_blank\" rel=\"nofollow noopener\">SABE MAIS<\/a><\/strong><\/p>\n<p><\/p>\n<p>\u00c9 oficial: <strong><a title=\"Pedro Gon\u00e7alves\" href=\"https:\/\/www.transfermarkt.pt\/pedro-gon-alves\/profil\/spieler\/426620\" target=\"_blank\" rel=\"nofollow noopener\">Pedro Gon\u00e7alves<\/a><\/strong> foi apresentado como refor\u00e7o da <strong><a title=\"ACF Fiorentina\" href=\"https:\/\/www.transfermarkt.pt\/acf-fiorentina\/startseite\/verein\/430\" target=\"_blank\" rel=\"nofollow noopener\">Fiorentina<\/a><\/strong>, que recebe o internacional portugu\u00eas por empr\u00e9stimo do <strong><a title=\"Sporting CP\" href=\"https:\/\/www.transfermarkt.pt\/sporting-cp\/startseite\/verein\/336\" target=\"_blank\" rel=\"nofollow noopener\">Sporting<\/a><\/strong>, com op\u00e7\u00e3o de compra. <strong><a href=\"https:\/\/www.transfermarkt.pt\/pedro-goncalves-emprestado-a-fiorentina-com-opcao-de-compra-sporting-pode-receber-25m-euro-\/view\/news\/486217\" target=\"_blank\" rel=\"nofollow noopener\">SABE MAIS<\/a><\/strong><\/p>\n<p><\/p>\n<p>\u00c9 oficial: <a title=\"Souffian El Karouani\" href=\"https:\/\/www.transfermarkt.pt\/souffian-el-karouani\/profil\/spieler\/541134\" target=\"_blank\" rel=\"nofollow noopener\"><strong>Souffian El Karouan<\/strong>i<\/a> foi anunciado como refor\u00e7o do <strong><a title=\"SL Benfica\" href=\"https:\/\/www.transfermarkt.pt\/sl-benfica\/startseite\/verein\/294\" target=\"_blank\" rel=\"nofollow noopener\">Benfica<\/a><\/strong> por empr\u00e9stimo dos sauditas do <strong><a title=\"Al-Qadsiah FC\" href=\"https:\/\/www.transfermarkt.pt\/al-qadsiah-fc\/startseite\/verein\/26069\" target=\"_blank\" rel=\"nofollow noopener\">Al-Qadsiah<\/a><\/strong>. <strong><a href=\"https:\/\/www.transfermarkt.pt\/el-karouani-chega-ao-benfica-por-emprestimo-opcao-de-compra-no-final-da-epoca-e-de-10m-euro-\/view\/news\/486213\" target=\"_blank\" rel=\"nofollow noopener\">SABE MAIS<\/a><\/strong><\/p>\n<p><\/p>\n<p><strong><a title=\"Pedro Gon\u00e7alves\" href=\"https:\/\/www.transfermarkt.pt\/pedro-gon-alves\/profil\/spieler\/426620\" target=\"_blank\" rel=\"nofollow noopener\">Pedro Gon\u00e7alves<\/a><\/strong> est\u00e1 mesmo de sa\u00edda do <strong><a title=\"Sporting CP\" href=\"https:\/\/www.transfermarkt.pt\/sporting-cp\/startseite\/verein\/336\" target=\"_blank\" rel=\"nofollow noopener\">Sporting<\/a><\/strong>. Os le\u00f5es chegaram a acordo com a <strong><a title=\"ACF Fiorentina\" href=\"https:\/\/www.transfermarkt.pt\/acf-fiorentina\/startseite\/verein\/430\" target=\"_blank\" rel=\"nofollow noopener\">Fiorentina<\/a><\/strong> para um empr\u00e9stimo com uma op\u00e7\u00e3o de compra que se pode tornar obrigat\u00f3ria, mediante o cumprimento de objetivos, no valor de 22,5 milh\u00f5es de euros.<\/p>\n<p><\/p>\n<p>O <strong><a title=\"SL Benfica\" href=\"https:\/\/www.transfermarkt.pt\/sl-benfica\/startseite\/verein\/294\" target=\"_blank\" rel=\"nofollow noopener\">Benfica<\/a><\/strong>, avan\u00e7a o jornal &#8216;Record&#8217;, j\u00e1 garantiu a contrata\u00e7\u00e3o do m\u00e9dio <a title=\"Claudio Echeverri\" href=\"https:\/\/www.transfermarkt.pt\/claudio-echeverri\/profil\/spieler\/994536\" target=\"_blank\" rel=\"nofollow noopener\"><strong>Claudio Echeverr<\/strong>i<\/a>. O argentino, de 20 anos, chegar\u00e1 \u00e0 Luz por empr\u00e9stimo do <strong><a title=\"Manchester City FC\" href=\"https:\/\/www.transfermarkt.pt\/manchester-city-fc\/startseite\/verein\/281\" target=\"_blank\" rel=\"nofollow noopener\">Manchester City<\/a><\/strong>, num neg\u00f3cio que incluir\u00e1 uma op\u00e7\u00e3o de compra, que poder\u00e1 ser ativada no final da temporada.<\/p>\n<p><\/p>\n<p>O <strong><a title=\"SL Benfica\" href=\"https:\/\/www.transfermarkt.pt\/sl-benfica\/startseite\/verein\/294\" target=\"_blank\" rel=\"nofollow noopener\">Benfica<\/a><\/strong> prepara-se para emprestar <strong><a title=\"Richard R\u00edos\" href=\"https:\/\/www.transfermarkt.pt\/richard-r-os\/profil\/spieler\/735573\" target=\"_blank\" rel=\"nofollow noopener\">Richard R\u00edos<\/a><\/strong>. A imprensa desportiva portuguesa garante que o m\u00e9dio colombiano vai ser cedido aos sauditas do <strong><a title=\"Al-Ittihad Club\" href=\"https:\/\/www.transfermarkt.pt\/al-ittihad-club\/startseite\/verein\/8023\" target=\"_blank\" rel=\"nofollow noopener\">Al-Ittihad<\/a><\/strong>, n\u00e3o estando prevista, no entanto, uma op\u00e7\u00e3o de compra no acordo entre os dois clubes.<\/p>\n<p><\/p>\n<p>\u00c9 oficial: o lateral esquerdo brasileiro <strong><a title=\"Souza\" href=\"https:\/\/www.transfermarkt.pt\/souza\/profil\/spieler\/1086258\" target=\"_blank\" rel=\"nofollow noopener\">Souza<\/a><\/strong> \u00e9 refor\u00e7o do <strong><a title=\"FC Porto\" href=\"https:\/\/www.transfermarkt.pt\/fc-porto\/startseite\/verein\/720\" target=\"_blank\" rel=\"nofollow noopener\">FC Porto<\/a><\/strong> por empr\u00e9stimo do <strong><a title=\"Tottenham Hotspur\" href=\"https:\/\/www.transfermarkt.pt\/tottenham-hotspur\/startseite\/verein\/148\" target=\"_blank\" rel=\"nofollow noopener\">Tottenham<\/a><\/strong>. <strong><a href=\"https:\/\/www.transfermarkt.pt\/fc-porto-tem-um-novo-lateral-esquerdo-souza-chega-ao-dragao-por-emprestimo-do-tottenham\/view\/news\/486069\" target=\"_blank\" rel=\"nofollow noopener\">SABE MAIS<\/a><\/strong><\/p>\n<p><\/p>\n<p>\u00c9 oficial: <strong><a title=\"Santiago Gimenez\" href=\"https:\/\/www.transfermarkt.pt\/santiago-gimenez\/profil\/spieler\/552955\" target=\"_blank\" rel=\"nofollow noopener\">Santiago Gimenez<\/a><\/strong> \u00e9 refor\u00e7o do <strong><a title=\"FC Porto\" href=\"https:\/\/www.transfermarkt.pt\/fc-porto\/startseite\/verein\/720\" target=\"_blank\" rel=\"nofollow noopener\">FC Porto<\/a><\/strong> por empr\u00e9stimo do <strong><a title=\"AC Milan\" href=\"https:\/\/www.transfermarkt.pt\/ac-milan\/startseite\/verein\/5\" target=\"_blank\" rel=\"nofollow noopener\">Milan<\/a><\/strong>, num neg\u00f3cio que inclui uma op\u00e7\u00e3o de compra. <strong><a href=\"https:\/\/www.transfermarkt.pt\/gimenez-reforca-fc-porto-emprestimo-com-opcao-de-compra-que-se-pode-tornar-obrigatoria\/view\/news\/485923\" target=\"_blank\" rel=\"nofollow noopener\">SABE MAIS<\/a><\/strong><\/p>\n<p><\/p>\n<p>\u00c9 oficial: o extremo franc\u00eas <strong><a title=\"Bradley Barcola\" href=\"https:\/\/www.transfermarkt.pt\/bradley-barcola\/profil\/spieler\/708265\" target=\"_blank\" rel=\"nofollow noopener\">Bradley Barcola<\/a><\/strong> deixou o <strong><a title=\"Paris Saint-Germain\" href=\"https:\/\/www.transfermarkt.pt\/paris-saint-germain\/startseite\/verein\/583\" target=\"_blank\" rel=\"nofollow noopener\">PSG<\/a><\/strong> para assinar pelo <strong><a title=\"Liverpool FC\" href=\"https:\/\/www.transfermarkt.pt\/liverpool-fc\/startseite\/verein\/31\" target=\"_blank\" rel=\"nofollow noopener\">Liverpool<\/a><\/strong> a troco de 125 milh\u00f5es de euros, num neg\u00f3cio que contempla ainda 20 milh\u00f5es de euros que est\u00e3o dependentes do cumprimento de objetivos.<\/p>\n<p><\/p>\n<p>O <strong><a title=\"FC Porto\" href=\"https:\/\/www.transfermarkt.pt\/fc-porto\/startseite\/verein\/720\" target=\"_blank\" rel=\"nofollow noopener\">FC Porto<\/a><\/strong> garantiu, de acordo com v\u00e1rios relatos da imprensa desportiva portuguesa, o empr\u00e9stimo do lateral esquerdo brasileiro <strong><a title=\"Souza\" href=\"https:\/\/www.transfermarkt.pt\/souza\/profil\/spieler\/1086258\" target=\"_blank\" rel=\"nofollow noopener\">Souza<\/a><\/strong>, do <strong><a title=\"Tottenham Hotspur\" href=\"https:\/\/www.transfermarkt.pt\/tottenham-hotspur\/startseite\/verein\/148\" target=\"_blank\" rel=\"nofollow noopener\">Tottenham<\/a><\/strong>, at\u00e9 ao final da presente temporada. O acordo n\u00e3o inclui uma op\u00e7\u00e3o de compra.<\/p>\n<p><\/p>\n<p><strong><a title=\"Gabriel Mec\" href=\"https:\/\/www.transfermarkt.pt\/gabriel-mec\/profil\/spieler\/1228661\" target=\"_blank\" rel=\"nofollow noopener\">Gabriel Mec<\/a><\/strong> est\u00e1 muito pr\u00f3ximo de se tornar jogador do <strong><a title=\"FC Porto\" href=\"https:\/\/www.transfermarkt.pt\/fc-porto\/startseite\/verein\/720\" target=\"_blank\" rel=\"nofollow noopener\">FC Porto<\/a><\/strong>. Em comunicado, o <strong><a title=\"Gr\u00eamio FBPA\" href=\"https:\/\/www.transfermarkt.pt\/gr-mio-fbpa\/startseite\/verein\/210\" target=\"_blank\" rel=\"nofollow noopener\">Gr\u00eamio<\/a><\/strong> anunciou que aceitou uma proposta dos drag\u00f5es pelo jovem m\u00e9dio ofensivo brasileiro, de 18 anos, que tem agora de realizar os habituais exames m\u00e9dicos antes de assinar pelo emblema da Invicta, que dever\u00e1 pagar cerca de 10 milh\u00f5es de euros pela sua contrata\u00e7\u00e3o.<\/p>\n<p><\/p>\n<p><strong><a title=\"Souffian El Karouani\" href=\"https:\/\/www.transfermarkt.pt\/souffian-el-karouani\/profil\/spieler\/541134\" target=\"_blank\" rel=\"nofollow noopener\">Souffian El Karouani<\/a><\/strong> j\u00e1 n\u00e3o escapa ao <strong><a title=\"SL Benfica\" href=\"https:\/\/www.transfermarkt.pt\/sl-benfica\/startseite\/verein\/294\" target=\"_blank\" rel=\"nofollow noopener\">Benfica<\/a><\/strong>. O lateral esquerdo marroquino j\u00e1 aterrou em Portugal, depois de os encarnados acertarem o seu empr\u00e9stimo com os sauditas do <strong><a title=\"Al-Qadsiah FC\" href=\"https:\/\/www.transfermarkt.pt\/al-qadsiah-fc\/startseite\/verein\/26069\" target=\"_blank\" rel=\"nofollow noopener\">Al-Qadsiah<\/a><\/strong>. O acordo inclui uma op\u00e7\u00e3o de compra na ordem dos 10 milh\u00f5es de euros.<\/p>\n<p><\/p>\n<p>A imprensa desportiva portuguesa garante que o <strong><a title=\"FC Porto\" href=\"https:\/\/www.transfermarkt.pt\/fc-porto\/startseite\/verein\/720\" target=\"_blank\" rel=\"nofollow noopener\">FC Porto<\/a><\/strong> j\u00e1 fechou a contrata\u00e7\u00e3o de <strong><a title=\"Santiago Gimenez\" href=\"https:\/\/www.transfermarkt.pt\/santiago-gimenez\/profil\/spieler\/552955\" target=\"_blank\" rel=\"nofollow noopener\">Santiago Gimenez<\/a><\/strong> junto do <strong><a title=\"AC Milan\" href=\"https:\/\/www.transfermarkt.pt\/ac-milan\/startseite\/verein\/5\" target=\"_blank\" rel=\"nofollow noopener\">Milan<\/a><\/strong>. O avan\u00e7ado mexicano chegar\u00e1 \u00e0 Invicta por empr\u00e9stimo com uma op\u00e7\u00e3o de compra de 18 milh\u00f5es de euros mais objetivos, que se poder\u00e1 tornar obrigat\u00f3ria mediante o cumprimento de objetivos.<\/p>\n<p><\/p>\n<p>Segundo o jornal &#8216;Record&#8217;, o <strong><a title=\"FC Porto\" href=\"https:\/\/www.transfermarkt.pt\/fc-porto\/startseite\/verein\/720\" target=\"_blank\" rel=\"nofollow noopener\">FC Porto<\/a><\/strong> est\u00e1 interessado em contratar o m\u00e9dio ofensivo brasileiro <strong><a title=\"Gabriel Mec\" href=\"https:\/\/www.transfermarkt.pt\/gabriel-mec\/profil\/spieler\/1228661\" target=\"_blank\" rel=\"nofollow noopener\">Gabriel Mec<\/a><\/strong>, de apenas 18 anos, havendo a possibilidade de fazer uma proposta ao <strong><a title=\"Gr\u00eamio FBPA\" href=\"https:\/\/www.transfermarkt.pt\/gr-mio-fbpa\/startseite\/verein\/210\" target=\"_blank\" rel=\"nofollow noopener\">Gr\u00eamio<\/a><\/strong> pelo seu passe at\u00e9 ao fecho do mercado.<\/p>\n<p><\/p>\n<p>\u00c9 oficial: o guarda-redes brasileiro <strong><a title=\"Kaique Pereira\" href=\"https:\/\/www.transfermarkt.pt\/kaique-pereira\/profil\/spieler\/964590\" target=\"_blank\" rel=\"nofollow noopener\">Kaique Pereira<\/a><\/strong> deixa o <strong><a title=\"SE Palmeiras\" href=\"https:\/\/www.transfermarkt.pt\/se-palmeiras\/startseite\/verein\/1023\" target=\"_blank\" rel=\"nofollow noopener\">Palmeiras<\/a><\/strong> para refor\u00e7ar a baliza do <strong><a title=\"Sporting CP\" href=\"https:\/\/www.transfermarkt.pt\/sporting-cp\/startseite\/verein\/336\" target=\"_blank\" rel=\"nofollow noopener\">Sporting<\/a><\/strong>. <strong><a href=\"https:\/\/www.transfermarkt.pt\/o-sporting-tem-um-novo-guarda-redes-kaique-pereira-reforca-a-baliza-dos-leoes-a-troco-de-4m-euro-\/view\/news\/485690\" target=\"_blank\" rel=\"nofollow noopener\">SABE MAIS<\/a><\/strong><\/p>\n<p><\/p>\n<p>Havendo a possibilidade de <strong><a title=\"Richard R\u00edos\" href=\"https:\/\/www.transfermarkt.pt\/richard-r-os\/profil\/spieler\/735573\" target=\"_blank\" rel=\"nofollow noopener\">Richard R\u00edos<\/a><\/strong> abandonar o <strong><a title=\"SL Benfica\" href=\"https:\/\/www.transfermarkt.pt\/sl-benfica\/startseite\/verein\/294\" target=\"_blank\" rel=\"nofollow noopener\">Benfica<\/a><\/strong> at\u00e9 ao fecho do mercado, as \u00e1guias j\u00e1 t\u00eam uma alternativa ao colombiano: trata-se do compatriota <strong><a title=\"Gustavo Puerta\" href=\"https:\/\/www.transfermarkt.pt\/gustavo-puerta\/profil\/spieler\/936981\" target=\"_blank\" rel=\"nofollow noopener\">Gustavo Puerta<\/a><\/strong>, que joga nos espanh\u00f3is do <strong><a title=\"Racing Santander\" href=\"https:\/\/www.transfermarkt.pt\/racing-santander\/startseite\/verein\/630\" target=\"_blank\" rel=\"nofollow noopener\">Racing Santander<\/a><\/strong>. Inclusive <strong><a title=\"Evangelos Marinakis\" href=\"https:\/\/www.transfermarkt.pt\/evangelos-marinakis\/profil\/trainer\/24002\" target=\"_blank\" rel=\"nofollow noopener\">Evangelos Marinakis<\/a><\/strong>, propriet\u00e1rio do <strong><a title=\"Olympiacos\" href=\"https:\/\/www.transfermarkt.pt\/olympiacos\/startseite\/verein\/683\" target=\"_blank\" rel=\"nofollow noopener\">Olympiacos<\/a><\/strong>, revelou que acionou a cl\u00e1usula de rescis\u00e3o do m\u00e9dio, no valor de 16 milh\u00f5es de euros, mas que o jogador &#8220;quer ir para o Benfica&#8221;.<\/p>\n<p><\/p>\n<p>Segundo o jornal &#8216;Record&#8217;, o <strong><a title=\"Galatasaray\" href=\"https:\/\/www.transfermarkt.pt\/galatasaray\/startseite\/verein\/141\" target=\"_blank\" rel=\"nofollow noopener\">Galatasaray<\/a><\/strong> j\u00e1 iniciou conversa\u00e7\u00f5es e pondera avan\u00e7ar com uma proposta oficial junto do <strong><a title=\"SL Benfica\" href=\"https:\/\/www.transfermarkt.pt\/sl-benfica\/startseite\/verein\/294\" target=\"_blank\" rel=\"nofollow noopener\">Benfica<\/a><\/strong> por <strong><a title=\"Richard R\u00edos\" href=\"https:\/\/www.transfermarkt.pt\/richard-r-os\/profil\/spieler\/735573\" target=\"_blank\" rel=\"nofollow noopener\">Richard R\u00edos<\/a><\/strong> nestes \u00faltimos dias do mercado de ver\u00e3o.<\/p>\n<p><\/p>\n<p>\u00c9 oficial: o internacional portugu\u00eas <strong><a title=\"Rafael Le\u00e3o\" href=\"https:\/\/www.transfermarkt.pt\/rafael-le-o\/profil\/spieler\/357164\" target=\"_blank\" rel=\"nofollow noopener\">Rafael Le\u00e3o<\/a><\/strong> deixou o <strong><a title=\"AC Milan\" href=\"https:\/\/www.transfermarkt.pt\/ac-milan\/startseite\/verein\/5\" target=\"_blank\" rel=\"nofollow noopener\">Milan<\/a><\/strong> para refor\u00e7ar os turcos do <strong><a title=\"Galatasaray\" href=\"https:\/\/www.transfermarkt.pt\/galatasaray\/startseite\/verein\/141\" target=\"_blank\" rel=\"nofollow noopener\">Galatasaray<\/a><\/strong>. <strong><a href=\"https:\/\/www.transfermarkt.pt\/rafael-leao-oficializado-no-galatasaray-e-o-2-ordm-reforco-mais-caro-de-sempre-do-clube-turco\/view\/news\/485866\" target=\"_blank\" rel=\"nofollow noopener\">SABE MAIS<\/a><\/strong><\/p>\n<p><\/p>\n<p>\n                                <strong>Nota:<\/strong><br \/>\n                                Quando pesquisas algo no Google, al\u00e9m dos resultados normais, tamb\u00e9m aparece uma caixa com not\u00edcias atuais. Se definires o Transfermarkt como fonte preferida, os nossos conte\u00fados v\u00e3o aparecer l\u00e1 com mais frequ\u00eancia para ti.<br \/>\n                                <a href=\"https:\/\/www.google.com\/preferences\/source?q=transfermarkt.pt\" target=\"_blank\" rel=\"noopener noreferrer nofollow\" onclick=\"tmEvent(&#039;news&#039;,&#039;click&#039;,&#039;google-preferences&#039;);&#010;\"><br \/>\n                                    Adiciona o Transfermarkt aqui como fonte preferida.                                <\/a>\n                            <\/p>\n","protected":false},"excerpt":{"rendered":"Atualizado a 1 de setembro\u00a0 \u00a9IMAGO Com a nova temporada j\u00e1 em andamento, as equipas continuam a movimentar-se&hellip;\n","protected":false},"author":2,"featured_media":508746,"comment_status":"","ping_status":"","sticky":false,"template":"","format":"standard","meta":{"footnotes":"","_share_on_mastodon":"0"},"categories":[8],"tags":[81496,27,28,19552,15,16,524,14,5234,25,26,21,22,42,41,12,13,19,20,81497,729,32,23,24,33,3606,17,18,20228,35,23235,29,30,31],"class_list":["post-508745","post","type-post","status-publish","format-standard","has-post-thumbnail","category-principais-noticias","tag-as-ultimas-do-mercado","tag-breaking-news","tag-breakingnews","tag-contratacoes","tag-featured-news","tag-featurednews","tag-futebol","tag-headlines","tag-informacoes","tag-latest-news","tag-latestnews","tag-main-news","tag-mainnews","tag-mercado","tag-mercado-de-transferencias","tag-news","tag-noticias","tag-noticias-principais","tag-noticiasprincipais","tag-oficiais","tag-oficial","tag-portugal","tag-principais-noticias","tag-principaisnoticias","tag-pt","tag-rumores","tag-top-stories","tag-topstories","tag-transferencia","tag-transferencias","tag-transfermarkt","tag-ultimas","tag-ultimas-noticias","tag-ultimasnoticias"],"share_on_mastodon":{"url":"","error":"Validation failed: Text character limit of 500 exceeded"},"_links":{"self":[{"href":"https:\/\/www.europesays.com\/pt\/wp-json\/wp\/v2\/posts\/508745","targetHints":{"allow":["GET"]}}],"collection":[{"href":"https:\/\/www.europesays.com\/pt\/wp-json\/wp\/v2\/posts"}],"about":[{"href":"https:\/\/www.europesays.com\/pt\/wp-json\/wp\/v2\/types\/post"}],"author":[{"embeddable":true,"href":"https:\/\/www.europesays.com\/pt\/wp-json\/wp\/v2\/users\/2"}],"replies":[{"embeddable":true,"href":"https:\/\/www.europesays.com\/pt\/wp-json\/wp\/v2\/comments?post=508745"}],"version-history":[{"count":0,"href":"https:\/\/www.europesays.com\/pt\/wp-json\/wp\/v2\/posts\/508745\/revisions"}],"wp:featuredmedia":[{"embeddable":true,"href":"https:\/\/www.europesays.com\/pt\/wp-json\/wp\/v2\/media\/508746"}],"wp:attachment":[{"href":"https:\/\/www.europesays.com\/pt\/wp-json\/wp\/v2\/media?parent=508745"}],"wp:term":[{"taxonomy":"category","embeddable":true,"href":"https:\/\/www.europesays.com\/pt\/wp-json\/wp\/v2\/categories?post=508745"},{"taxonomy":"post_tag","embeddable":true,"href":"https:\/\/www.europesays.com\/pt\/wp-json\/wp\/v2\/tags?post=508745"}],"curies":[{"name":"wp","href":"https:\/\/api.w.org\/{rel}","templated":true}]}}