{"id":508761,"date":"2026-09-02T09:51:17","date_gmt":"2026-09-02T09:51:17","guid":{"rendered":"https:\/\/www.europesays.com\/pt\/508761\/"},"modified":"2026-09-02T09:51:17","modified_gmt":"2026-09-02T09:51:17","slug":"mulher-de-34-anos-morta-em-hotel-em-albufeira","status":"publish","type":"post","link":"https:\/\/www.europesays.com\/pt\/508761\/","title":{"rendered":"Mulher de 34 anos morta em hotel em Albufeira"},"content":{"rendered":"<p>Uma mulher de 34 anos foi hoje encontrada morta numa unidade hoteleira em Albufeira, no distrito de Faro, tendo sido detido um homem de 34 anos, por suspeita de homic\u00eddio, adiantou \u00e0 Lusa fonte da GNR.<\/p>\n<p class=\"text-paragraph\">O incidente ocorreu ao final da tarde de hoje e fonte da GNR indicou ainda que devido \u00e0 suspeita de homic\u00eddio foi contactada a Pol\u00edcia Judici\u00e1ria, que assumiu a investiga\u00e7\u00e3o.<\/p>\n<p class=\"text-paragraph\">De acordo com o Jornal de Not\u00edcias, a mulher ter\u00e1 sido esfaqueada pelo companheiro no corredor do hotel. Ambos s\u00e3o de nacionalidade brit\u00e2nica.<\/p>\n<p class=\"text-paragraph\">O casal estaria acompanhado de uma crian\u00e7a menor de idade, ainda de acordo com o jornal.<\/p>\n","protected":false},"excerpt":{"rendered":"Uma mulher de 34 anos foi hoje encontrada morta numa unidade hoteleira em Albufeira, no distrito de Faro,&hellip;\n","protected":false},"author":2,"featured_media":508762,"comment_status":"","ping_status":"","sticky":false,"template":"","format":"standard","meta":{"footnotes":"","_share_on_mastodon":"0"},"categories":[8],"tags":[27,28,15,16,14,25,26,21,22,12,13,19,20,4107,32,23,24,33,17,18,29,30,31],"class_list":["post-508761","post","type-post","status-publish","format-standard","has-post-thumbnail","category-principais-noticias","tag-breaking-news","tag-breakingnews","tag-featured-news","tag-featurednews","tag-headlines","tag-latest-news","tag-latestnews","tag-main-news","tag-mainnews","tag-news","tag-noticias","tag-noticias-principais","tag-noticiasprincipais","tag-pj","tag-portugal","tag-principais-noticias","tag-principaisnoticias","tag-pt","tag-top-stories","tag-topstories","tag-ultimas","tag-ultimas-noticias","tag-ultimasnoticias"],"share_on_mastodon":{"url":"https:\/\/pubeurope.com\/@pt\/117200832856842614","error":""},"_links":{"self":[{"href":"https:\/\/www.europesays.com\/pt\/wp-json\/wp\/v2\/posts\/508761","targetHints":{"allow":["GET"]}}],"collection":[{"href":"https:\/\/www.europesays.com\/pt\/wp-json\/wp\/v2\/posts"}],"about":[{"href":"https:\/\/www.europesays.com\/pt\/wp-json\/wp\/v2\/types\/post"}],"author":[{"embeddable":true,"href":"https:\/\/www.europesays.com\/pt\/wp-json\/wp\/v2\/users\/2"}],"replies":[{"embeddable":true,"href":"https:\/\/www.europesays.com\/pt\/wp-json\/wp\/v2\/comments?post=508761"}],"version-history":[{"count":0,"href":"https:\/\/www.europesays.com\/pt\/wp-json\/wp\/v2\/posts\/508761\/revisions"}],"wp:featuredmedia":[{"embeddable":true,"href":"https:\/\/www.europesays.com\/pt\/wp-json\/wp\/v2\/media\/508762"}],"wp:attachment":[{"href":"https:\/\/www.europesays.com\/pt\/wp-json\/wp\/v2\/media?parent=508761"}],"wp:term":[{"taxonomy":"category","embeddable":true,"href":"https:\/\/www.europesays.com\/pt\/wp-json\/wp\/v2\/categories?post=508761"},{"taxonomy":"post_tag","embeddable":true,"href":"https:\/\/www.europesays.com\/pt\/wp-json\/wp\/v2\/tags?post=508761"}],"curies":[{"name":"wp","href":"https:\/\/api.w.org\/{rel}","templated":true}]}}