{"id":508777,"date":"2026-09-02T10:07:18","date_gmt":"2026-09-02T10:07:18","guid":{"rendered":"https:\/\/www.europesays.com\/pt\/508777\/"},"modified":"2026-09-02T10:07:18","modified_gmt":"2026-09-02T10:07:18","slug":"agora-e-oficial-enzo-fernandez-e-reforco-do-manchester-city","status":"publish","type":"post","link":"https:\/\/www.europesays.com\/pt\/508777\/","title":{"rendered":"AGORA \u00c9 OFICIAL! Enzo Fern\u00e1ndez \u00e9 refor\u00e7o do Manchester City"},"content":{"rendered":"<p>Depois de uma longa novela que parecia ter como final a cidade de Madrid, Enzo Fern\u00e1ndez vai afinal trocar Londres por Manchester.<\/p>\n<p>O ex-m\u00e9dio do Benfica protagoniza, a par da de Alexander Isak do Newcastle para o Liverpool no ano passado, a maior transfer\u00eancia da hist\u00f3ria do futebol ingl\u00eas.<\/p>\n<p>Os citizens, cujo diretor-desportivo \u00e9 o ex-Sporting Hugo Viana, pagou ao Chelsea 125 milh\u00f5es de libras, perto de 146 milh\u00f5es de euros \u00e0 taxa de c\u00e2mbio atual.<\/p>\n<p>No Manchester City, Enzo vai reencontrar Enzo Maresca, com quem trabalhou no Chelsea.<\/p>\n<p>O neg\u00f3cio vai render ao cofres do Benfica cerca de 725 mil euros ao <a href=\"https:\/\/maisfutebol.iol.pt\/benfica\/transferencias\/benfica-lucra-com-venda-historia-de-enzo-fernandez-ao-manchester-city\" rel=\"nofollow noopener\" target=\"_blank\"><strong>abrigo do mecanismo de solidariedade.<\/strong><\/a><\/p>\n<blockquote class=\"twitter-tweet\">\n<p lang=\"en\">Introducing our new Argentinian Blue \ud83c\udde6\ud83c\uddf7\ud83e\ude75 <a href=\"https:\/\/t.co\/nEHQ1oM855\" rel=\"nofollow\">pic.twitter.com\/nEHQ1oM855<\/a><\/p>\n<p> \u2014 Manchester City (@ManCity)<br \/>\n  <a href=\"https:\/\/x.com\/ManCity\/status\/2094915749773000871?ref_src=twsrc%5Etfw\" rel=\"nofollow\">September 1, 2026<\/a>\n <\/p><\/blockquote>\n<p>                                <script async src=\"https:\/\/platform.twitter.com\/widgets.js\" charset=\"utf-8\"><\/script><\/p>\n","protected":false},"excerpt":{"rendered":"Depois de uma longa novela que parecia ter como final a cidade de Madrid, Enzo Fern\u00e1ndez vai afinal&hellip;\n","protected":false},"author":2,"featured_media":508778,"comment_status":"","ping_status":"","sticky":false,"template":"","format":"standard","meta":{"footnotes":"","_share_on_mastodon":"0"},"categories":[8],"tags":[27,28,904,24353,15,16,14,665,82,25,26,21,22,46,1382,12,13,19,20,32,23,24,33,47,17,18,29,30,31],"class_list":["post-508777","post","type-post","status-publish","format-standard","has-post-thumbnail","category-principais-noticias","tag-breaking-news","tag-breakingnews","tag-chelsea","tag-enzo-fernandez","tag-featured-news","tag-featurednews","tag-headlines","tag-inglaterra","tag-internacional","tag-latest-news","tag-latestnews","tag-main-news","tag-mainnews","tag-maisfutebol","tag-manchester-city","tag-news","tag-noticias","tag-noticias-principais","tag-noticiasprincipais","tag-portugal","tag-principais-noticias","tag-principaisnoticias","tag-pt","tag-pura-paixao","tag-top-stories","tag-topstories","tag-ultimas","tag-ultimas-noticias","tag-ultimasnoticias"],"share_on_mastodon":{"url":"https:\/\/pubeurope.com\/@pt\/117200895883981330","error":""},"_links":{"self":[{"href":"https:\/\/www.europesays.com\/pt\/wp-json\/wp\/v2\/posts\/508777","targetHints":{"allow":["GET"]}}],"collection":[{"href":"https:\/\/www.europesays.com\/pt\/wp-json\/wp\/v2\/posts"}],"about":[{"href":"https:\/\/www.europesays.com\/pt\/wp-json\/wp\/v2\/types\/post"}],"author":[{"embeddable":true,"href":"https:\/\/www.europesays.com\/pt\/wp-json\/wp\/v2\/users\/2"}],"replies":[{"embeddable":true,"href":"https:\/\/www.europesays.com\/pt\/wp-json\/wp\/v2\/comments?post=508777"}],"version-history":[{"count":0,"href":"https:\/\/www.europesays.com\/pt\/wp-json\/wp\/v2\/posts\/508777\/revisions"}],"wp:featuredmedia":[{"embeddable":true,"href":"https:\/\/www.europesays.com\/pt\/wp-json\/wp\/v2\/media\/508778"}],"wp:attachment":[{"href":"https:\/\/www.europesays.com\/pt\/wp-json\/wp\/v2\/media?parent=508777"}],"wp:term":[{"taxonomy":"category","embeddable":true,"href":"https:\/\/www.europesays.com\/pt\/wp-json\/wp\/v2\/categories?post=508777"},{"taxonomy":"post_tag","embeddable":true,"href":"https:\/\/www.europesays.com\/pt\/wp-json\/wp\/v2\/tags?post=508777"}],"curies":[{"name":"wp","href":"https:\/\/api.w.org\/{rel}","templated":true}]}}