{"id":508807,"date":"2026-09-02T10:56:09","date_gmt":"2026-09-02T10:56:09","guid":{"rendered":"https:\/\/www.europesays.com\/pt\/508807\/"},"modified":"2026-09-02T10:56:09","modified_gmt":"2026-09-02T10:56:09","slug":"darwin-desabafa-apos-sair-do-al-hilal-nao-desejo-a-ninguem","status":"publish","type":"post","link":"https:\/\/www.europesays.com\/pt\/508807\/","title":{"rendered":"Darwin desabafa ap\u00f3s sair do Al Hilal: \u00abN\u00e3o desejo a ningu\u00e9m\u00bb"},"content":{"rendered":"<p>Rec\u00e9m-chegado ao Al Diriyah, treinado por Bruno Lage, Darwin N\u00fa\u00f1ez j\u00e1 mostrou um pouco daquilo que pode dar no segundo jogo pelo emblema da Ar\u00e1bia Saudita, <a href=\"https:\/\/maisfutebol.iol.pt\/internacional\/arabia-saudita\/video-francisco-trincao-titular-na-derrota-do-al-ahli?_gl=1*1jo543x*_up*MQ..*_ga*NTIxNTg2NjEzLjE3ODgzMzc4MTI.*_ga_VF4Y7XGSMV*czE3ODgzMzc4MTEkbzEkZzAkdDE3ODgzMzc4MTEkajYwJGwwJGgxNDI4MzU4MzA5*_ga_F2JC3V5NZ2*czE3ODgzMzc4MTEkbzEkZzAkdDE3ODgzMzc4MTEkajYwJGwwJGgxMzg2ODc1MTE1\" rel=\"nofollow noopener\" target=\"_blank\">contribuindo com dois golos<\/a>. Em declara\u00e7\u00f5es ap\u00f3s o encontro, o internacional uruguaio falou pela primeira vez sobre o per\u00edodo conturbado que viveu no Al-Hilal antes de seguir por empr\u00e9stimo.<\/p>\n<p>\u00abPrimeiro, estou muito feliz por regressar ao futebol. Os \u00faltimos seis meses no Al Hilal foram muito dif\u00edceis para mim e para a minha fam\u00edlia, porque n\u00e3o podia jogar\u00bb, come\u00e7ou por dizer \u00e0 Thmanyah.<\/p>\n<p>\u00abSinceramente, n\u00e3o desejo a ningu\u00e9m que passe por uma experi\u00eancia como a minha, porque, no final, todos n\u00f3s, jogadores, queremos competir, jogar e desfrutar do que fazemos\u00bb, acrescentou.<\/p>\n<p>Vale a pena lembrar que o ex-Benfica deixou de ter espa\u00e7o na equipa ap\u00f3s a chegada de Karim Benzema em fevereiro, devido ao facto de a Liga Saudita ter um limite m\u00e1ximo de oito jogadores estrangeiros por equipa.<\/p>\n<p>Num mercado em que o ponta de lan\u00e7a, de 27 anos, foi associado a v\u00e1rios clubes e esteve muito perto de refor\u00e7ar o Trabzonspor, da Turquia, o Al Diriyah apareceu no final para baralhar as contas. Com um in\u00edcio positivo no novo clube, Darwin partilha j\u00e1 ter ultrapassado o per\u00edodo dif\u00edcil.<br \/>\u00a0<\/p>\n","protected":false},"excerpt":{"rendered":"Rec\u00e9m-chegado ao Al Diriyah, treinado por Bruno Lage, Darwin N\u00fa\u00f1ez j\u00e1 mostrou um pouco daquilo que pode dar&hellip;\n","protected":false},"author":2,"featured_media":508808,"comment_status":"","ping_status":"","sticky":false,"template":"","format":"standard","meta":{"footnotes":"","_share_on_mastodon":"0"},"categories":[87],"tags":[684,5406,1145,7265,135,82,46,32,33,47,134],"class_list":["post-508807","post","type-post","status-publish","format-standard","has-post-thumbnail","category-desporto","tag-al-diriyah","tag-al-hilal","tag-arabia-saudita","tag-darwin-nunez","tag-desporto","tag-internacional","tag-maisfutebol","tag-portugal","tag-pt","tag-pura-paixao","tag-sports"],"share_on_mastodon":{"url":"https:\/\/pubeurope.com\/@pt\/117201088316721420","error":""},"_links":{"self":[{"href":"https:\/\/www.europesays.com\/pt\/wp-json\/wp\/v2\/posts\/508807","targetHints":{"allow":["GET"]}}],"collection":[{"href":"https:\/\/www.europesays.com\/pt\/wp-json\/wp\/v2\/posts"}],"about":[{"href":"https:\/\/www.europesays.com\/pt\/wp-json\/wp\/v2\/types\/post"}],"author":[{"embeddable":true,"href":"https:\/\/www.europesays.com\/pt\/wp-json\/wp\/v2\/users\/2"}],"replies":[{"embeddable":true,"href":"https:\/\/www.europesays.com\/pt\/wp-json\/wp\/v2\/comments?post=508807"}],"version-history":[{"count":0,"href":"https:\/\/www.europesays.com\/pt\/wp-json\/wp\/v2\/posts\/508807\/revisions"}],"wp:featuredmedia":[{"embeddable":true,"href":"https:\/\/www.europesays.com\/pt\/wp-json\/wp\/v2\/media\/508808"}],"wp:attachment":[{"href":"https:\/\/www.europesays.com\/pt\/wp-json\/wp\/v2\/media?parent=508807"}],"wp:term":[{"taxonomy":"category","embeddable":true,"href":"https:\/\/www.europesays.com\/pt\/wp-json\/wp\/v2\/categories?post=508807"},{"taxonomy":"post_tag","embeddable":true,"href":"https:\/\/www.europesays.com\/pt\/wp-json\/wp\/v2\/tags?post=508807"}],"curies":[{"name":"wp","href":"https:\/\/api.w.org\/{rel}","templated":true}]}}