{"id":50881,"date":"2025-08-29T23:52:08","date_gmt":"2025-08-29T23:52:08","guid":{"rendered":"https:\/\/www.europesays.com\/pt\/50881\/"},"modified":"2025-08-29T23:52:08","modified_gmt":"2025-08-29T23:52:08","slug":"coletivo-realiza-batalha-de-rimas-para-celebrar-a-cultura-hip-hop","status":"publish","type":"post","link":"https:\/\/www.europesays.com\/pt\/50881\/","title":{"rendered":"Coletivo realiza batalha de rimas para celebrar a cultura Hip Hop"},"content":{"rendered":"<p>Com o objetivo de fomentar o protagonismo feminino e LGBTQ+ na cena <a href=\"https:\/\/www.folhabv.com.br\/tag\/hip-hop-2\/\" rel=\"nofollow noopener\" target=\"_blank\">Hip Hop<\/a> em Roraima, o <a href=\"https:\/\/www.folhabv.com.br\/tag\/coletivo\/\" rel=\"nofollow noopener\" target=\"_blank\">Coletivo Ominira<\/a> realiza, no dia 7 de setembro, a Batalha da Diversidade. O evento ocorre a partir das 16h30, na Casa Catitu, localizada na rua Jos\u00e9 Carlos dos Prazeresm 1541, no bairro Uni\u00e3o.<\/p>\n<p>De acordo com o Coletivo, o evento surge da vontade de fortalecer a cultura Hip Hop e afirmar novos espa\u00e7os de representatividade. O Ominira est\u00e1 h\u00e1 um ano promovendo oficinas de rima, dan\u00e7a, graffiti, portf\u00f3lio art\u00edstico e rodas de conversa com psic\u00f3loga.<\/p>\n<p>O vencedor da batalha ganhar\u00e1 uma vaga na seletiva estadual do Duelo de Mcs Nacional, uma das maiores competi\u00e7\u00f5es de freestyle do pa\u00eds.<\/p>\n<p>Confira a programa\u00e7\u00e3o<\/p>\n<ul class=\"wp-block-list\">\n<li>Graffiti ao vivo<\/li>\n<li>Apresenta\u00e7\u00f5es de rap, DJ e breaking<\/li>\n<li>Atividades recreativas para crian\u00e7as, com pula-pula e lazer garantido<br \/>Um evento aberto a todas as idades, reafirmando que a diversidade \u00e9 a for\u00e7a que<br \/>move a transforma\u00e7\u00e3o da cultura urbana em Roraima.<\/li>\n<\/ul>\n","protected":false},"excerpt":{"rendered":"Com o objetivo de fomentar o protagonismo feminino e LGBTQ+ na cena Hip Hop em Roraima, o Coletivo&hellip;\n","protected":false},"author":2,"featured_media":50882,"comment_status":"","ping_status":"","sticky":false,"template":"","format":"standard","meta":{"footnotes":""},"categories":[141],"tags":[14861,13999,114,115,14862,149,150,32,33],"class_list":{"0":"post-50881","1":"post","2":"type-post","3":"status-publish","4":"format-standard","5":"has-post-thumbnail","7":"category-musica","8":"tag-batalha-de-mcs","9":"tag-diversidade","10":"tag-entertainment","11":"tag-entretenimento","12":"tag-hip-hop-roraimense","13":"tag-music","14":"tag-musica","15":"tag-portugal","16":"tag-pt"},"share_on_mastodon":{"url":"","error":""},"_links":{"self":[{"href":"https:\/\/www.europesays.com\/pt\/wp-json\/wp\/v2\/posts\/50881","targetHints":{"allow":["GET"]}}],"collection":[{"href":"https:\/\/www.europesays.com\/pt\/wp-json\/wp\/v2\/posts"}],"about":[{"href":"https:\/\/www.europesays.com\/pt\/wp-json\/wp\/v2\/types\/post"}],"author":[{"embeddable":true,"href":"https:\/\/www.europesays.com\/pt\/wp-json\/wp\/v2\/users\/2"}],"replies":[{"embeddable":true,"href":"https:\/\/www.europesays.com\/pt\/wp-json\/wp\/v2\/comments?post=50881"}],"version-history":[{"count":0,"href":"https:\/\/www.europesays.com\/pt\/wp-json\/wp\/v2\/posts\/50881\/revisions"}],"wp:featuredmedia":[{"embeddable":true,"href":"https:\/\/www.europesays.com\/pt\/wp-json\/wp\/v2\/media\/50882"}],"wp:attachment":[{"href":"https:\/\/www.europesays.com\/pt\/wp-json\/wp\/v2\/media?parent=50881"}],"wp:term":[{"taxonomy":"category","embeddable":true,"href":"https:\/\/www.europesays.com\/pt\/wp-json\/wp\/v2\/categories?post=50881"},{"taxonomy":"post_tag","embeddable":true,"href":"https:\/\/www.europesays.com\/pt\/wp-json\/wp\/v2\/tags?post=50881"}],"curies":[{"name":"wp","href":"https:\/\/api.w.org\/{rel}","templated":true}]}}