{"id":50885,"date":"2025-08-29T23:54:14","date_gmt":"2025-08-29T23:54:14","guid":{"rendered":"https:\/\/www.europesays.com\/pt\/50885\/"},"modified":"2025-08-29T23:54:14","modified_gmt":"2025-08-29T23:54:14","slug":"selecao-sub-21-mora-e-quenda-na-primeira-convocatoria-de-luis-freire","status":"publish","type":"post","link":"https:\/\/www.europesays.com\/pt\/50885\/","title":{"rendered":"Sele\u00e7\u00e3o sub-21: Mora e Quenda na primeira convocat\u00f3ria de Lu\u00eds Freire"},"content":{"rendered":"<p>Lu\u00eds Freire divulgou nesta sexta-feira a sua primeira convocat\u00f3ria enquanto selecionador sub-21 nacional. J\u00e1 sem elementos de 2003 e 2002, como por exemplo Paulo Bernardo, Samuel Soares ou Tiago Tom\u00e1s, Freire chamou v\u00e1rias novidades.<\/p>\n<p>Tiago Gabriel, antigo jogador do Estrela da Amadora e atleta do Lecce, de It\u00e1lia, foi chamado e pode estrear-se em sele\u00e7\u00f5es nacionais. O mesmo com F\u00e1bio Bald\u00e9, extremo de 20 anos do Hamburgo, da Alemanha.<\/p>\n<p>Jos\u00e9 Sampaio, defesa do Vizela que foi internacional numa ocasi\u00e3o pelos sub-20, tamb\u00e9m foi convocado. Jogadores como Afonso Moreira, Diogo Travassos, Gon\u00e7alo Oliveira, Leonardo Barroso ou Tiago Parente podem estrear-se no escal\u00e3o sub-21.\u00a0<\/p>\n<p>Geovany Quenda, do Sporting, e Rodrigo Mora, do FC Porto, n\u00e3o foram chamados \u00e0 Sele\u00e7\u00e3o A e s\u00e3o op\u00e7\u00e3o para Lu\u00eds Freire. O t\u00e9cnico disse que, a t\u00edtulo pessoal, \u00absentiu o chamamento de Portugal\u00bb e decidiu aceitar o convite de Pedro Proen\u00e7a, presidente da FPF.<\/p>\n<p>A Equipa das Quinas defronta, num primeiro momento, a cong\u00e9nere do Azerbaij\u00e3o, dia 5\u00a0de setembro, em Barcelos (19h30), sendo que o segundo encontro disputa-se quatro dias depois, diante da Esc\u00f3cia, em Motherwell (19h00). Os dois jogos contam para o apuramento Euro 2027.<\/p>\n<p><strong>Eis a lista completa:\u00a0<\/strong><\/p>\n<p><strong>Guarda-redes:\u00a0<\/strong>Andr\u00e9 Gomes (Alverca), Diogo Pinto (Estrela Amadora) e Jo\u00e3o Carvalho (Sp. Braga);<\/p>\n<p><strong>Defesas:<\/strong>\u00a0Diogo Travassos (Moreirense), Gabriel Br\u00e1s (FC Porto), Gon\u00e7alo Oliveira (Benfica), Jo\u00e3o Muniz (Sporting), Jos\u00e9 Sampaio (Vizela), Leonardo Barroso (Chicago Fire), Tiago Gabriel (Lecce) e Tiago Parente (Estoril);<\/p>\n<p><strong>M\u00e9dios:<\/strong>\u00a0D\u00e1rio Essugo (Chelsea), Diego Rodrigues (Sp. Braga), Gustavo S\u00e1 (Famalic\u00e3o), Mateus Fernandes (West Ham United), Mathias de Amorim (Famalic\u00e3o);<\/p>\n<p><strong>Avan\u00e7ados:<\/strong>\u00a0Afonso Moreira (Lyon), Carlos Forbs (Club Brugge), F\u00e1bio Bald\u00e9 (Hamburger), Geovany Quenda (Sporting), Gustavo Varela (Gil Vicente),\u00a0Rodrigo Mora (FC Porto), Roger Fernandes (Sp. Braga) e Vivaldo Semedo (Watford).<\/p>\n","protected":false},"excerpt":{"rendered":"Lu\u00eds Freire divulgou nesta sexta-feira a sua primeira convocat\u00f3ria enquanto selecionador sub-21 nacional. J\u00e1 sem elementos de 2003&hellip;\n","protected":false},"author":2,"featured_media":50886,"comment_status":"","ping_status":"","sticky":false,"template":"","format":"standard","meta":{"footnotes":""},"categories":[87],"tags":[135,14864,5560,285,14746,46,32,33,47,14863,134],"class_list":{"0":"post-50885","1":"post","2":"type-post","3":"status-publish","4":"format-standard","5":"has-post-thumbnail","7":"category-desporto","8":"tag-desporto","9":"tag-euro-sub-21","10":"tag-federacao-portuguesa-de-futebol","11":"tag-fpf","12":"tag-luis-freire","13":"tag-maisfutebol","14":"tag-portugal","15":"tag-pt","16":"tag-pura-paixao","17":"tag-selecao-sub-21","18":"tag-sports"},"share_on_mastodon":{"url":"","error":""},"_links":{"self":[{"href":"https:\/\/www.europesays.com\/pt\/wp-json\/wp\/v2\/posts\/50885","targetHints":{"allow":["GET"]}}],"collection":[{"href":"https:\/\/www.europesays.com\/pt\/wp-json\/wp\/v2\/posts"}],"about":[{"href":"https:\/\/www.europesays.com\/pt\/wp-json\/wp\/v2\/types\/post"}],"author":[{"embeddable":true,"href":"https:\/\/www.europesays.com\/pt\/wp-json\/wp\/v2\/users\/2"}],"replies":[{"embeddable":true,"href":"https:\/\/www.europesays.com\/pt\/wp-json\/wp\/v2\/comments?post=50885"}],"version-history":[{"count":0,"href":"https:\/\/www.europesays.com\/pt\/wp-json\/wp\/v2\/posts\/50885\/revisions"}],"wp:featuredmedia":[{"embeddable":true,"href":"https:\/\/www.europesays.com\/pt\/wp-json\/wp\/v2\/media\/50886"}],"wp:attachment":[{"href":"https:\/\/www.europesays.com\/pt\/wp-json\/wp\/v2\/media?parent=50885"}],"wp:term":[{"taxonomy":"category","embeddable":true,"href":"https:\/\/www.europesays.com\/pt\/wp-json\/wp\/v2\/categories?post=50885"},{"taxonomy":"post_tag","embeddable":true,"href":"https:\/\/www.europesays.com\/pt\/wp-json\/wp\/v2\/tags?post=50885"}],"curies":[{"name":"wp","href":"https:\/\/api.w.org\/{rel}","templated":true}]}}