{"id":50887,"date":"2025-08-29T23:55:07","date_gmt":"2025-08-29T23:55:07","guid":{"rendered":"https:\/\/www.europesays.com\/pt\/50887\/"},"modified":"2025-08-29T23:55:07","modified_gmt":"2025-08-29T23:55:07","slug":"medicos-transplantam-pela-primeira-vez-um-pulmao-de-porco-num-humano","status":"publish","type":"post","link":"https:\/\/www.europesays.com\/pt\/50887\/","title":{"rendered":"M\u00e9dicos transplantam pela primeira vez um pulm\u00e3o de porco num humano"},"content":{"rendered":"<p class=\"wp-caption-text top\"><a href=\"https:\/\/www.nature.com\/articles\/s41591-025-03861-x\" rel=\"nofollow external noopener noreferrer\" data-wpel-link=\"external\" target=\"_blank\" class=\"ext-link\">He et al.<\/a><\/p>\n<p><img decoding=\"async\" loading=\"lazy\" class=\"size-kopa-image-size-3 wp-image-697638\" src=\"https:\/\/www.europesays.com\/pt\/wp-content\/uploads\/2025\/08\/c1562e8354505eb4638955b4bb001aee-783x450.jpg\" alt=\"\" width=\"700\" height=\"402\"  \/><\/p>\n<p class=\"wp-caption-text bot\">Os m\u00e9dicos da Universidade de Medicina de Guangzhou conclu\u00edram o primeiro transplante pulmonar de porco para um humano.<\/p>\n<p><strong>Foi feito na China o primeiro transplante de pulm\u00e3o de porco para humano, numa pessoa em morte cerebral, para testar como o sistema imunit\u00e1rio do hospedeiro lidava com o procedimento.<\/strong><\/p>\n<p>Experi\u00eancias semelhantes envolvendo pacientes em morte cerebral j\u00e1 tinham sido feitas, mas com um <strong>pulm\u00e3o foi a primeira vez<\/strong>.<\/p>\n<p>A experi\u00eancia, descrita num estudo <a href=\"https:\/\/www.nature.com\/articles\/s41591-025-03861-x.epdf?sharing_token=IrqpaWX1kmXyo8x-bcCF19RgN0jAjWel9jnR3ZoTv0OVzwRAxNOcsTIa5XvgN3pAeCE0n__J2BNIrIj_IqRuk0PoFchONrSjJj8bw79OFyvHTdanWFqB65tRaIcJCCCBLvwq7VLEDvzOs4Msn6NBUR16c-0XPX4f-JTvpanB73cXrt-wypYelTHm6Uhn0-wvRor9i0-2bK4sqOVK2w506mi8zzAboiHrq_qQxJo9ieMZs5OvWf3mFmF40J0ggFPBXXMOeninBU7t29PO3eL1d9o0ol_L4Veu2UjryF6C79SKAdNnS23YqsO6lvT4DGWKSk67qYZOVN3m0qK20cevX-mzOXljDhetI2n1x6zHV4Q%3D&amp;tracking_referrer=www.livescience.com\" data-wpel-link=\"external\" target=\"_blank\" rel=\"nofollow external noopener noreferrer\" class=\"ext-link\">publicado<\/a> esta segunda-feira na Nature Medicine, envolveu um homem de 39 anos em morte cerebral, num procedimento conhecido como <strong>xenotransplante pulmonar<\/strong>.<\/p>\n<p>\u201cO xenotransplante pulmonar apresenta desafios biol\u00f3gicos e t\u00e9cnicos \u00fanicos em compara\u00e7\u00e3o com outros \u00f3rg\u00e3os.\u201d, disse um dos autores do estudo <strong>Jiang Shi<\/strong>, da Universidade de Mecidina de Guangzhou, em declara\u00e7\u00f5es ao <a href=\"https:\/\/www.statnews.com\/2025\/08\/25\/first-lung-xenotransplant-gene-edited-pig\/\" data-wpel-link=\"external\" target=\"_blank\" rel=\"nofollow external noopener noreferrer\" class=\"ext-link\">STAT<\/a>.<\/p>\n<p>O objetivo do estudo foi investigar como o sistema imunit\u00e1rio humano reagiria a tal transplante; e os investigadores assumiram: a <strong>t\u00e9cnica ainda n\u00e3o est\u00e1 apta<\/strong> para aplicar em pacientes vivos.<\/p>\n<p>O pulm\u00e3o de porco \u201cmanteve viabilidade e funcionalidade\u201d durante nove dias. No entanto, <strong>demostrou sinais de rejei\u00e7\u00e3o logo 24 horas ap\u00f3s o procedimento<\/strong>.<\/p>\n<p>A experi\u00eancia terminou no nono dia a pedido da fam\u00edlia do paciente. Pelo relat\u00f3rio, n\u00e3o \u00e9 claro quanto mais tempo o pulm\u00e3o poderia ter durado se tivesse sido deixado mais tempo, mas o <strong>\u00f3rg\u00e3o j\u00e1 tinha acumulado danos<\/strong>.<\/p>\n<p>Como detalha a <a href=\"https:\/\/www.livescience.com\/health\/surgery\/first-ever-pig-to-human-lung-transplant-attempted-in-brain-dead-person-in-china\" data-wpel-link=\"external\" target=\"_blank\" rel=\"nofollow external noopener noreferrer\" class=\"ext-link\">Live Science<\/a>, a experi\u00eancia envolveu um pulm\u00e3o de um porco que <strong>tinha sido geneticamente modificado<\/strong> usando a tecnologia de edi\u00e7\u00e3o gen\u00e9tica <strong>CRISPR<\/strong>.<\/p>\n<p>Tr\u00eas dos genes do porco foram desativados para que as prote\u00ednas para as quais eles codificam n\u00e3o ativassem o sistema imunit\u00e1rio humano; tr\u00eas genes humanos foram tamb\u00e9m adicionados numa tentativa de tornar o \u00f3rg\u00e3o mais toler\u00e1vel para um corpo humano.<\/p>\n<p>Em maio de 2024, a equipa removeu o pulm\u00e3o esquerdo do porco e transplantou-o para o paciente em morte cerebral, que reteve o seu pulm\u00e3o direito.<\/p>\n<p>O sistema imunit\u00e1rio gerou anticorpos contra o \u00f3rg\u00e3o at\u00e9 ao terceiro dia ap\u00f3s a opera\u00e7\u00e3o, resultando em alguns danos no pulm\u00e3o.<\/p>\n<p>Os investigadores referem que os <strong>pulm\u00f5es apresentam desafios enormes<\/strong> porque, dado que est\u00e3o constantemente expostos ao ar do exterior do corpo, transportam muitas prote\u00ednas destinadas \u00e0 defesa imunit\u00e1ria \u2014 o que paradoxalmente os torna um alvo f\u00e1cil para o sistema imunit\u00e1rio do hospedeiro os reconhecer como \u201cestranhos\u201d. Al\u00e9m disso, o seu tecido que troca oxig\u00e9nio e di\u00f3xido de carbono \u00e9 muito delicado, significando que quaisquer ataques imunit\u00e1rios lan\u00e7ados contra eles t\u00eam grande impacto.<\/p>\n<p>Apesar de terem reconhecido que a t\u00e9cnica ainda n\u00e3o est\u00e1 a 100%, os autores do estudo referem que est\u00e3o a \u201crefinar a abordagem do xenotransplante pulmonar\u201d, para de aproximarem da tradu\u00e7\u00e3o cl\u00ednica.<\/p>\n<p>\u201cEsta experi\u00eancia fornece perce\u00e7\u00f5es cruciais sobre as barreiras imunit\u00e1rias, fisiol\u00f3gicas e gen\u00e9ticas que devem ser superadas, e abre caminho para mais inova\u00e7\u00f5es na \u00e1rea.\u201d, enaltecem, citados pela Live Science.<\/p>\n<p>    <a href=\"https:\/\/zap.aeiou.pt\/subscrever-newsletter\" data-wpel-link=\"internal\" rel=\"nofollow noopener\" target=\"_blank\">&#13;<br \/>\n        <img loading=\"lazy\" decoding=\"async\" class=\"aligncenter size-full wp-image-575475\" src=\"https:\/\/www.europesays.com\/pt\/wp-content\/uploads\/2025\/08\/1756478761_884_2d51fe4a0ba54894421ead1809309ed9-1-450x140.jpg\" alt=\"Subscreva a Newsletter ZAP\" width=\"450\" height=\"140\"\/>&#13;<br \/>\n    <\/a><\/p>\n<p>                <a href=\"https:\/\/whatsapp.com\/channel\/0029VaIC4EE2f3EJZPPSbR34\" data-wpel-link=\"external\" target=\"_blank\" rel=\"nofollow external noopener noreferrer\" class=\"ext-link\">&#13;<br \/>\n                    <img loading=\"lazy\" decoding=\"async\" class=\"aligncenter size-full wp-image-575475\" src=\"https:\/\/www.europesays.com\/pt\/wp-content\/uploads\/2025\/08\/1756478762_883_c68c559d956d4ca20f435ed74a6e71e6.png\" alt=\"Siga-nos no WhatsApp\" width=\"175\" height=\"64\"\/>&#13;<br \/>\n                <\/a><\/p>\n<p>                <a href=\"https:\/\/news.google.com\/publications\/CAAiEHRwZondIV71PDjWNoqMduEqFAgKIhB0cGaJ3SFe9Tw41jaKjHbh?hl=en-US&amp;gl=US&amp;ceid=US%3Aen\" data-wpel-link=\"external\" target=\"_blank\" rel=\"nofollow external noopener noreferrer\" class=\"ext-link\">&#13;<br \/>\n                    <img loading=\"lazy\" decoding=\"async\" class=\"aligncenter size-full wp-image-575475\" src=\"https:\/\/www.europesays.com\/pt\/wp-content\/uploads\/2025\/08\/1756478762_371_5123dd8b087b644fdb8f8603acd1bad4.png\" alt=\"Siga-nos no Google News\" width=\"176\" height=\"64\"\/>&#13;<br \/>\n                <\/a><\/p>\n","protected":false},"excerpt":{"rendered":"He et al. Os m\u00e9dicos da Universidade de Medicina de Guangzhou conclu\u00edram o primeiro transplante pulmonar de porco&hellip;\n","protected":false},"author":2,"featured_media":50888,"comment_status":"","ping_status":"","sticky":false,"template":"","format":"standard","meta":{"footnotes":""},"categories":[86],"tags":[358,116,1208,32,33,117],"class_list":{"0":"post-50887","1":"post","2":"type-post","3":"status-publish","4":"format-standard","5":"has-post-thumbnail","7":"category-saude","8":"tag-china","9":"tag-health","10":"tag-medicina","11":"tag-portugal","12":"tag-pt","13":"tag-saude"},"share_on_mastodon":{"url":"","error":""},"_links":{"self":[{"href":"https:\/\/www.europesays.com\/pt\/wp-json\/wp\/v2\/posts\/50887","targetHints":{"allow":["GET"]}}],"collection":[{"href":"https:\/\/www.europesays.com\/pt\/wp-json\/wp\/v2\/posts"}],"about":[{"href":"https:\/\/www.europesays.com\/pt\/wp-json\/wp\/v2\/types\/post"}],"author":[{"embeddable":true,"href":"https:\/\/www.europesays.com\/pt\/wp-json\/wp\/v2\/users\/2"}],"replies":[{"embeddable":true,"href":"https:\/\/www.europesays.com\/pt\/wp-json\/wp\/v2\/comments?post=50887"}],"version-history":[{"count":0,"href":"https:\/\/www.europesays.com\/pt\/wp-json\/wp\/v2\/posts\/50887\/revisions"}],"wp:featuredmedia":[{"embeddable":true,"href":"https:\/\/www.europesays.com\/pt\/wp-json\/wp\/v2\/media\/50888"}],"wp:attachment":[{"href":"https:\/\/www.europesays.com\/pt\/wp-json\/wp\/v2\/media?parent=50887"}],"wp:term":[{"taxonomy":"category","embeddable":true,"href":"https:\/\/www.europesays.com\/pt\/wp-json\/wp\/v2\/categories?post=50887"},{"taxonomy":"post_tag","embeddable":true,"href":"https:\/\/www.europesays.com\/pt\/wp-json\/wp\/v2\/tags?post=50887"}],"curies":[{"name":"wp","href":"https:\/\/api.w.org\/{rel}","templated":true}]}}