{"id":508901,"date":"2026-09-02T12:23:15","date_gmt":"2026-09-02T12:23:15","guid":{"rendered":"https:\/\/www.europesays.com\/pt\/508901\/"},"modified":"2026-09-02T12:23:15","modified_gmt":"2026-09-02T12:23:15","slug":"fiocruz-avanca-para-testar-vacina-de-rna-mensageiro-em-humanos-pela-primeira-vez-com-tecnologia-nacional","status":"publish","type":"post","link":"https:\/\/www.europesays.com\/pt\/508901\/","title":{"rendered":"Fiocruz avan\u00e7a para testar vacina de RNA mensageiro em humanos pela primeira vez com tecnologia nacional"},"content":{"rendered":"<p>Reda\u00e7\u00e3o com Informa\u00e7\u00f5es do G102 de setembro de 2026<\/p>\n<p>O Brasil deu mais um passo no desenvolvimento de vacinas com tecnologia de RNA mensageiro (mRNA). A vacina contra a Covid-19 desenvolvida pela Fiocruz recebeu autoriza\u00e7\u00e3o da Ag\u00eancia Nacional de Vigil\u00e2ncia Sanit\u00e1ria (Anvisa) para avan\u00e7ar para os testes cl\u00ednicos em humanos.<\/p>\n<p>O projeto representa um marco para a pesquisa brasileira porque utiliza uma plataforma de mRNA desenvolvida no pa\u00eds. A expectativa dos pesquisadores \u00e9 que a tecnologia n\u00e3o fique restrita ao coronav\u00edrus e possa, no futuro, servir como base para a cria\u00e7\u00e3o de imunizantes contra outras doen\u00e7as.<\/p>\n<p>A estrat\u00e9gia tamb\u00e9m amplia a capacidade nacional de desenvolver e produzir tecnologias consideradas estrat\u00e9gicas para o sistema de sa\u00fade.<\/p>\n<p>Como funciona a tecnologia de mRNA<\/p>\n<p>As vacinas de RNA mensageiro funcionam de maneira diferente dos imunizantes tradicionais. Em vez de introduzir no organismo o v\u00edrus inteiro ou partes dele, a tecnologia utiliza uma mol\u00e9cula de RNA que fornece \u00e0s c\u00e9lulas instru\u00e7\u00f5es tempor\u00e1rias para produzir uma prote\u00edna espec\u00edfica.<\/p>\n<p>Essa prote\u00edna \u00e9 reconhecida pelo sistema imunol\u00f3gico, que passa a desenvolver uma resposta de defesa. Depois de cumprir sua fun\u00e7\u00e3o, o RNA mensageiro \u00e9 degradado pelo pr\u00f3prio organismo.<\/p>\n<p>A tecnologia ganhou destaque mundial durante a pandemia de Covid-19, principalmente com as vacinas desenvolvidas pela Pfizer\/BioNTech e pela Moderna.<\/p>\n<p>Pr\u00f3xima etapa ser\u00e1 feita com volunt\u00e1rios<\/p>\n<p>A autoriza\u00e7\u00e3o da Anvisa permite que o imunizante avance para a fase de pesquisa cl\u00ednica, etapa fundamental para avaliar sua seguran\u00e7a e o comportamento da vacina no organismo humano.<\/p>\n<p>Os ensaios cl\u00ednicos s\u00e3o realizados de maneira progressiva. Inicialmente, os pesquisadores avaliam principalmente seguran\u00e7a e poss\u00edveis rea\u00e7\u00f5es adversas. Nas etapas seguintes, o objetivo passa a incluir a an\u00e1lise da resposta imunol\u00f3gica e da efic\u00e1cia do produto.<\/p>\n<p>A Anvisa mant\u00e9m uma base p\u00fablica de ensaios cl\u00ednicos autorizados no pa\u00eds, com informa\u00e7\u00f5es sobre protocolos, centros de pesquisa e participantes.<\/p>\n<p>Tecnologia pode ir al\u00e9m da Covid-19<\/p>\n<p>Um dos principais objetivos do desenvolvimento da plataforma brasileira \u00e9 justamente permitir que a mesma estrutura tecnol\u00f3gica seja adaptada para diferentes enfermidades.<\/p>\n<p>No caso do c\u00e2ncer, a tecnologia de mRNA vem sendo estudada para criar vacinas personalizadas capazes de estimular o sistema imunol\u00f3gico a reconhecer caracter\u00edsticas espec\u00edficas dos tumores.<\/p>\n<p>Pesquisas internacionais recentes refor\u00e7aram o potencial dessa estrat\u00e9gia. Um estudo avan\u00e7ado conduzido por Moderna e Merck com uma vacina personalizada de mRNA contra melanoma apresentou resultados positivos na redu\u00e7\u00e3o do risco de retorno e dissemina\u00e7\u00e3o da doen\u00e7a. O tratamento \u00e9 desenvolvido a partir das caracter\u00edsticas gen\u00e9ticas do tumor de cada paciente.<\/p>\n<p>Isso n\u00e3o significa, por\u00e9m, que a vacina brasileira j\u00e1 possa ser utilizada contra c\u00e2ncer. A possibilidade depende de novas pesquisas, desenvolvimento de formula\u00e7\u00f5es espec\u00edficas e comprova\u00e7\u00e3o de seguran\u00e7a e efic\u00e1cia em estudos cl\u00ednicos.<\/p>\n<p>Brasil busca dom\u00ednio de uma tecnologia estrat\u00e9gica<\/p>\n<p>O avan\u00e7o da Fiocruz faz parte de uma estrat\u00e9gia maior para ampliar a capacidade brasileira de desenvolver tecnologias de RNA.<\/p>\n<p>O Minist\u00e9rio da Sa\u00fade informa que o pa\u00eds trabalha na estrutura\u00e7\u00e3o de plataformas nacionais de vacinas de RNA mensageiro, com investimentos destinados \u00e0 pesquisa e ao desenvolvimento tecnol\u00f3gico. A pasta aponta projetos envolvendo Fiocruz e Instituto Butantan.<\/p>\n<p>A aposta tem tamb\u00e9m um componente de soberania tecnol\u00f3gica. O dom\u00ednio da plataforma pode reduzir a depend\u00eancia de fornecedores estrangeiros em futuras emerg\u00eancias sanit\u00e1rias e permitir uma resposta mais r\u00e1pida diante do surgimento de novos v\u00edrus ou variantes.<\/p>\n<p>Um caminho que exige novas etapas<\/p>\n<p>Apesar do avan\u00e7o, os pesquisadores ainda precisam percorrer v\u00e1rias fases antes que uma eventual vacina possa ser disponibilizada \u00e0 popula\u00e7\u00e3o.<\/p>\n<p>Os primeiros testes em humanos n\u00e3o representam uma aprova\u00e7\u00e3o para uso amplo. Os estudos precisam demonstrar que o produto \u00e9 seguro e produz uma resposta imunol\u00f3gica adequada. Dependendo dos resultados, novas fases cl\u00ednicas ser\u00e3o necess\u00e1rias antes de uma eventual solicita\u00e7\u00e3o de registro.<\/p>\n<p>A experi\u00eancia brasileira com a tecnologia de RNA tamb\u00e9m n\u00e3o come\u00e7ou agora. A Anvisa registra, por exemplo, um estudo cl\u00ednico realizado no pa\u00eds com uma vacina de RNA autorreplicante, desenvolvido em parceria com a HDT Biocorp e o Cimatec, na Bahia.<\/p>\n<p>A novidade anunciada agora est\u00e1 na entrada em testes de uma vacina desenvolvida a partir de uma plataforma tecnol\u00f3gica nacional.<\/p>\n<p>Marco para a ci\u00eancia brasileira<\/p>\n<p>Para a Fiocruz, o avan\u00e7o representa mais do que o desenvolvimento de um novo imunizante contra a Covid-19. A expectativa \u00e9 consolidar uma plataforma que possa ser utilizada em diferentes projetos de pesquisa e produ\u00e7\u00e3o de vacinas.<\/p>\n<p>Se os testes demonstrarem resultados positivos, o conhecimento acumulado poder\u00e1 ser aproveitado no desenvolvimento de novos imunizantes e terapias baseadas em RNA.<\/p>\n<p>O projeto coloca o Brasil em uma \u00e1rea considerada estrat\u00e9gica da biotecnologia mundial e pode fortalecer a capacidade nacional de responder a futuras emerg\u00eancias de sa\u00fade p\u00fablica.<\/p>\n","protected":false},"excerpt":{"rendered":"Reda\u00e7\u00e3o com Informa\u00e7\u00f5es do G102 de setembro de 2026 O Brasil deu mais um passo no desenvolvimento de&hellip;\n","protected":false},"author":2,"featured_media":508902,"comment_status":"","ping_status":"","sticky":false,"template":"","format":"standard","meta":{"footnotes":"","_share_on_mastodon":"0"},"categories":[86],"tags":[9012,27097,48612,726,115,2807,116,220,10762,15040,81535,62,13,3295,56535,1086,52,32,33,117,81534,1333],"class_list":["post-508901","post","type-post","status-publish","format-standard","has-post-thumbnail","category-saude","tag-alagoas","tag-atualidades","tag-avanca","tag-brasil","tag-entretenimento","tag-fiocruz","tag-health","tag-humanos","tag-interior","tag-maceio","tag-mensageiro","tag-mundo","tag-noticias","tag-para","tag-pela","tag-policia","tag-politica","tag-portugal","tag-pt","tag-saude","tag-testar","tag-vacina"],"share_on_mastodon":{"url":"https:\/\/pubeurope.com\/@pt\/117201430264450936","error":""},"_links":{"self":[{"href":"https:\/\/www.europesays.com\/pt\/wp-json\/wp\/v2\/posts\/508901","targetHints":{"allow":["GET"]}}],"collection":[{"href":"https:\/\/www.europesays.com\/pt\/wp-json\/wp\/v2\/posts"}],"about":[{"href":"https:\/\/www.europesays.com\/pt\/wp-json\/wp\/v2\/types\/post"}],"author":[{"embeddable":true,"href":"https:\/\/www.europesays.com\/pt\/wp-json\/wp\/v2\/users\/2"}],"replies":[{"embeddable":true,"href":"https:\/\/www.europesays.com\/pt\/wp-json\/wp\/v2\/comments?post=508901"}],"version-history":[{"count":0,"href":"https:\/\/www.europesays.com\/pt\/wp-json\/wp\/v2\/posts\/508901\/revisions"}],"wp:featuredmedia":[{"embeddable":true,"href":"https:\/\/www.europesays.com\/pt\/wp-json\/wp\/v2\/media\/508902"}],"wp:attachment":[{"href":"https:\/\/www.europesays.com\/pt\/wp-json\/wp\/v2\/media?parent=508901"}],"wp:term":[{"taxonomy":"category","embeddable":true,"href":"https:\/\/www.europesays.com\/pt\/wp-json\/wp\/v2\/categories?post=508901"},{"taxonomy":"post_tag","embeddable":true,"href":"https:\/\/www.europesays.com\/pt\/wp-json\/wp\/v2\/tags?post=508901"}],"curies":[{"name":"wp","href":"https:\/\/api.w.org\/{rel}","templated":true}]}}