{"id":50891,"date":"2025-08-29T23:59:13","date_gmt":"2025-08-29T23:59:13","guid":{"rendered":"https:\/\/www.europesays.com\/pt\/50891\/"},"modified":"2025-08-29T23:59:13","modified_gmt":"2025-08-29T23:59:13","slug":"trump-retira-protecao-policial-a-kamala-harris-observador","status":"publish","type":"post","link":"https:\/\/www.europesays.com\/pt\/50891\/","title":{"rendered":"Trump retira prote\u00e7\u00e3o policial a Kamala Harris \u2013 Observador"},"content":{"rendered":"<p>O Presidente dos Estados Unidos (EUA), Donald Trump, retirou a prote\u00e7\u00e3o policial de que gozava Kamala Harris enquanto ex-vice-presidente do pa\u00eds, indicaram esta sexta-feira\u00a0a Casa Branca e a comitiva da ex-candidata presidencial democrata.<\/p>\n<p>\u201cA vice-presidente agradece aos servi\u00e7os secretos pelo profissionalismo, dedica\u00e7\u00e3o e compromisso inabal\u00e1vel com a seguran\u00e7a\u201d, disse a equipa de Harris \u00e0 ag\u00eancia de not\u00edcias francesa AFP, que tamb\u00e9m confirmou a informa\u00e7\u00e3o junto da presid\u00eancia norte-americana.<\/p>\n<p>Desde que regressou ao poder, em janeiro, <strong>Trump retirou aos antigos membros seniores da administra\u00e7\u00e3o democrata de Joe Biden a prote\u00e7\u00e3o<\/strong> habitualmente concedida pelos servi\u00e7os secretos para cortar despesas.<\/p>\n<p><strong>[Meses depois de confessar o crime, o assassino de Sartawi \u00e9 finalmente julgado. Mas, numa reviravolta, o terrorista do quarto 507 garante que \u00e9 inocente. Como vai tudo acabar?\u00a0<a href=\"https:\/\/observador.pt\/programas\/1983-portugal-queima-roupa\/episodio-6-era-tudo-mentira\/\" target=\"_blank\" rel=\"noopener ugc nofollow\">\u201c1983: Portugal \u00e0 Queima-Roupa\u201d<\/a>\u00a0\u00e9 a hist\u00f3ria do ano em que dois grupos terroristas internacionais atacaram em Portugal. Ou\u00e7a\u00a0no site do Observador o\u00a0<a href=\"https:\/\/observador.pt\/programas\/1983-portugal-queima-roupa\/episodio-6-era-tudo-mentira\/\" rel=\"nofollow noopener\" target=\"_blank\">sexto e \u00faltimo epis\u00f3dio<\/a>\u00a0deste Podcast Plus narrado pela atriz Victoria Guerra, com banda sonora original dos Linda Martini. Tamb\u00e9m o pode escutar na\u00a0<a href=\"https:\/\/podcasts.apple.com\/pt\/podcast\/epis%C3%B3dio-6-era-tudo-mentira\/id1826483822?i=1000723443500\" target=\"_blank\" rel=\"noopener nofollow\">Apple Podcasts<\/a>, no\u00a0<a href=\"https:\/\/open.spotify.com\/episode\/3iGZ6Xl7IKUn92inrQg8zS?si=e6387278a6d84acf\" target=\"_blank\" rel=\"noopener nofollow\">Spotify<\/a>\u00a0e no\u00a0<a href=\"https:\/\/music.youtube.com\/watch?v=qyeI56f3Cbo&amp;si=8yvXJwdjHFRvGETg\" target=\"_blank\" rel=\"noopener nofollow\">YoutubeMusic<\/a>. E ou\u00e7a o primeiro epis\u00f3dio\u00a0<a href=\"https:\/\/observador.pt\/programas\/1983-portugal-queima-roupa\/estreia-1983-portugal-a-queima-roupa-episodio-1-um-corpo-no-lobby-do-hotel\/\" target=\"_blank\" rel=\"noopener ugc nofollow\">aqui<\/a>, o segundo\u00a0<a href=\"https:\/\/observador.pt\/programas\/1983-portugal-queima-roupa\/episodio-2-o-terrorista-do-quarto-507\/\" target=\"_blank\" rel=\"noopener ugc nofollow\">aqui<\/a>, o terceiro\u00a0<a href=\"https:\/\/observador.pt\/programas\/1983-portugal-queima-roupa\/episodio-3-ataque-a-embaixada\/\" target=\"_blank\" rel=\"noopener ugc nofollow\">aqui<\/a>, o quarto\u00a0<a href=\"https:\/\/observador.pt\/programas\/1983-portugal-queima-roupa\/episodio-4-o-primeiro-andar-explodiu\/\" target=\"_blank\" rel=\"noopener ugc nofollow\">aqui<\/a>\u00a0e o quinto epis\u00f3dio\u00a0<a href=\"https:\/\/observador.pt\/programas\/1983-portugal-queima-roupa\/episodio-5-a-primeira-missao-da-superpolicia\/\" rel=\"nofollow noopener\" target=\"_blank\">aqui<\/a>]<\/strong><\/p>\n<p>                <img src=\"\" alt=\"\" loading=\"lazy\" decoding=\"async\" class=\"alignnone\" onload=\"this.parentElement.classList.remove('spinner')\" onerror=\"this.parentElement.classList.remove('spinner')\" width=\"770\" height=\"433\"\/>    <\/p>\n","protected":false},"excerpt":{"rendered":"O Presidente dos Estados Unidos (EUA), Donald Trump, retirou a prote\u00e7\u00e3o policial de que gozava Kamala Harris enquanto&hellip;\n","protected":false},"author":2,"featured_media":50892,"comment_status":"","ping_status":"","sticky":false,"template":"","format":"standard","meta":{"footnotes":""},"categories":[50],"tags":[624,27,28,623,15,16,14,2958,25,26,21,22,62,12,13,19,20,23,24,17,18,29,30,31,63,64,65],"class_list":{"0":"post-50891","1":"post","2":"type-post","3":"status-publish","4":"format-standard","5":"has-post-thumbnail","7":"category-mundo","8":"tag-amu00e9rica","9":"tag-breaking-news","10":"tag-breakingnews","11":"tag-estados-unidos-da-amu00e9rica","12":"tag-featured-news","13":"tag-featurednews","14":"tag-headlines","15":"tag-kamala-harris","16":"tag-latest-news","17":"tag-latestnews","18":"tag-main-news","19":"tag-mainnews","20":"tag-mundo","21":"tag-news","22":"tag-noticias","23":"tag-noticias-principais","24":"tag-noticiasprincipais","25":"tag-principais-noticias","26":"tag-principaisnoticias","27":"tag-top-stories","28":"tag-topstories","29":"tag-ultimas","30":"tag-ultimas-noticias","31":"tag-ultimasnoticias","32":"tag-world","33":"tag-world-news","34":"tag-worldnews"},"share_on_mastodon":{"url":"","error":""},"_links":{"self":[{"href":"https:\/\/www.europesays.com\/pt\/wp-json\/wp\/v2\/posts\/50891","targetHints":{"allow":["GET"]}}],"collection":[{"href":"https:\/\/www.europesays.com\/pt\/wp-json\/wp\/v2\/posts"}],"about":[{"href":"https:\/\/www.europesays.com\/pt\/wp-json\/wp\/v2\/types\/post"}],"author":[{"embeddable":true,"href":"https:\/\/www.europesays.com\/pt\/wp-json\/wp\/v2\/users\/2"}],"replies":[{"embeddable":true,"href":"https:\/\/www.europesays.com\/pt\/wp-json\/wp\/v2\/comments?post=50891"}],"version-history":[{"count":0,"href":"https:\/\/www.europesays.com\/pt\/wp-json\/wp\/v2\/posts\/50891\/revisions"}],"wp:featuredmedia":[{"embeddable":true,"href":"https:\/\/www.europesays.com\/pt\/wp-json\/wp\/v2\/media\/50892"}],"wp:attachment":[{"href":"https:\/\/www.europesays.com\/pt\/wp-json\/wp\/v2\/media?parent=50891"}],"wp:term":[{"taxonomy":"category","embeddable":true,"href":"https:\/\/www.europesays.com\/pt\/wp-json\/wp\/v2\/categories?post=50891"},{"taxonomy":"post_tag","embeddable":true,"href":"https:\/\/www.europesays.com\/pt\/wp-json\/wp\/v2\/tags?post=50891"}],"curies":[{"name":"wp","href":"https:\/\/api.w.org\/{rel}","templated":true}]}}