{"id":508925,"date":"2026-09-02T12:48:17","date_gmt":"2026-09-02T12:48:17","guid":{"rendered":"https:\/\/www.europesays.com\/pt\/508925\/"},"modified":"2026-09-02T12:48:17","modified_gmt":"2026-09-02T12:48:17","slug":"thaila-ayala-assume-papel-de-vila-em-novela-vertical-do-globoplay-diversao","status":"publish","type":"post","link":"https:\/\/www.europesays.com\/pt\/508925\/","title":{"rendered":"Thaila Ayala assume papel de vil\u00e3 em novela vertical do Globoplay | Divers\u00e3o"},"content":{"rendered":"<p>                                        Thaila Ayala interpreta a vil\u00e3 Zara na novela vertical \u2019Nas Profundezas do Amor\u2019 &#8211; Divulga\u00e7\u00e3o<\/p>\n<p class=\"content-media__description\">Thaila Ayala interpreta a vil\u00e3 Zara na novela vertical \u2019Nas Profundezas do Amor\u2019Divulga\u00e7\u00e3o<\/p>\n<p>                                                        Publicado 02\/09\/2026 05:00 | Atualizado 02\/09\/2026 07:37\n                    <\/p>\n<p>                    Rio \u2013 Conhecida por trabalhos em folhetins como &#8220;Malha\u00e7\u00e3o&#8221; (2007), &#8220;Sangue Bom&#8221; (2013) e &#8220;Fam\u00edlia \u00e9 Tudo&#8221; (2024), Thaila Ayala assume o papel de antagonista na novela vertical <a href=\"https:\/\/odia.ig.com.br\/diversao\/televisao\/2026\/08\/7292290-ana-beatriz-nogueira-celebra-papel-em-novela-vertical-do-globoplay.html\" target=\"_blank\" rel=\"noopener noreferrer nofollow\">&#8220;Nas Profundezas do Amor&#8221;,<\/a> dispon\u00edvel no Globoplay. Na trama de Paulo Ferreira, Zara \u00e9 a ambiciosa assistente do influente Grupo Pedreira. Movida pela inveja, a vil\u00e3 arquiteta um plano cruel para separar o casal de herdeiros rivais Romualdo (Joaquim Lopes) e Serena (Jeniffer Dias).<\/p>\n<p>        &#13;<br \/>\n            fotogaleria&#13;<br \/>\n            &#13;<\/p>\n<p>                                <img decoding=\"async\" width=\"1920\" alt=\"Atriz conta que o processo de cria\u00e7\u00e3o e interpreta\u00e7\u00e3o da personagem foi desafiador, mas valeu a pena - Divulga\u00e7\u00e3o\" class=\"lazyload\" src=\"https:\/\/www.europesays.com\/pt\/wp-content\/uploads\/2026\/09\/thaila_ayala_como_a_vila_zara_na_novela_vertical_nas_profundezas_do_amor__1_-39285968.jpg\"\/><\/p>\n<p>                                <img decoding=\"async\" width=\"1920\" alt=\"Thaila Ayala interpreta a vil\u00e3 Zara na novela vertical 'Nas Profundezas do Amor' - Divulga\u00e7\u00e3o\" class=\"lazyload\" src=\"https:\/\/www.europesays.com\/pt\/wp-content\/uploads\/2026\/09\/zara_thaila_ayala-39285992.jpg\"\/><\/p>\n<p>Com a ajuda de sua irm\u00e3 e c\u00famplice, Mila (Tamie Panet), Zara incrimina a protagonista pela tentativa de assassinato contra Madalena (Ana Beatriz Nogueira), m\u00e3e do grande amor de Serena. &#8220;Eu era louca para fazer uma vil\u00e3 como a Zara, porque ela \u00e9 uma vil\u00e3 m\u00e1 mesmo&#8221;, vibra Thaila.\u00a0<\/p>\n<p>A atriz conta que o processo de cria\u00e7\u00e3o e interpreta\u00e7\u00e3o da personagem foi desafiador, mas diz ter valido a pena. &#8220;Sempre desejei fazer essa vil\u00e3 sanguin\u00e1ria e divertida. Desde o in\u00edcio, me diverti muito fazendo.&#8221;<\/p>\n<p>O ar c\u00f4mico e ir\u00f4nico da antagonista foi uma sugest\u00e3o do diretor art\u00edstico Cristiano Marques. &#8220;Como eu j\u00e1 sou exagerada, poder falar com o corpo e ter esse exagero em cena foi ainda mais divertido. N\u00e3o precisar conter tanto aquele sentimento que, \u00e0s vezes, voc\u00ea precisa deixar guardado, mostrando s\u00f3 no olhar&#8230; Poder falar com o corpo foi ainda mais divertido&#8221;, destaca Thaila.<\/p>\n<p>Para a artista,\u00a0o\u00a0grande diferencial da novela\u00a0vertical, pensada exclusivamente para o consumo em dispositivos m\u00f3veis, foi\u00a0a entrega dram\u00e1tica mais direta. &#8220;Voc\u00ea tinha que fazer todas essas camadas, esse arco que acontece em t\u00e3o pouco tempo, em epis\u00f3dios r\u00e1pidos. Foi bem desafiador criar essa personagem e contar essa hist\u00f3ria, mas acho que essa foi a grande gra\u00e7a de aceitar esse convite&#8221;,\u00a0admite.\u00a0<\/p>\n<p>Toda essa agilidade da produ\u00e7\u00e3o tamb\u00e9m exigiu\u00a0do f\u00edsico da atriz. &#8220;Foi uma experi\u00eancia nova para mim. Tudo que a minha personagem viveria em 100 ou 120 epis\u00f3dios [em uma novela normal], ela viveu em 50 de dois minutos. Ent\u00e3o, exigiu um f\u00edsico diferenciado&#8221;, completou.<\/p>\n<p><strong>*Reportagem da estagi\u00e1ria Isabela Bitencourt, sob supervis\u00e3o de Isabelle Rosa<\/strong><\/p>\n","protected":false},"excerpt":{"rendered":"Thaila Ayala interpreta a vil\u00e3 Zara na novela vertical \u2019Nas Profundezas do Amor\u2019 &#8211; Divulga\u00e7\u00e3o Thaila Ayala interpreta&hellip;\n","protected":false},"author":2,"featured_media":508926,"comment_status":"","ping_status":"","sticky":false,"template":"","format":"standard","meta":{"footnotes":"","_share_on_mastodon":"0"},"categories":[142],"tags":[4964,114,115,3179,79680,32,33,36867,151],"class_list":["post-508925","post","type-post","status-publish","format-standard","has-post-thumbnail","category-tv","tag-diversao","tag-entertainment","tag-entretenimento","tag-globoplay","tag-nas-profundezas-do-amor","tag-portugal","tag-pt","tag-thaila-ayala","tag-tv"],"share_on_mastodon":{"url":"https:\/\/pubeurope.com\/@pt\/117201529570697111","error":""},"_links":{"self":[{"href":"https:\/\/www.europesays.com\/pt\/wp-json\/wp\/v2\/posts\/508925","targetHints":{"allow":["GET"]}}],"collection":[{"href":"https:\/\/www.europesays.com\/pt\/wp-json\/wp\/v2\/posts"}],"about":[{"href":"https:\/\/www.europesays.com\/pt\/wp-json\/wp\/v2\/types\/post"}],"author":[{"embeddable":true,"href":"https:\/\/www.europesays.com\/pt\/wp-json\/wp\/v2\/users\/2"}],"replies":[{"embeddable":true,"href":"https:\/\/www.europesays.com\/pt\/wp-json\/wp\/v2\/comments?post=508925"}],"version-history":[{"count":0,"href":"https:\/\/www.europesays.com\/pt\/wp-json\/wp\/v2\/posts\/508925\/revisions"}],"wp:featuredmedia":[{"embeddable":true,"href":"https:\/\/www.europesays.com\/pt\/wp-json\/wp\/v2\/media\/508926"}],"wp:attachment":[{"href":"https:\/\/www.europesays.com\/pt\/wp-json\/wp\/v2\/media?parent=508925"}],"wp:term":[{"taxonomy":"category","embeddable":true,"href":"https:\/\/www.europesays.com\/pt\/wp-json\/wp\/v2\/categories?post=508925"},{"taxonomy":"post_tag","embeddable":true,"href":"https:\/\/www.europesays.com\/pt\/wp-json\/wp\/v2\/tags?post=508925"}],"curies":[{"name":"wp","href":"https:\/\/api.w.org\/{rel}","templated":true}]}}