{"id":50893,"date":"2025-08-30T00:01:24","date_gmt":"2025-08-30T00:01:24","guid":{"rendered":"https:\/\/www.europesays.com\/pt\/50893\/"},"modified":"2025-08-30T00:01:24","modified_gmt":"2025-08-30T00:01:24","slug":"vuelta-juan-ayuso-renasce-das-trevas-e-joao-almeida-sobe-ao-podio","status":"publish","type":"post","link":"https:\/\/www.europesays.com\/pt\/50893\/","title":{"rendered":"Vuelta: Juan Ayuso renasce das trevas e Jo\u00e3o Almeida sobe ao p\u00f3dio"},"content":{"rendered":"<p>Na equipa UAE Emirates, em que os principais elementos correm por objetivos diferentes, Juan Ayuso renasceu das trevas de uma pretensa incapacidade f\u00edsica na etapa da v\u00e9spera, em que perdeu sete minutos para os melhores admitindo incapacidade de competir pela geral e da colideran\u00e7a da forma\u00e7\u00e3o com Jo\u00e3o Almeida, para vencer isolado ao s\u00e9timo dia da Volta a Espanha a partir de uma longa fuga. \u00a0<\/p>\n<p>O jovem espanhol esteve bastante ofensivo desde o in\u00edcio da etapa, escapando ao pelot\u00e3o com clara inten\u00e7\u00e3o de vencer a etapa, aparentemente recuperado das m\u00e1s sensa\u00e7\u00f5es no final da tirada anterior, em que se demitiu da corrida. Numa aventura de 170 quil\u00f3metros, Ayuso viria a contar com a colabora\u00e7\u00e3o de uma dezena de corredores, e a cerca de 10 quil\u00f3metos da meta, pouco acima do sop\u00e9 da derradeira montanha do dia (Cerler Huesca La Magia: 12,1 km \u00e0 5,9%), partiu para o ataque. Ap\u00f3s fugaz resist\u00eancia do compatriota Raul Garcia Pierna (Ark\u00e9a), o catal\u00e3o de 22 anos isolou-se, partindo definitivamente para uma vit\u00f3ria categ\u00f3rica.<\/p>\n<p>\u00abN\u00e3o sei se compensa por ontem [quinta-feira], mas posso dizer que esta vit\u00f3ria foi sobre orgulho. Antes da partida, os da Visma disseram-me que n\u00e3o me iam deixar sair, mas dei tudo na primeira subida, sofri muito. No final, arranquei desde o in\u00edcio [da subida]. Foi muito longe, mas alcancei o objetivo\u00bb, declarou Juan\u00a0Ayuso, no discurso de vit\u00f3ria, a terceira consecutiva da UAE Emirates.\u00a0<\/p>\n<p>\u00ab\u00c9 incr\u00edvel. Depois de ganhar a minha primeira etapa numa grande Volta no Giro, agora esta vit\u00f3ria na Vuelta \u00e9 muito especial, pois \u00e9 a minha corrida favorita. Ganhei com muito sacrif\u00edcio, vou recordar este dia para sempre, estou muito orgulhoso\u00bb, refor\u00e7ou o jovem espanhol, que ocupa a 25.\u00aa posi\u00e7\u00e3o da geral, a 7.28 minutos da camisola vermelha. \u00a0<\/p>\n<p>Desta aventura madrugadora na jornada segunda montanhosa consecutiva da prova, tamb\u00e9m fez parte Jay Vine, outro companheiro do portugu\u00eas, vencedor da etapa anterior, e a partir de ent\u00e3o a correr pela classifica\u00e7\u00e3o de melhor trepador, cuja lideran\u00e7a refor\u00e7ou ontem. O australiano, fatigado, cedeu na ascens\u00e3o final, de primeira categoria e coincidente com a meta em Cerler, e n\u00e3o teve energia para acompanhar o pelot\u00e3o em apoio a Almeida. <\/p>\n<p>No pelot\u00e3o, na prote\u00e7\u00e3o ao corredor luso, elevado a l\u00edder \u00fanico da sua equipa ap\u00f3s a\u00a0etapa da v\u00e9spera, perante a ced\u00eancia de Ayuso, permaneceu apenas o espanhol Marc Soler, que entrou ao servi\u00e7o do portugu\u00eas a 3,5 quil\u00f3metros da meta. <\/p>\n<p>Estando o triunfo garantido por Juan Ayuso, que cortou a linha com os dedos indicadores a taparem os ouvidos, num gesto simb\u00f3lico de que \u00e9 inume \u00e0s cr\u00edticas, Jo\u00e3o Almeida pediu a Soler para endurecer o ritmo no pelot\u00e3o e pouco depois partiu para o ataque. Num primeiro momento, o portugu\u00eas selecionou o grupo de favoritos a apenas um trio, com Jonas Vingegaard (Visma-Lease a Bike) e Giulio Ciccone (Lidl-Trek), mas, \u00e0 falta de colabora\u00e7\u00e3o destes, teve de aliviar o ritmo, permitindo a recupera\u00e7\u00e3o de um grupo de 14 unidades, incluindo todos os homens do top-10.\u00a0<\/p>\n<p>At\u00e9 ao final, n\u00e3o houve mais movimenta\u00e7\u00f5es neste minipelot\u00e3o, que terminou a 2.35 minutos de Juan Ayuso, e inclu\u00eda o camisola vermelha Torstein Traeen (Bahrain), que defendendo-se bem, manteve a lideran\u00e7a da geral sem perder tempo. <\/p>\n<p>Jo\u00e3o Almeida concluiu a etapa na 19.\u00aa posi\u00e7\u00e3o e subiu \u00e0 terceira posi\u00e7\u00e3o da classifica\u00e7\u00e3o geral,\u00a0\u00e0 mesma dist\u00e2ncia de Traen, 2.41 minutos, e de Jonas Vingegaard, segundo (8 segundos).\u00a0\u00a0<\/p>\n<p>No s\u00e1bado, ap\u00f3s duas etapas de montanha, os ciclistas v\u00e3o ter uma oitava etapa sem qualquer contagem de montanha, com 163,5 quil\u00f3metros entre Monz\u00f3n Templ\u00e1rio e Sarago\u00e7a, com as dificuldades a regressarem no domingo.<\/p>\n","protected":false},"excerpt":{"rendered":"Na equipa UAE Emirates, em que os principais elementos correm por objetivos diferentes, Juan Ayuso renasceu das trevas&hellip;\n","protected":false},"author":2,"featured_media":50894,"comment_status":"","ping_status":"","sticky":false,"template":"","format":"standard","meta":{"footnotes":""},"categories":[8],"tags":[27,28,15,16,14,25,26,21,22,12,13,19,20,32,23,24,33,17,18,29,30,31],"class_list":{"0":"post-50893","1":"post","2":"type-post","3":"status-publish","4":"format-standard","5":"has-post-thumbnail","7":"category-principais-noticias","8":"tag-breaking-news","9":"tag-breakingnews","10":"tag-featured-news","11":"tag-featurednews","12":"tag-headlines","13":"tag-latest-news","14":"tag-latestnews","15":"tag-main-news","16":"tag-mainnews","17":"tag-news","18":"tag-noticias","19":"tag-noticias-principais","20":"tag-noticiasprincipais","21":"tag-portugal","22":"tag-principais-noticias","23":"tag-principaisnoticias","24":"tag-pt","25":"tag-top-stories","26":"tag-topstories","27":"tag-ultimas","28":"tag-ultimas-noticias","29":"tag-ultimasnoticias"},"share_on_mastodon":{"url":"","error":""},"_links":{"self":[{"href":"https:\/\/www.europesays.com\/pt\/wp-json\/wp\/v2\/posts\/50893","targetHints":{"allow":["GET"]}}],"collection":[{"href":"https:\/\/www.europesays.com\/pt\/wp-json\/wp\/v2\/posts"}],"about":[{"href":"https:\/\/www.europesays.com\/pt\/wp-json\/wp\/v2\/types\/post"}],"author":[{"embeddable":true,"href":"https:\/\/www.europesays.com\/pt\/wp-json\/wp\/v2\/users\/2"}],"replies":[{"embeddable":true,"href":"https:\/\/www.europesays.com\/pt\/wp-json\/wp\/v2\/comments?post=50893"}],"version-history":[{"count":0,"href":"https:\/\/www.europesays.com\/pt\/wp-json\/wp\/v2\/posts\/50893\/revisions"}],"wp:featuredmedia":[{"embeddable":true,"href":"https:\/\/www.europesays.com\/pt\/wp-json\/wp\/v2\/media\/50894"}],"wp:attachment":[{"href":"https:\/\/www.europesays.com\/pt\/wp-json\/wp\/v2\/media?parent=50893"}],"wp:term":[{"taxonomy":"category","embeddable":true,"href":"https:\/\/www.europesays.com\/pt\/wp-json\/wp\/v2\/categories?post=50893"},{"taxonomy":"post_tag","embeddable":true,"href":"https:\/\/www.europesays.com\/pt\/wp-json\/wp\/v2\/tags?post=50893"}],"curies":[{"name":"wp","href":"https:\/\/api.w.org\/{rel}","templated":true}]}}