{"id":50897,"date":"2025-08-30T00:05:07","date_gmt":"2025-08-30T00:05:07","guid":{"rendered":"https:\/\/www.europesays.com\/pt\/50897\/"},"modified":"2025-08-30T00:05:07","modified_gmt":"2025-08-30T00:05:07","slug":"exclusivo-a-fazenda-leonor-ajuda-miguel-e-este-aproveita-para-a-reconquistar-novelas","status":"publish","type":"post","link":"https:\/\/www.europesays.com\/pt\/50897\/","title":{"rendered":"Exclusivo \u00abA Fazenda\u00bb: Leonor ajuda Miguel e este aproveita para a reconquistar &#8211; Novelas"},"content":{"rendered":"<p>Em \u00abA Fazenda\u00bb, <a href=\"https:\/\/tvi.iol.pt\/novelas\/search?pagina=1&amp;pesquisa=dalila+carmo\" rel=\"nofollow noopener\" target=\"_blank\">Leonor (Dalila Carmo)<\/a> vem ter com <a href=\"https:\/\/tvi.iol.pt\/novelas\/search?pagina=1&amp;pesquisa=diogo+infante\" rel=\"nofollow noopener\" target=\"_blank\">Miguel (Diogo Infante)<\/a> ao escrit\u00f3rio mal chega de Angola. Miguel admite constrangido a Leonor estar a viver numa pens\u00e3o por estar com problemas financeiros. Leonor exige a Miguel que lhe conte o que se passou efetivamente na noite da morte de <a href=\"https:\/\/tvi.iol.pt\/novelas\/search?pagina=1&amp;pesquisa=raquel+tillo\" rel=\"nofollow noopener\" target=\"_blank\">Bianca (Raquel Tillo)<\/a>. Miguel conta a Leonor que Bianca pretendia mesmo denunci\u00e1-los pela morte de Rita, mas acabou por cair da varanda abaixo acidentalmente, e ele teve de fugir dali por saber que o iam culpar pela morte dela. Leonor, contando que Alba (S\u00e3o Jos\u00e9 Correia) o vai entregar \u00e0 pol\u00edcia se J\u00falia fizer queixa de Duarte, diz ter uma maneira de o ajudar. Miguel recusa a Leonor que ela se meta em problemas por causa dele dizendo que estavam juntos quando Bianca morreu, mas Leonor diz firme n\u00e3o ir deixar que Alba se vingue nele dos problemas do filho. Miguel acaba por esbo\u00e7ar ar grato para Leonor.<\/p>\n<p>Leonor mente a Gaspar (Nuno Lopes) sobre j\u00e1 ter falado com Miguel. Este toca \u00e0 porta, dizendo a Leonor n\u00e3o querer mesmo que ela se arrisque por ele. Leonor diz a Miguel somente querer justi\u00e7a, j\u00e1 tendo ligado para a PJ para o inocentar. Miguel olha-a profundamente grato.<\/p>\n<p>Leonor diz aos inspetores da PJ que Miguel est\u00e1 inocente da morte de Bianca por que estavam juntos nessa noite, tendo mantido segredo disso at\u00e9 agora por estar em outra rela\u00e7\u00e3o. Gustavo (Nuno Pardal) diz a Miguel que j\u00e1 foi contar a Gaspar que ele passou a noite com Leonor na noite da morte de Bianca como ele lhe pediu, achando que ele faz mal em n\u00e3o desistir dela. Gustavo conforta Mafalda, que se lastima estar cansada de tantos problemas familiares.<\/p>\n<p>Leonor pergunta direta a Miguel se foi contar a Gaspar que passaram a noite juntos. Miguel olha-a tenso. Gaspar lastima-se a Janu\u00e1rio de ter descoberto que Leonor dormiu com Miguel na noite da morte de Bianca, achando que afinal ela nunca o esqueceu, tendo receio de a perder de vez para Miguel.<\/p>\n<p>Miguel assevera a Leonor n\u00e3o ter sido ele que contou a Gaspar a desculpa que ela deu \u00e0 pol\u00edcia para o safar, mas Leonor n\u00e3o acredita nele, dizendo que ele nunca muda mesmo e est\u00e1 sempre a tentar estragar-lhe a vida. Sai disparada, deixando Miguel constrangido.<\/p>\n<p>Inspetores passam por Leonor para falar com Miguel, avisando que ele ainda n\u00e3o est\u00e1 totalmente livre da hip\u00f3tese de ter matado Bianca por terem surgido dados novos. Leonor fica apreensiva.<\/p>\n","protected":false},"excerpt":{"rendered":"Em \u00abA Fazenda\u00bb, Leonor (Dalila Carmo) vem ter com Miguel (Diogo Infante) ao escrit\u00f3rio mal chega de Angola.&hellip;\n","protected":false},"author":2,"featured_media":50898,"comment_status":"","ping_status":"","sticky":false,"template":"","format":"standard","meta":{"footnotes":""},"categories":[142],"tags":[657,160,166,3971,656,114,115,157,167,164,3972,659,161,158,165,159,32,33,156,163,151,162],"class_list":{"0":"post-50897","1":"post","2":"type-post","3":"status-publish","4":"format-standard","5":"has-post-thumbnail","7":"category-tv","8":"tag-a-fazenda","9":"tag-ana-guiomar","10":"tag-cristina-ferreira","11":"tag-dalila-carmo","12":"tag-diogo-infante","13":"tag-entertainment","14":"tag-entretenimento","15":"tag-festa-e-festa","16":"tag-ficcao","17":"tag-jose-fidalgo","18":"tag-leonor","19":"tag-miguel","20":"tag-novelas","21":"tag-para-sempre","22":"tag-pedro-sousa","23":"tag-pedro-teixeira","24":"tag-portugal","25":"tag-pt","26":"tag-queridos-papas","27":"tag-tiago-teotonio-pereira","28":"tag-tv","29":"tag-tvi"},"share_on_mastodon":{"url":"","error":""},"_links":{"self":[{"href":"https:\/\/www.europesays.com\/pt\/wp-json\/wp\/v2\/posts\/50897","targetHints":{"allow":["GET"]}}],"collection":[{"href":"https:\/\/www.europesays.com\/pt\/wp-json\/wp\/v2\/posts"}],"about":[{"href":"https:\/\/www.europesays.com\/pt\/wp-json\/wp\/v2\/types\/post"}],"author":[{"embeddable":true,"href":"https:\/\/www.europesays.com\/pt\/wp-json\/wp\/v2\/users\/2"}],"replies":[{"embeddable":true,"href":"https:\/\/www.europesays.com\/pt\/wp-json\/wp\/v2\/comments?post=50897"}],"version-history":[{"count":0,"href":"https:\/\/www.europesays.com\/pt\/wp-json\/wp\/v2\/posts\/50897\/revisions"}],"wp:featuredmedia":[{"embeddable":true,"href":"https:\/\/www.europesays.com\/pt\/wp-json\/wp\/v2\/media\/50898"}],"wp:attachment":[{"href":"https:\/\/www.europesays.com\/pt\/wp-json\/wp\/v2\/media?parent=50897"}],"wp:term":[{"taxonomy":"category","embeddable":true,"href":"https:\/\/www.europesays.com\/pt\/wp-json\/wp\/v2\/categories?post=50897"},{"taxonomy":"post_tag","embeddable":true,"href":"https:\/\/www.europesays.com\/pt\/wp-json\/wp\/v2\/tags?post=50897"}],"curies":[{"name":"wp","href":"https:\/\/api.w.org\/{rel}","templated":true}]}}