{"id":50905,"date":"2025-08-30T00:09:09","date_gmt":"2025-08-30T00:09:09","guid":{"rendered":"https:\/\/www.europesays.com\/pt\/50905\/"},"modified":"2025-08-30T00:09:09","modified_gmt":"2025-08-30T00:09:09","slug":"saude-lanca-campanha-setembro-em-flor-para-prevencao-de-canceres-ginecologicos","status":"publish","type":"post","link":"https:\/\/www.europesays.com\/pt\/50905\/","title":{"rendered":"Sa\u00fade lan\u00e7a campanha Setembro em Flor para preven\u00e7\u00e3o de c\u00e2nceres ginecol\u00f3gicos"},"content":{"rendered":"<p>Durante todo o m\u00eas, ser\u00e3o realizadas a\u00e7\u00f5es para promo\u00e7\u00e3o da preven\u00e7\u00e3o e do diagn\u00f3stico precoce<\/p>\n<p style=\"text-align: justify;\">Em setembro, a Secretaria de Sa\u00fade do Distrito Federal (SES-DF), em parceria com o <a href=\"https:\/\/eva.org.br\/\" target=\"_blank\" rel=\"nofollow noopener\">Grupo Brasileiro de Tumores Ginecol\u00f3gicos (EVA)<\/a>, lan\u00e7a a campanha Setembro em Flor, voltada \u00e0 conscientiza\u00e7\u00e3o sobre a import\u00e2ncia do acompanhamento ginecol\u00f3gico. Durante todo o m\u00eas, ser\u00e3o promovidas a\u00e7\u00f5es de preven\u00e7\u00e3o e diagn\u00f3stico precoce dos c\u00e2nceres que afetam o colo do \u00fatero, endom\u00e9trio, ov\u00e1rios, vagina e vulva.<\/p>\n<p style=\"text-align: justify;\">Segundo o <a href=\"https:\/\/www.gov.br\/inca\/pt-br\" target=\"_blank\" rel=\"nofollow noopener\">Instituto Nacional de C\u00e2ncer (Inca)<\/a>, cerca de 30 mil mulheres brasileiras recebem anualmente diagn\u00f3sticos de c\u00e2ncer ginecol\u00f3gico, sendo mais de 16 mil casos apenas de c\u00e2ncer de colo uterino. A doen\u00e7a \u00e9 detectada pelo exame citopatol\u00f3gico, mais conhecido como papanicolau ou exame preventivo.<br \/>\u00a0<\/p>\n<p>        <img loading=\"lazy\" decoding=\"async\" alt=\"\" height=\"512\" src=\"https:\/\/www.europesays.com\/pt\/wp-content\/uploads\/2025\/08\/4694e128-369f-93fe-03e4-901260686cea\" style=\"margin: 0px;\" width=\"768\"\/> <\/p>\n<p>         Secretaria de Sa\u00fade lan\u00e7a campanha Setembro em Flor para conscientiza\u00e7\u00e3o sobre a import\u00e2ncia do acompanhamento ginecol\u00f3gico. Foto: Sandro Ara\u00fajo\/Ag\u00eancia Sa\u00fade DF<\/p>\n<p style=\"text-align: justify;\">Na rede SES-DF, o exame \u00e9 ofertado pelas Unidades B\u00e1sicas de Sa\u00fade (UBS) mediante agendamento. Gradualmente, o exame citopatol\u00f3gico ser\u00e1 substitu\u00eddo pelo teste molecular de DNA-HPV, tecnologia inovadora voltada ao rastreamento do c\u00e2ncer de colo do \u00fatero. O novo teste representa um avan\u00e7o no cuidado preventivo contra o c\u00e2ncer de colo de \u00fatero.<\/p>\n<p style=\"text-align: justify;\">Outra medida de preven\u00e7\u00e3o \u00e9 a vacina\u00e7\u00e3o contra o <a href=\"https:\/\/www.gov.br\/saude\/pt-br\/assuntos\/saude-de-a-a-z\/h\/hpv\/hpv\" target=\"_blank\" rel=\"nofollow noopener\">HPV (papilomav\u00edrus humano)<\/a>, maior causador do c\u00e2ncer de colo de \u00fatero ou c\u00e2ncer cervical. O imunizante est\u00e1 dispon\u00edvel gratuitamente nas unidades da SES-DF para meninas e meninos de 9 a 14 anos. Contudo, at\u00e9 dezembro deste ano, jovens entre 15 e 19 anos tamb\u00e9m poder\u00e3o tomar a dose. A vacina tamb\u00e9m \u00e9 indicada para pessoas que vivem com o v\u00edrus da imunodefici\u00eancia humana (HIV) ou aids, pacientes transplantados e pacientes oncol\u00f3gicos.\u00a0<\/p>\n<p style=\"text-align: justify;\">A m\u00e9dica oncologista ginecol\u00f3gica da SES-DF, Rayane Cardoso, afirma que \u00e9 necess\u00e1ria uma abordagem abrangente e coordenada no cuidado da sa\u00fade feminina. \u201cO acompanhamento ginecol\u00f3gico \u00e9 fundamental para a preven\u00e7\u00e3o de c\u00e2nceres pass\u00edveis de rastreio\u201d, frisou.<\/p>\n<p style=\"text-align: justify;\">Setembro em Flor ressalta a import\u00e2ncia de exames ginecol\u00f3gicos regulares e outras medidas em sa\u00fade para diminuir o risco de c\u00e2nceres.<\/p>\n<p style=\"text-align: justify;\"><strong>Programa\u00e7\u00e3o<\/strong><\/p>\n<p style=\"text-align: justify;\">Para chamar aten\u00e7\u00e3o para os c\u00e2nceres ginecol\u00f3gicos e destacar a preven\u00e7\u00e3o, a Secretaria de Sa\u00fade vai realizar diversos eventos durante todo o m\u00eas de setembro. Confira:<br \/>\u00a0<\/p>\n<p>        <img loading=\"lazy\" decoding=\"async\" alt=\"\" height=\"512\" src=\"https:\/\/www.europesays.com\/pt\/wp-content\/uploads\/2025\/08\/2a42f7f8-a619-73bd-7570-da029f78b5dd\" style=\"margin: 0px;\" width=\"768\"\/> <\/p>\n<p>         Durante todo o m\u00eas, ser\u00e3o promovidas a\u00e7\u00f5es de preven\u00e7\u00e3o e diagn\u00f3stico precoce dos c\u00e2nceres que afetam o colo do \u00fatero, endom\u00e9trio, ov\u00e1rios, vagina e vulva. Arte: SES-DF<\/p>\n<p style=\"text-align: justify;\">\u00a0<\/p>\n","protected":false},"excerpt":{"rendered":"Durante todo o m\u00eas, ser\u00e3o realizadas a\u00e7\u00f5es para promo\u00e7\u00e3o da preven\u00e7\u00e3o e do diagn\u00f3stico precoce Em setembro, a&hellip;\n","protected":false},"author":2,"featured_media":50906,"comment_status":"","ping_status":"","sticky":false,"template":"","format":"standard","meta":{"footnotes":""},"categories":[86],"tags":[1776,1661,116,12231,1133,32,33,117,14865],"class_list":{"0":"post-50905","1":"post","2":"type-post","3":"status-publish","4":"format-standard","5":"has-post-thumbnail","7":"category-saude","8":"tag-cancer","9":"tag-destaque","10":"tag-health","11":"tag-hpv","12":"tag-noticia","13":"tag-portugal","14":"tag-pt","15":"tag-saude","16":"tag-setembro-em-flor"},"share_on_mastodon":{"url":"","error":""},"_links":{"self":[{"href":"https:\/\/www.europesays.com\/pt\/wp-json\/wp\/v2\/posts\/50905","targetHints":{"allow":["GET"]}}],"collection":[{"href":"https:\/\/www.europesays.com\/pt\/wp-json\/wp\/v2\/posts"}],"about":[{"href":"https:\/\/www.europesays.com\/pt\/wp-json\/wp\/v2\/types\/post"}],"author":[{"embeddable":true,"href":"https:\/\/www.europesays.com\/pt\/wp-json\/wp\/v2\/users\/2"}],"replies":[{"embeddable":true,"href":"https:\/\/www.europesays.com\/pt\/wp-json\/wp\/v2\/comments?post=50905"}],"version-history":[{"count":0,"href":"https:\/\/www.europesays.com\/pt\/wp-json\/wp\/v2\/posts\/50905\/revisions"}],"wp:featuredmedia":[{"embeddable":true,"href":"https:\/\/www.europesays.com\/pt\/wp-json\/wp\/v2\/media\/50906"}],"wp:attachment":[{"href":"https:\/\/www.europesays.com\/pt\/wp-json\/wp\/v2\/media?parent=50905"}],"wp:term":[{"taxonomy":"category","embeddable":true,"href":"https:\/\/www.europesays.com\/pt\/wp-json\/wp\/v2\/categories?post=50905"},{"taxonomy":"post_tag","embeddable":true,"href":"https:\/\/www.europesays.com\/pt\/wp-json\/wp\/v2\/tags?post=50905"}],"curies":[{"name":"wp","href":"https:\/\/api.w.org\/{rel}","templated":true}]}}