{"id":509085,"date":"2026-09-02T15:23:18","date_gmt":"2026-09-02T15:23:18","guid":{"rendered":"https:\/\/www.europesays.com\/pt\/509085\/"},"modified":"2026-09-02T15:23:18","modified_gmt":"2026-09-02T15:23:18","slug":"ao-falar-da-ansiedade-da-filha-cara-conhecida-acaba-por-fazer-confissao-toda-a-minha-vida-sofri-big-brother-verao-2026-ultimas-noticias-videos-e-diretos","status":"publish","type":"post","link":"https:\/\/www.europesays.com\/pt\/509085\/","title":{"rendered":"Ao falar da ansiedade da filha, cara conhecida acaba por fazer confiss\u00e3o: \u00abToda a minha vida sofri\u00bb &#8211; Big Brother Ver\u00e3o 2026: \u00daltimas Not\u00edcias, V\u00eddeos e Diretos"},"content":{"rendered":"<p><a target=\"_self\" rel=\"noopener noreferrer nofollow\" href=\"https:\/\/tvi.iol.pt\/bigbrother\/liliana-araujo\/16-07-2026\/liliana-do-secret-story-10-recebe-a-noticia-que-mais-desejava-nao-e-necessario-quimioterapia\"><strong>Liliana Ara\u00fajo<\/strong> partilhou um novo v\u00eddeo no Instagram<\/a> que rapidamente assume um tom descontra\u00eddo, mas que esconde uma reflex\u00e3o bastante pessoal. A ex-concorrente do\u00a0Secret Story\u00a0aproveitou a antecipa\u00e7\u00e3o do primeiro dia de aulas da filha para falar sobre a forma como ambas lidam com momentos de mudan\u00e7a.<\/p>\n<p>No v\u00eddeo, a pequena surge ansiosa perante a chegada do primeiro dia de aulas. A situa\u00e7\u00e3o serviu de mote para Liliana falar da possibilidade da filha ter herdado precisamente uma caracter\u00edstica que a pr\u00f3pria reconhece em si.<\/p>\n<p><strong>\u00abQuem lhe passou estes genes fui eu\u00bb<\/strong>, parece ser a conclus\u00e3o da ex-concorrente, numa refer\u00eancia \u00e0 forma como tamb\u00e9m ela costuma reagir perante situa\u00e7\u00f5es novas.<\/p>\n<p>Mas, por detr\u00e1s do momento descontra\u00eddo, est\u00e1 uma reflex\u00e3o mais profunda. Liliana Ara\u00fajo admite que, ao longo da vida, sempre sentiu dificuldade em lidar com <a target=\"_self\" rel=\"noopener noreferrer nofollow\" href=\"https:\/\/tvi.iol.pt\/bigbrother\/liliana-araujo\/secret-story-10\/dois-andares-e-uma-escadaria-imponente-ex-concorrente-do-ss-abre-portas-da-casa-de-luxo\">altera\u00e7\u00f5es repentinas<\/a>, mesmo quando essas mudan\u00e7as partiam de decis\u00f5es suas e eram escolhas que sabia serem positivas para o presente ou para o futuro.<\/p>\n<p>A ex-concorrente reconhece que o desconhecido e os momentos de transi\u00e7\u00e3o sempre lhe provocaram algum receio.<\/p>\n<p><strong>\u00abToda a minha vida sofri com altera\u00e7\u00f5es repentinas na minha vida, mesmo sendo coisas decididas por mim, algo que sei que \u00e9 de minha vontade e bom para o meu presente\/futuro\u00bb<\/strong>, escreveu na descri\u00e7\u00e3o da publica\u00e7\u00e3o.<\/p>\n<p>\u00c9 neste contexto que Liliana fala daquilo a que chama a sua \u201cmini me\u201d e revela o orgulho que sente ao v\u00ea-la avan\u00e7ar apesar dos receios.<\/p>\n<p><strong>\u00abEnfrenta com o m\u00ednimo medo mas vai\u00bb<\/strong>, acrescentou, numa mensagem que acaba por funcionar como um incentivo \u00e0 filha para n\u00e3o deixar que o medo a impe\u00e7a de viver novas experi\u00eancias.<\/p>\n<p>Apesar de o v\u00eddeo ser apresentado de forma leve e bem-humorada, a publica\u00e7\u00e3o acaba por revelar uma preocupa\u00e7\u00e3o que Liliana conhece bem: <a target=\"_self\" rel=\"noopener noreferrer nofollow\" href=\"https:\/\/tvi.iol.pt\/bigbrother\/geral\/20260827\/casaram-ha-10-anos-mas-tiveram-de-o-esconder-no-secret-story-hoje-mostram-video-inedito-do-casamento\">a dificuldade em enfrentar aquilo que \u00e9 novo.<\/a> No caso da filha, por\u00e9m, parece encontrar uma raz\u00e3o para se orgulhar \u2014 mesmo perante o nervosismo.<\/p>\n<p>Entre uma brincadeira sobre os \u201cgenes\u201d e uma reflex\u00e3o sobre a pr\u00f3pria experi\u00eancia, Liliana Ara\u00fajo deixa assim uma mensagem sobre aprender a avan\u00e7ar, mesmo quando o medo aparece.<\/p>\n","protected":false},"excerpt":{"rendered":"Liliana Ara\u00fajo partilhou um novo v\u00eddeo no Instagram que rapidamente assume um tom descontra\u00eddo, mas que esconde uma&hellip;\n","protected":false},"author":2,"featured_media":509086,"comment_status":"","ping_status":"","sticky":false,"template":"","format":"standard","meta":{"footnotes":"","_share_on_mastodon":"0"},"categories":[142],"tags":[4843,331,48,333,328,335,336,114,115,334,332,1127,330,338,13,32,33,151,162,227],"class_list":["post-509085","post","type-post","status-publish","format-standard","has-post-thumbnail","category-tv","tag-ansiedade","tag-big","tag-big-brother","tag-comentadores","tag-concorrentes","tag-confrontos","tag-discussoes","tag-entertainment","tag-entretenimento","tag-exclusivos","tag-expulso","tag-filha","tag-gala","tag-maria-botelho-moniz","tag-noticias","tag-portugal","tag-pt","tag-tv","tag-tvi","tag-videos"],"share_on_mastodon":{"url":"https:\/\/pubeurope.com\/@pt\/117202138058875475","error":""},"_links":{"self":[{"href":"https:\/\/www.europesays.com\/pt\/wp-json\/wp\/v2\/posts\/509085","targetHints":{"allow":["GET"]}}],"collection":[{"href":"https:\/\/www.europesays.com\/pt\/wp-json\/wp\/v2\/posts"}],"about":[{"href":"https:\/\/www.europesays.com\/pt\/wp-json\/wp\/v2\/types\/post"}],"author":[{"embeddable":true,"href":"https:\/\/www.europesays.com\/pt\/wp-json\/wp\/v2\/users\/2"}],"replies":[{"embeddable":true,"href":"https:\/\/www.europesays.com\/pt\/wp-json\/wp\/v2\/comments?post=509085"}],"version-history":[{"count":0,"href":"https:\/\/www.europesays.com\/pt\/wp-json\/wp\/v2\/posts\/509085\/revisions"}],"wp:featuredmedia":[{"embeddable":true,"href":"https:\/\/www.europesays.com\/pt\/wp-json\/wp\/v2\/media\/509086"}],"wp:attachment":[{"href":"https:\/\/www.europesays.com\/pt\/wp-json\/wp\/v2\/media?parent=509085"}],"wp:term":[{"taxonomy":"category","embeddable":true,"href":"https:\/\/www.europesays.com\/pt\/wp-json\/wp\/v2\/categories?post=509085"},{"taxonomy":"post_tag","embeddable":true,"href":"https:\/\/www.europesays.com\/pt\/wp-json\/wp\/v2\/tags?post=509085"}],"curies":[{"name":"wp","href":"https:\/\/api.w.org\/{rel}","templated":true}]}}