{"id":509114,"date":"2026-09-02T15:43:23","date_gmt":"2026-09-02T15:43:23","guid":{"rendered":"https:\/\/www.europesays.com\/pt\/509114\/"},"modified":"2026-09-02T15:43:23","modified_gmt":"2026-09-02T15:43:23","slug":"galaxy-z-fold-8-sucesso-tao-grande-que-samsung-usa-pecas-de-smartphones-de-2027","status":"publish","type":"post","link":"https:\/\/www.europesays.com\/pt\/509114\/","title":{"rendered":"Galaxy Z Fold 8: sucesso t\u00e3o grande que Samsung usa pe\u00e7as de smartphones de 2027"},"content":{"rendered":"<p>O novo Samsung Galaxy Z Fold 8 est\u00e1 a registar uma ades\u00e3o no mercado muito superior \u00e0s proje\u00e7\u00f5es iniciais da marca. Ap\u00f3s v\u00e1rias gera\u00e7\u00f5es em que os dobr\u00e1veis mantiveram um crescimento t\u00edmido, a reformula\u00e7\u00e3o deste formato gerou uma vaga de pr\u00e9-reservas sem precedentes Esta procura acelerada acabou por criar um problema imediato nas linhas de montagem.<\/p>\n<p><a target=\"_blank\" href=\"https:\/\/www.europesays.com\/pt\/wp-content\/uploads\/2026\/09\/Samsung_Galaxy_Z_Fold-8_07.jpg\" onclick=\"refreshIframe()\" class=\"foobox\"><img fetchpriority=\"high\" decoding=\"async\" src=\"https:\/\/www.europesays.com\/pt\/wp-content\/uploads\/2026\/09\/Samsung_Galaxy_Z_Fold-8_07.jpg\" alt=\"Galaxy Z Fold 8 Samsung pe\u00e7as ecr\u00e3\" width=\"1200\" height=\"675\" class=\"aligncenter size-full wp-image-1131633\"  \/><\/a>\n<\/p>\n<p>O resultado desta altera\u00e7\u00e3o nas linhas de produ\u00e7\u00e3o teve um impacto imediato e que j\u00e1 era esperado. Acabou com com os prazos de entrega a dilatarem-se em mercados estrat\u00e9gicos e o invent\u00e1rio a esgotar rapidamente. Associado temos que a capacidade de resposta industrial da empresa atingiu o limite operacional antes do previsto.<\/p>\n<p>O chip do ecr\u00e3 que travou a produ\u00e7\u00e3o<\/p>\n<p>No <a target=\"_blank\" href=\"https:\/\/zdnet.co.kr\/view\/?no=20260828153538\" rel=\"nofollow noopener\">centro deste estrangulamento log\u00edstico<\/a> encontra-se o circuito integrado controlador de ecr\u00e3, conhecido na ind\u00fastria como DDI. Esta pe\u00e7a essencial \u00e9 respons\u00e1vel por ditar o comportamento de cada p\u00edxel no painel OLED, sendo um componente desenhado exclusivamente \u00e0 medida das especifica\u00e7\u00f5es t\u00e9cnicas do novo dobr\u00e1vel.<\/p>\n<p>A produ\u00e7\u00e3o deste chip f\u00edsico est\u00e1 a cargo da f\u00e1brica parceira UMC, em Taiwan, com recurso a um processo de 22 nan\u00f3metros. As linhas de produ\u00e7\u00e3o do fornecedor encontram-se totalmente ocupadas, inviabilizando qualquer refor\u00e7o r\u00e1pido atrav\u00e9s dos m\u00e9todos convencionais de fornecimento, que exigiriam v\u00e1rios meses de espera.<\/p>\n<p><a target=\"_blank\" href=\"https:\/\/www.europesays.com\/pt\/wp-content\/uploads\/2026\/09\/Samsung_Galaxy_Z_Fold-8_012.jpg\" onclick=\"refreshIframe()\" class=\"foobox\"><img loading=\"lazy\" decoding=\"async\" src=\"https:\/\/www.europesays.com\/pt\/wp-content\/uploads\/2026\/09\/Samsung_Galaxy_Z_Fold-8_012.jpg\" alt=\"Galaxy Z Fold 8 Samsung pe\u00e7as ecr\u00e3\" width=\"1200\" height=\"675\" class=\"aligncenter size-full wp-image-1131651\"  \/><\/a><\/p>\n<p>Para contornar a escassez, a Samsung viu-se for\u00e7ada a antecipar recursos e a mobilizar capacidade de fabrico originalmente alocada aos dispositivos programados para 2027. A estrat\u00e9gia passa por converter esses espa\u00e7os industriais j\u00e1 reservados em novos lotes priorit\u00e1rios para o modelo atual, tentando assim evitar a rutura global.<\/p>\n<p>Uma aposta decisiva no segmento dos dobr\u00e1veis<\/p>\n<p>Esta movimenta\u00e7\u00e3o de emerg\u00eancia coincide com um per\u00edodo de forte press\u00e3o competitiva no setor da mobilidade. A marca procura consolidar a sua lideran\u00e7a e preencher as prateleiras num momento em que surgem novas solu\u00e7\u00f5es rivais com este mesmo formato.<\/p>\n<p>As estimativas de analistas do setor apontam para uma duplica\u00e7\u00e3o das vendas globais de telem\u00f3veis dobr\u00e1veis at\u00e9 2028. Ao sacrificar o planeamento futuro em prol do presente, a Samsung tenta garantir que o entusiasmo gerado pelo Galaxy Z Fold 8 se converte em vendas concretas.<\/p>\n","protected":false},"excerpt":{"rendered":"O novo Samsung Galaxy Z Fold 8 est\u00e1 a registar uma ades\u00e3o no mercado muito superior \u00e0s proje\u00e7\u00f5es&hellip;\n","protected":false},"author":2,"featured_media":509115,"comment_status":"","ping_status":"","sticky":false,"template":"","format":"standard","meta":{"footnotes":"","_share_on_mastodon":"0"},"categories":[84],"tags":[109,107,108,633,66263,81114,4704,32,33,952,105,103,104,106,110],"class_list":["post-509114","post","type-post","status-publish","format-standard","has-post-thumbnail","category-ciencia-e-tecnologia","tag-ciencia","tag-ciencia-e-tecnologia","tag-cienciaetecnologia","tag-ecra","tag-galaxy-z-fold-8","tag-galaxy-z-fold-8-ultra","tag-pecas","tag-portugal","tag-pt","tag-samsung","tag-science","tag-science-and-technology","tag-scienceandtechnology","tag-technology","tag-tecnologia"],"share_on_mastodon":{"url":"https:\/\/pubeurope.com\/@pt\/117202217375149897","error":""},"_links":{"self":[{"href":"https:\/\/www.europesays.com\/pt\/wp-json\/wp\/v2\/posts\/509114","targetHints":{"allow":["GET"]}}],"collection":[{"href":"https:\/\/www.europesays.com\/pt\/wp-json\/wp\/v2\/posts"}],"about":[{"href":"https:\/\/www.europesays.com\/pt\/wp-json\/wp\/v2\/types\/post"}],"author":[{"embeddable":true,"href":"https:\/\/www.europesays.com\/pt\/wp-json\/wp\/v2\/users\/2"}],"replies":[{"embeddable":true,"href":"https:\/\/www.europesays.com\/pt\/wp-json\/wp\/v2\/comments?post=509114"}],"version-history":[{"count":0,"href":"https:\/\/www.europesays.com\/pt\/wp-json\/wp\/v2\/posts\/509114\/revisions"}],"wp:featuredmedia":[{"embeddable":true,"href":"https:\/\/www.europesays.com\/pt\/wp-json\/wp\/v2\/media\/509115"}],"wp:attachment":[{"href":"https:\/\/www.europesays.com\/pt\/wp-json\/wp\/v2\/media?parent=509114"}],"wp:term":[{"taxonomy":"category","embeddable":true,"href":"https:\/\/www.europesays.com\/pt\/wp-json\/wp\/v2\/categories?post=509114"},{"taxonomy":"post_tag","embeddable":true,"href":"https:\/\/www.europesays.com\/pt\/wp-json\/wp\/v2\/tags?post=509114"}],"curies":[{"name":"wp","href":"https:\/\/api.w.org\/{rel}","templated":true}]}}