{"id":509162,"date":"2026-09-02T16:39:08","date_gmt":"2026-09-02T16:39:08","guid":{"rendered":"https:\/\/www.europesays.com\/pt\/509162\/"},"modified":"2026-09-02T16:39:08","modified_gmt":"2026-09-02T16:39:08","slug":"pote-e-daniel-passaram-de-moda-em-alvalade-mas-nao-em-italia-observador","status":"publish","type":"post","link":"https:\/\/www.europesays.com\/pt\/509162\/","title":{"rendered":"Pote e Daniel passaram de moda em Alvalade mas n\u00e3o em It\u00e1lia \u2013 Observador"},"content":{"rendered":"<p>Faltou timing, houve precipita\u00e7\u00e3o, alguma coisa falhou ou um pouco de tudo. Depois de uma despedida que voltou a trazer o sorriso \u00e0 cara de Pedro Gon\u00e7alves no Trof\u00e9u Cinco Violinos, entrando ao intervalo e saindo ap\u00f3s pouco mais de 20 minutos em campo no jogo frente ao M\u00f3naco para a derradeira ova\u00e7\u00e3o dos adeptos leoninos, o internacional teve de esperar. Mais umas horas, mais uma semana, mais um m\u00eas, um total de 38 dias. Tudo o que parecia ser destinos prov\u00e1veis acabava por adiar aquilo que deixara de ser inevit\u00e1vel e o cen\u00e1rio de uma poss\u00edvel continuidade no plantel do Sporting come\u00e7ava a ganhar forma para fora. Nunca para dentro. E, no dia de fecho dos principais mercados, a situa\u00e7\u00e3o foi resolvida com <strong>um destino inesperado.<\/strong><\/p>\n<p>Quando esta manh\u00e3 come\u00e7aram a surgir as not\u00edcias que davam conta de uma poss\u00edvel ida de Richard R\u00edos para o Al-Ittihad, algo parecia n\u00e3o estar bem \u2013 pelo menos naquilo que se conhecia, tendo em conta que os sauditas estiveram muito perto de contratar Pedro Gon\u00e7alves, havendo j\u00e1 valores em cima da mesa para o contrato que assinaria com a equipa de Danilo Pereira e Roger. Problema? Faltava abrir uma vaga extra para jogadores estrangeiros, algo que com o m\u00e9dio colombiano ficava ainda mais complicado. No entanto, em Alvalade, n\u00e3o havia sinais de preocupa\u00e7\u00e3o. Duas horas depois, <strong>percebeu-se porqu\u00ea:<\/strong> Pote estava a ser negociado para outra liga, neste caso a Serie A, com o acordo rel\u00e2mpago a ser fechado com a Fiorentina.<\/p>\n<p>Ao contr\u00e1rio do que estava a ser equacionado, o Sporting n\u00e3o vai receber os 25 a 30 milh\u00f5es de euros mais b\u00f3nus que estavam alinhavados caso a transfer\u00eancia fosse feita para a Ar\u00e1bia Saudita mas, mais do que os valores em causa, o Observador sabe que aquilo que muda \u00e9 a fase de pagamento: o internacional portugu\u00eas chega a Floren\u00e7a com uma taxa de empr\u00e9stimo de 2,5 milh\u00f5es de euros, <strong>havendo depois uma cl\u00e1usula obrigat\u00f3ria no final da \u00e9poca<\/strong> de 22,5 milh\u00f5es de euros. Desta forma, e numa fase em que continuava a n\u00e3o ser op\u00e7\u00e3o de Rui Borges no Sporting, Pote consegue encontrar uma sa\u00edda de futuro depois de fechar um ciclo em Alvalade, ao mesmo tempo que a SAD verde e branca deixou de estar \u201cdependente\u201d das propostas que pudessem surgir nos pr\u00f3ximos dias, nomeadamente uma na sequ\u00eancia de contactos do Besiktas.<\/p>\n<p>Pedro Gon\u00e7alves ter\u00e1 assim a sua terceira experi\u00eancia no estrangeiro aos 28 anos, depois de passagens por Espanha (Valencia, entre 2015 e 2017 ainda como j\u00fanior) e Inglaterra (Wolverhampton, entre 2017 e 2019). Chegado a Alvalade no in\u00edcio da era Ruben Amorim, no ver\u00e3o de 2020, Pote n\u00e3o demorou a tornar-se um dos elementos indiscut\u00edveis em Alvalade, saindo seis temporadas depois com <strong>um curr\u00edculo ao alcance de poucos no clube nas \u00faltimas d\u00e9cadas:<\/strong> tr\u00eas Campeonatos, uma Ta\u00e7a de Portugal, duas Ta\u00e7as da Liga e uma Superta\u00e7a, num total de 239 jogos oficiais com 97 golos (a que juntou a Liga das Na\u00e7\u00f5es por Portugal).<\/p>\n<p>Tamb\u00e9m <strong>Daniel Bragan\u00e7a,<\/strong> o outro \u201cexcedent\u00e1rio\u201d no plantel de Rui Borges que estava apenas a um ano de acabar contrato com o Sporting e considerava que estava na altura de viver outras experi\u00eancias, encontrou a sua sa\u00edda na Serie A italiana, neste caso no Torino. Apesar de alguns contactos que foram sendo feitos por parte de clubes gregos e turcos, a possibilidade de entrar numa das Big Five acabou por imperar, com o m\u00e9dio de 27 anos a transferir-se para o Torino tamb\u00e9m por empr\u00e9stimo, neste caso a render um milh\u00e3o de euros, a que se junta depois uma cl\u00e1usula obrigat\u00f3ria de 2,5 milh\u00f5es mais um milh\u00e3o por objetivos.<\/p>\n<p>O m\u00e9dio era <strong>um dos jogadores com mais tempo de Sporting no plantel,<\/strong> tendo passado por todos os escal\u00f5es de forma\u00e7\u00e3o dos le\u00f5es quase sempre como capit\u00e3o (conquistou dois t\u00edtulos nacionais nos juniores e nos juvenis, mais dois regionais como infantil e juvenil) antes de chegar ao conjunto principal em 2020\/21, ap\u00f3s passagens pelos Sub-23 dos le\u00f5es, pelo Farense e pelo Estoril, ambos por empr\u00e9stimo. Daniel Bragan\u00e7a, que viu esse trajeto afetado por duas les\u00f5es graves no joelho, fez um total de 161 encontros na equipa A verde e branca (com 17 golos), ganhando tamb\u00e9m tr\u00eas Campeonatos, uma Ta\u00e7a de Portugal e duas Ta\u00e7as da Liga.<\/p>\n<p>Com estas situa\u00e7\u00f5es resolvidas, a par de outras pastas que estavam ainda pendentes como Koba Koindredi, m\u00e9dio que saiu a t\u00edtulo definitivo para os su\u00ed\u00e7os do Lausanne (Sotiris Alexandropoulos \u00e9 agora o \u00fanico elemento ainda \u00e0 espera de coloca\u00e7\u00e3o), <strong>o Sporting dever\u00e1 ter todas as opera\u00e7\u00f5es do mercado de ver\u00e3o de 2026\/27 fechadas,<\/strong> numa janela que rendeu mais de 200 milh\u00f5es de euros em vendas mas que motivou um investimento superior a 100 milh\u00f5es de euros nos dez refor\u00e7os contratados para o plantel. Ou seja, e apesar dos interesses ventilados por Geny Catamo (Sunderland) e Gon\u00e7alo In\u00e1cio (AC Milan), os titulares indiscut\u00edveis ficar\u00e3o mesmo em Alvalade tal como o avan\u00e7ado Luis Su\u00e1rez, que apesar de alguns sinais de insatisfa\u00e7\u00e3o que foi mostrando nas \u00faltimas semanas n\u00e3o teve qualquer proposta de compra.<\/p>\n<p dir=\"ltr\"><strong>[De regresso a Portugal, Carvalh\u00e3o Gil garante que n\u00e3o se vendeu aos russos e que nem sequer sabia que o homem com quem foi detido trabalhava para o SVR. Para ele, era s\u00f3 um \u201cparceiro de neg\u00f3cios\u201d. Mas as buscas \u00e0s casas do espi\u00e3o contam uma hist\u00f3ria diferente: a PJ encontra milhares de euros escondidos em casacos, gavetas e envelopes; dezenas de documentos secretos espalhados pelas v\u00e1rias divis\u00f5es; e at\u00e9 um rev\u00f3lver dissimulado numa estante. J\u00e1 est\u00e1 dispon\u00edvel o quinto epis\u00f3dio do novo Podcast Plus \u201cA Vida Dupla do Espi\u00e3o Traidor\u201d. Pode ouvir no\u00a0<a href=\"https:\/\/observador.pt\/programas\/a-vida-dupla-do-espio-traidor\/episodio-5-um-maco-de-notas-verdes\/\" rel=\"nofollow noopener\" target=\"_blank\">site do Observador<\/a>, na<a href=\"https:\/\/podcasts.apple.com\/pt\/podcast\/epis%C3%B3dio-5-um-ma%C3%A7o-de-notas-verdes\/id6792864997?i=1000785615501\" rel=\"nofollow noopener\" target=\"_blank\">\u00a0Apple Podcasts<\/a>, no\u00a0<a href=\"https:\/\/open.spotify.com\/episode\/0bV3kZduZPEtfcf406MUe0\" rel=\"nofollow noopener\" target=\"_blank\">Spotify\u00a0<\/a>e no<a href=\"https:\/\/www.youtube.com\/watch?v=GuHo5ZaBCyk&amp;list=PLd6-ASW8hah4&amp;index=1\" rel=\"nofollow noopener\" target=\"_blank\">\u00a0YouTube<\/a>.]<\/strong><\/p>\n<p dir=\"ltr\"><a href=\"https:\/\/observador.pt\/programas\/a-vida-dupla-do-espio-traidor\/episodio-5-um-maco-de-notas-verdes\/\" rel=\"nofollow noopener\" target=\"_blank\"><\/p>\n<p>        <img src=\"https:\/\/www.europesays.com\/pt\/wp-content\/uploads\/2026\/09\/1788367148_38_770-a-vida-dupla-do-espiao-traidor-iconplay.png\" alt=\"\" loading=\"lazy\" decoding=\"async\" class=\"alignnone\" onload=\"this.parentElement.classList.remove('spinner')\" onerror=\"this.parentElement.classList.remove('spinner')\" width=\"770\" height=\"433\"\/>    <\/p>\n<p><\/a><\/p>\n","protected":false},"excerpt":{"rendered":"Faltou timing, houve precipita\u00e7\u00e3o, alguma coisa falhou ou um pouco de tudo. Depois de uma despedida que voltou&hellip;\n","protected":false},"author":2,"featured_media":509163,"comment_status":"","ping_status":"","sticky":false,"template":"","format":"standard","meta":{"footnotes":"","_share_on_mastodon":"0"},"categories":[8],"tags":[27,28,135,15,16,524,14,25,26,21,22,12,13,19,20,32,23,24,33,34,17,18,29,30,31],"class_list":["post-509162","post","type-post","status-publish","format-standard","has-post-thumbnail","category-principais-noticias","tag-breaking-news","tag-breakingnews","tag-desporto","tag-featured-news","tag-featurednews","tag-futebol","tag-headlines","tag-latest-news","tag-latestnews","tag-main-news","tag-mainnews","tag-news","tag-noticias","tag-noticias-principais","tag-noticiasprincipais","tag-portugal","tag-principais-noticias","tag-principaisnoticias","tag-pt","tag-sporting","tag-top-stories","tag-topstories","tag-ultimas","tag-ultimas-noticias","tag-ultimasnoticias"],"share_on_mastodon":{"url":"https:\/\/pubeurope.com\/@pt\/117202437635710273","error":""},"_links":{"self":[{"href":"https:\/\/www.europesays.com\/pt\/wp-json\/wp\/v2\/posts\/509162","targetHints":{"allow":["GET"]}}],"collection":[{"href":"https:\/\/www.europesays.com\/pt\/wp-json\/wp\/v2\/posts"}],"about":[{"href":"https:\/\/www.europesays.com\/pt\/wp-json\/wp\/v2\/types\/post"}],"author":[{"embeddable":true,"href":"https:\/\/www.europesays.com\/pt\/wp-json\/wp\/v2\/users\/2"}],"replies":[{"embeddable":true,"href":"https:\/\/www.europesays.com\/pt\/wp-json\/wp\/v2\/comments?post=509162"}],"version-history":[{"count":0,"href":"https:\/\/www.europesays.com\/pt\/wp-json\/wp\/v2\/posts\/509162\/revisions"}],"wp:featuredmedia":[{"embeddable":true,"href":"https:\/\/www.europesays.com\/pt\/wp-json\/wp\/v2\/media\/509163"}],"wp:attachment":[{"href":"https:\/\/www.europesays.com\/pt\/wp-json\/wp\/v2\/media?parent=509162"}],"wp:term":[{"taxonomy":"category","embeddable":true,"href":"https:\/\/www.europesays.com\/pt\/wp-json\/wp\/v2\/categories?post=509162"},{"taxonomy":"post_tag","embeddable":true,"href":"https:\/\/www.europesays.com\/pt\/wp-json\/wp\/v2\/tags?post=509162"}],"curies":[{"name":"wp","href":"https:\/\/api.w.org\/{rel}","templated":true}]}}