{"id":509174,"date":"2026-09-02T16:51:23","date_gmt":"2026-09-02T16:51:23","guid":{"rendered":"https:\/\/www.europesays.com\/pt\/509174\/"},"modified":"2026-09-02T16:51:23","modified_gmt":"2026-09-02T16:51:23","slug":"de-homicidio-em-primeiro-grau-ate-a-inocencia-total-lindsay-clancy-tem-cinco-hipoteses-pela-frente","status":"publish","type":"post","link":"https:\/\/www.europesays.com\/pt\/509174\/","title":{"rendered":"De homic\u00eddio em primeiro grau at\u00e9 \u00e0 inoc\u00eancia total: Lindsay Clancy tem cinco hip\u00f3teses pela frente"},"content":{"rendered":"<p>                A condena\u00e7\u00e3o pode ditar conclus\u00f5es completamente diferentes, sendo que existe toda uma quest\u00e3o de sa\u00fade mental associada ao caso. Saiba tudo o que pode acontecer<\/p>\n<p>O j\u00fari de Massachusetts no julgamento de Lindsay Clancy, acusada de homic\u00eddio, resumiu as suas delibera\u00e7\u00f5es pelo quarto dia consecutivo esta ter\u00e7a-feira, enquanto procura decidir se a acusa\u00e7\u00e3o provou, para al\u00e9m de qualquer d\u00favida razo\u00e1vel, que a mulher de 36 anos assassinou os seus tr\u00eas filhos.<\/p>\n<p>Os jurados regressaram ao tribunal em Plymouth na manh\u00e3 desta ter\u00e7a-feira.<\/p>\n<p>O j\u00fari, composto por nove mulheres e tr\u00eas homens, pediu para ser dispensado na tarde desta segunda-feira, aparentando estar calmo e impass\u00edvel ao entrar na sala de audi\u00eancias para ser libertado pelo juiz William F. Sullivan \u2013 um contraste com o seu comportamento t\u00edpico.<\/p>\n<p>O j\u00fari mostra-se geralmente recetivo e emp\u00e1tico nas suas intera\u00e7\u00f5es com Sullivan, e os jurados s\u00e3o frequentemente vistos a conversar entre si ao entrar ou sair da sala de audi\u00eancias. Esta segunda-feira, pareceram s\u00e9rios; n\u00e3o houve sorrisos, e uma mulher parecia absorta em pensamentos, olhando para o colo depois de ela e os seus colegas jurados se terem sentado.<\/p>\n<p>\u201cMantenham o foco\u201d, pediu-lhes Sullivan.<\/p>\n<p>O incentivo do juiz surgiu ap\u00f3s cerca de 17 horas de delibera\u00e7\u00f5es ao longo de tr\u00eas dias, enquanto o j\u00fari debatia quest\u00f5es relacionadas com a d\u00favida razo\u00e1vel, a responsabilidade criminal e a doen\u00e7a mental.<\/p>\n<p>Clancy, ex-enfermeira parteira, declarou-se inocente das mortes dos seus filhos Cora, de 5 anos; Dawson, de 3 anos; e Callan, de 8 meses.<\/p>\n<p>Tanto a acusa\u00e7\u00e3o como a defesa concordam que Clancy estrangulou fatalmente os seus filhos com bandas el\u00e1sticas de resist\u00eancia a 24 de janeiro de 2023. Para obter uma condena\u00e7\u00e3o por homic\u00eddio, os procuradores precisam de provar, para al\u00e9m de qualquer d\u00favida razo\u00e1vel, que a mulher causou intencionalmente as mortes e que \u00e9 &#8220;criminalmente respons\u00e1vel&#8221;.<\/p>\n<p> <img loading=\"lazy\" decoding=\"async\" alt=\"A procuradora Jennifer Sprague apresenta os seus argumentos finais durante o julgamento de Lindsay Clancy por homic\u00eddio no Tribunal Superior de Plymouth, em Plymouth, Massachusetts, a 27 de agosto (Greg Derr\/The Patriot Ledger\/Pool\/AP)\" height=\"723\" src=\"https:\/\/www.europesays.com\/pt\/wp-content\/uploads\/2026\/09\/1788367883_309_1000.jpg\" width=\"1000\"\/> <\/p>\n<p>   A procuradora Jennifer Sprague apresenta os seus argumentos finais durante o julgamento de Lindsay Clancy por homic\u00eddio no Tribunal Superior de Plymouth, em Plymouth, Massachusetts, a 27 de agosto (Greg Derr\/The Patriot Ledger\/Pool\/AP) <\/p>\n<p>Sullivan explicou o significado jur\u00eddico da responsabilidade criminal ao j\u00fari no in\u00edcio do julgamento:<\/p>\n<p>\u201cUma pessoa n\u00e3o \u00e9 criminalmente respons\u00e1vel pela sua conduta se tiver uma doen\u00e7a ou defici\u00eancia mental e, em consequ\u00eancia dessa doen\u00e7a ou defici\u00eancia mental, n\u00e3o tiver capacidade substancial para compreender a criminalidade ou a ilicitude da sua conduta ou para adequar a sua conduta \u00e0s exig\u00eancias da lei.\u201d<\/p>\n<p>De acordo com a lei do Massachusetts, uma \u201cdoen\u00e7a ou defici\u00eancia mental\u201d n\u00e3o tem de se enquadrar num diagn\u00f3stico m\u00e9dico formal. Ambas as partes concordam que Clancy teve problemas de sa\u00fade mental p\u00f3s-parto a partir de setembro de 2022.<\/p>\n<p>A acusa\u00e7\u00e3o argumentou que a mulher ainda tinha capacidade para compreender a ilicitude dos seus atos e para seguir a lei. Foi tamb\u00e9m salientado que Clancy mandou o marido \u00e0s compras antes de matar as crian\u00e7as e, quando acordou no hospital, pediu um advogado.<\/p>\n<p>\u201cN\u00e3o estou a dizer que ela estava feliz com isso. Estou a dizer que era o que ela precisava de fazer para acabar com o seu sofrimento\u201d, disse a procuradora Jennifer Sprague nas suas alega\u00e7\u00f5es finais. \u201cMas foi uma escolha. Foi uma escolha.\u201d<\/p>\n<p>No entanto, a defesa argumentou que a mulher matou os filhos durante um epis\u00f3dio de psicose p\u00f3s-parto. Os advogados citaram o decl\u00ednio da sa\u00fade mental de Clancy nos meses anteriores e as suas declara\u00e7\u00f5es posteriores de que ouvia uma voz masculina persistente a ordenar-lhe que matasse os seus filhos e a si pr\u00f3pria.<\/p>\n<p>\u201cEra quase como se ela fosse uma marioneta e algu\u00e9m estivesse a puxar os fios\u201d, testemunhou Phillip Resnick, psiquiatra forense, em defesa da acusa\u00e7\u00e3o durante o julgamento.<\/p>\n<p>O julgamento trouxe novamente \u00e0 tona a sa\u00fade mental materna e levou um grupo de mulheres vestidas de cor de rosa a manifestar-se em frente ao tribunal em apoio e solidariedade para com Clancy.<\/p>\n<p>Cinco desfechos poss\u00edveis para o j\u00fari <\/p>\n<p>O j\u00fari est\u00e1 a considerar cinco poss\u00edveis vereditos: culpada de homic\u00eddio em primeiro grau, culpada de homic\u00eddio em segundo grau, culpada de homic\u00eddio negligente, inocente por falta de responsabilidade criminal e inocente.<\/p>\n<p>Homic\u00eddio em primeiro grau significa que a mulher matou as crian\u00e7as com \u201cpremedita\u00e7\u00e3o deliberada\u201d ou com \u201cextrema atrocidade ou crueldade\u201d, e \u00e9 pun\u00edvel com pris\u00e3o perp\u00e9tua sem possibilidade de liberdade condicional. O homic\u00eddio em segundo grau n\u00e3o tem nenhuma destas condi\u00e7\u00f5es e \u00e9 pun\u00edvel com pris\u00e3o perp\u00e9tua com possibilidade de liberdade condicional.<\/p>\n<p>Homic\u00eddio negligente significa que ela agiu intencionalmente com \u201cconduta temer\u00e1ria ou imprudente\u201d que resultou na morte dos seus filhos e \u00e9 pun\u00edvel com at\u00e9 20 anos de pris\u00e3o.<\/p>\n<p>Se o j\u00fari concluir que a acusa\u00e7\u00e3o n\u00e3o provou a responsabilidade criminal de Clancy, esta ser\u00e1 considerada inocente por falta de responsabilidade criminal. Nesse caso, o tribunal poder\u00e1 iniciar o processo de internamento numa institui\u00e7\u00e3o psiqui\u00e1trica.<\/p>\n<p>Por \u00faltimo, o j\u00fari pode considerar um veredicto simples de n\u00e3o culpado se determinar que a acusa\u00e7\u00e3o n\u00e3o provou o caso para al\u00e9m de qualquer d\u00favida razo\u00e1vel.<\/p>\n<p>De acordo com a lei do estado de Massachusetts, quando uma pessoa \u00e9 considerada n\u00e3o culpada por falta de responsabilidade criminal, um tribunal pode intern\u00e1-la numa institui\u00e7\u00e3o ap\u00f3s a realiza\u00e7\u00e3o de uma audi\u00eancia e determinar se sofre de doen\u00e7a mental e se a sua liberta\u00e7\u00e3o criaria uma probabilidade de danos graves para si pr\u00f3pria ou para os outros. Um internamento inicial dura seis meses, e os seguintes, um ano.<\/p>\n<p>N\u00e3o h\u00e1 um n\u00famero m\u00e1ximo de reinternamentos, podendo o doente permanecer hospitalizado para o resto da vida.<\/p>\n<p>Clancy, que est\u00e1 parcialmente paralisada, est\u00e1 internada no Hospital de Tewksbury desde 2023. Continua a tomar v\u00e1rios medicamentos para os seus problemas de sa\u00fade mental e mant\u00e9m-se sob o n\u00edvel m\u00e1ximo de precau\u00e7\u00f5es contra o suic\u00eddio, de acordo com o testemunho do psic\u00f3logo Kirk Heilbrun.<\/p>\n<p>&#8220;O que isto me diz \u00e9 que ela estava em risco de suic\u00eddio e continua em risco. Ainda est\u00e1&#8221;, concluiu.<\/p>\n<p>Nicki Brown e Jean Casarez, da CNN, fizeram a reportagem em Plymouth, enquanto Eric Levenson fez a reportagem e escreveu este artigo em Nova Iorque<\/p>\n","protected":false},"excerpt":{"rendered":"A condena\u00e7\u00e3o pode ditar conclus\u00f5es completamente diferentes, sendo que existe toda uma quest\u00e3o de sa\u00fade mental associada ao&hellip;\n","protected":false},"author":2,"featured_media":509175,"comment_status":"","ping_status":"","sticky":false,"template":"","format":"standard","meta":{"footnotes":"","_share_on_mastodon":"0"},"categories":[50],"tags":[609,836,611,27,28,607,608,333,832,604,135,610,476,235,413,15,16,301,830,14,5564,603,25,26,79533,570,21,22,831,833,62,834,12,13,19,20,835,602,52,32,23,24,17,18,29,30,31,63,64,65],"class_list":["post-509174","post","type-post","status-publish","format-standard","has-post-thumbnail","category-mundo","tag-alerta","tag-analise","tag-ao-minuto","tag-breaking-news","tag-breakingnews","tag-cnn","tag-cnn-portugal","tag-comentadores","tag-costa","tag-crime","tag-desporto","tag-direto","tag-economia","tag-estados-unidos","tag-eua","tag-featured-news","tag-featurednews","tag-governo","tag-guerra","tag-headlines","tag-homicidio","tag-justica","tag-latest-news","tag-latestnews","tag-lindsay-clancy","tag-live","tag-main-news","tag-mainnews","tag-mais-vistas","tag-marcelo","tag-mundo","tag-negocios","tag-news","tag-noticias","tag-noticias-principais","tag-noticiasprincipais","tag-opiniao","tag-pais","tag-politica","tag-portugal","tag-principais-noticias","tag-principaisnoticias","tag-top-stories","tag-topstories","tag-ultimas","tag-ultimas-noticias","tag-ultimasnoticias","tag-world","tag-world-news","tag-worldnews"],"share_on_mastodon":{"url":"","error":"Validation failed: Text character limit of 500 exceeded"},"_links":{"self":[{"href":"https:\/\/www.europesays.com\/pt\/wp-json\/wp\/v2\/posts\/509174","targetHints":{"allow":["GET"]}}],"collection":[{"href":"https:\/\/www.europesays.com\/pt\/wp-json\/wp\/v2\/posts"}],"about":[{"href":"https:\/\/www.europesays.com\/pt\/wp-json\/wp\/v2\/types\/post"}],"author":[{"embeddable":true,"href":"https:\/\/www.europesays.com\/pt\/wp-json\/wp\/v2\/users\/2"}],"replies":[{"embeddable":true,"href":"https:\/\/www.europesays.com\/pt\/wp-json\/wp\/v2\/comments?post=509174"}],"version-history":[{"count":0,"href":"https:\/\/www.europesays.com\/pt\/wp-json\/wp\/v2\/posts\/509174\/revisions"}],"wp:featuredmedia":[{"embeddable":true,"href":"https:\/\/www.europesays.com\/pt\/wp-json\/wp\/v2\/media\/509175"}],"wp:attachment":[{"href":"https:\/\/www.europesays.com\/pt\/wp-json\/wp\/v2\/media?parent=509174"}],"wp:term":[{"taxonomy":"category","embeddable":true,"href":"https:\/\/www.europesays.com\/pt\/wp-json\/wp\/v2\/categories?post=509174"},{"taxonomy":"post_tag","embeddable":true,"href":"https:\/\/www.europesays.com\/pt\/wp-json\/wp\/v2\/tags?post=509174"}],"curies":[{"name":"wp","href":"https:\/\/api.w.org\/{rel}","templated":true}]}}