{"id":50921,"date":"2025-08-30T00:29:36","date_gmt":"2025-08-30T00:29:36","guid":{"rendered":"https:\/\/www.europesays.com\/pt\/50921\/"},"modified":"2025-08-30T00:29:36","modified_gmt":"2025-08-30T00:29:36","slug":"e-explorar-o-sofrimento-de-quem-carrega-o-programa","status":"publish","type":"post","link":"https:\/\/www.europesays.com\/pt\/50921\/","title":{"rendered":"\u00c9 explorar o sofrimento de quem carrega o programa"},"content":{"rendered":"<p>\t\t\t\t\t\t\t\t\t\t\t\t<a href=\"#\" onclick=\"window.open('http:\/\/www.facebook.com\/sharer.php?u=https:\/\/cusquices.com\/especialista-atira-se-a-producao-do-big-brother-verao-e-explorar-o-sofrimento-de-quem-carrega-o-programa\/&amp;t=Especialista \u2018atira-se\u2019 \u00e0 produ\u00e7\u00e3o do Big Brother Ver\u00e3o: \u201c\u00c9 explorar o sofrimento de quem carrega o programa\u201d', 'facebookShare', 'width=626,height=436'); return false;\" title=\"Share on Facebook\"><\/p>\n<p>Share<\/p>\n<p><\/a><br \/>\n\t\t\t\t\t\t\t\t\t\t\t\t<a href=\"#\" onclick=\"window.open('http:\/\/twitter.com\/share?text=Especialista \u2018atira-se\u2019 \u00e0 produ\u00e7\u00e3o do Big Brother Ver\u00e3o: \u201c\u00c9 explorar o sofrimento de quem carrega o programa\u201d -&amp;url=https:\/\/cusquices.com\/especialista-atira-se-a-producao-do-big-brother-verao-e-explorar-o-sofrimento-de-quem-carrega-o-programa\/', 'twitterShare', 'width=626,height=436'); return false;\" title=\"Tweet This Post\"><\/p>\n<p>Tweet<\/p>\n<p><\/a><br \/>\n\t\t\t\t\t\t\t\t\t\t\t\t<a href=\"whatsapp:\/\/send?text=Especialista \u2018atira-se\u2019 \u00e0 produ\u00e7\u00e3o do Big Brother Ver\u00e3o: \u201c\u00c9 explorar o sofrimento de quem carrega o programa\u201d https:\/\/cusquices.com\/especialista-atira-se-a-producao-do-big-brother-verao-e-explorar-o-sofrimento-de-quem-carrega-o-programa\/\" rel=\"nofollow\"><\/p>\n<p>Share<\/p>\n<p><\/a><br \/>\n\t\t\t\t\t\t\t\t\t\t\t\t<a href=\"#\" onclick=\"window.open('http:\/\/pinterest.com\/pin\/create\/button\/?url=https:\/\/cusquices.com\/especialista-atira-se-a-producao-do-big-brother-verao-e-explorar-o-sofrimento-de-quem-carrega-o-programa\/&amp;media=https:\/\/cusquices.com\/wp-content\/uploads\/2025\/06\/bbverao-1000x600.png&amp;description=Especialista \u2018atira-se\u2019 \u00e0 produ\u00e7\u00e3o do Big Brother Ver\u00e3o: \u201c\u00c9 explorar o sofrimento de quem carrega o programa\u201d', 'pinterestShare', 'width=750,height=350'); return false;\" title=\"Pin This Post\"><\/p>\n<p>Share<\/p>\n<p><\/a><br \/>\n\t\t\t\t\t\t\t\t\t\t\t\t<a href=\"mailto:?subject=Especialista \u2018atira-se\u2019 \u00e0 produ\u00e7\u00e3o do Big Brother Ver\u00e3o: \u201c\u00c9 explorar o sofrimento de quem carrega o programa\u201d&amp;BODY=I found this article interesting and thought of sharing it with you. Check it out: https:\/\/cusquices.com\/especialista-atira-se-a-producao-do-big-brother-verao-e-explorar-o-sofrimento-de-quem-carrega-o-programa\/\"><\/p>\n<p>Email<\/p>\n<p><\/a><br \/>\n\t\t\t\t\t\t\t\t\t\t\t\t\t\t\t\t\t\t\t\t\t\t\t\t\t\t\t\t\t\t\t\t\t\t\t\t\t\t\t\t\t\t\t\t\t\t\t\t\t\t\t\t\t<a href=\"https:\/\/cusquices.com\/especialista-atira-se-a-producao-do-big-brother-verao-e-explorar-o-sofrimento-de-quem-carrega-o-programa\/#respond\" rel=\"nofollow noopener\" target=\"_blank\"><\/p>\n<p>Especialista condenou a miss\u00e3o que a TVI deu a Afonso e J\u00e9ssica e acusa-os de quererem \u2018explorar o sofrimento de quem carrega o programa\u2019.<\/p>\n<p>A miss\u00e3o de <strong>Afonso Leit\u00e3o e J\u00e9ssica Vieira<\/strong> deu que falar dentro e fora da casa mais vigiada do pa\u00eds. <strong>Catarina Miranda<\/strong> ficou em l\u00e1grimas e magoada com a proximidade de <strong>Afonso<\/strong> \u00e0 ex-namorada e chegou mesmo a falar em desistir, pois n\u00e3o se estava a sentir bem com a situa\u00e7\u00e3o.<\/p>\n<p>C\u00e1 fora, Susana Areal, especialista em comportamento humano, tamb\u00e9m reagiu nas suas redes sociais e \u2018condenou\u2019 a produ\u00e7\u00e3o do programa e acusou-os de estarem a \u2018explorar os sentimentos\u2019 de Miranda e de quererem ajudar J\u00e9ssica, que segundo a profiler n\u00e3o faz nada no programa.<\/p>\n<p><strong>\u201cPara quem diz que a Catarina n\u00e3o est\u00e1 apaixonada e que \u00e9 s\u00f3 jogo. Basta olhar: esta \u00e9 a imagem de uma mulher em sofrimento, depois de 24h a ver o homem de quem gosta conviver com a ex. N\u00e3o \u00e9 ego, n\u00e3o \u00e9 jogo, \u00e9 tristeza.\u201d, <\/strong>come\u00e7ou por dizer a profiler.<\/p>\n<p>A profiler condena a miss\u00e3o que a TVI prop\u00f4s aos dois concorrentes e considera que foi \u2018cruel\u2019:<strong> \u201cQue a Catarina est\u00e1 apaixonada n\u00e3o tenho d\u00favidas. Que esta miss\u00e3o n\u00e3o era necess\u00e1ria tamb\u00e9m n\u00e3o. Foi CRUEL. As pessoas divertem-se com a dor dos mais fortes \u2013 reflexo da sociedade que temos.\u201d<\/strong><\/p>\n<p>Susana Areal ficou ainda mais indignada, que depois de verem o que a miss\u00e3o fez a Catarina Miranda, ainda ofereceu a J\u00e9ssica e Afonso um jantar a dois: <strong>\u201cE havia necessidade, findas as 24h, ainda prolongarem com um jantar? Isto j\u00e1 n\u00e3o \u00e9 jogo. \u00c9 explorar (al\u00e9m dos limites do aceit\u00e1vel) o sofrimento de quem carrega o programa, para dar um pouco de destaque a uma concorrente que querem ajudar (e que sozinha nada faz).\u201d<\/strong><\/p>\n<p><strong>\u201cOu\u00e7o muitos dizer que \u00e9 \u201ckarma\u201d. N\u00e3o \u00e9. A J\u00e9ssica s\u00f3 entrou porque l\u00e1 estava um ex, numa escolha consciente. Esse era o \u00fanico trunfo que trazia e foi com a \u00fanica coisa que jogou. A Catarina entrou para jogar. Apaixonou-se sem prever. Agora sofre as consequ\u00eancias.\u201d<\/strong>, rematou Susana Areal.<\/p>\n<p><img loading=\"lazy\" decoding=\"async\" width=\"588\" height=\"1024\" src=\"https:\/\/www.europesays.com\/pt\/wp-content\/uploads\/2025\/08\/especialista-provabbv-588x1024.png\" alt=\"\" class=\"wp-image-97802 webpexpress-processed\"  \/><\/p>\n<p><strong>Leia tamb\u00e9m:<\/strong><\/p>\n<p>\t\t\t\t\t\t\t\t\t\t\t\t\t\t\t\t\t\t\t\t\t\t\t\t\t<img decoding=\"async\" src=\"https:\/\/www.europesays.com\/pt\/wp-content\/uploads\/2025\/08\/1756419256_853_cusquices-logo-52x.png\" class=\"webpexpress-processed\"\/><\/p>\n<p>\t\t\t\t\t\t\t\t\t\t\t\t\t\t\t\t\t\t\t\t\t            \t\t\t\t\t\t\t\t\t\t\t\t\t\t\t\t\t\t\t\t\t\t\t\t\t\t\t\t\t\t\t\t\t\t\t\t\t\t\t<script async src=\"https:\/\/platform.twitter.com\/widgets.js\" charset=\"utf-8\"><\/script><\/p>\n","protected":false},"excerpt":{"rendered":"Share Tweet Share Share Email Especialista condenou a miss\u00e3o que a TVI deu a Afonso e J\u00e9ssica e&hellip;\n","protected":false},"author":2,"featured_media":36,"comment_status":"","ping_status":"","sticky":false,"template":"","format":"standard","meta":{"footnotes":""},"categories":[85],"tags":[2031,48,342,49,114,115,1417,32,33],"class_list":{"0":"post-50921","1":"post","2":"type-post","3":"status-publish","4":"format-standard","5":"has-post-thumbnail","7":"category-entretenimento","8":"tag-afonso-leitao","9":"tag-big-brother","10":"tag-catarina-miranda","11":"tag-destaques","12":"tag-entertainment","13":"tag-entretenimento","14":"tag-jessica-vieira","15":"tag-portugal","16":"tag-pt"},"share_on_mastodon":{"url":"","error":""},"_links":{"self":[{"href":"https:\/\/www.europesays.com\/pt\/wp-json\/wp\/v2\/posts\/50921","targetHints":{"allow":["GET"]}}],"collection":[{"href":"https:\/\/www.europesays.com\/pt\/wp-json\/wp\/v2\/posts"}],"about":[{"href":"https:\/\/www.europesays.com\/pt\/wp-json\/wp\/v2\/types\/post"}],"author":[{"embeddable":true,"href":"https:\/\/www.europesays.com\/pt\/wp-json\/wp\/v2\/users\/2"}],"replies":[{"embeddable":true,"href":"https:\/\/www.europesays.com\/pt\/wp-json\/wp\/v2\/comments?post=50921"}],"version-history":[{"count":0,"href":"https:\/\/www.europesays.com\/pt\/wp-json\/wp\/v2\/posts\/50921\/revisions"}],"wp:featuredmedia":[{"embeddable":true,"href":"https:\/\/www.europesays.com\/pt\/wp-json\/wp\/v2\/media\/36"}],"wp:attachment":[{"href":"https:\/\/www.europesays.com\/pt\/wp-json\/wp\/v2\/media?parent=50921"}],"wp:term":[{"taxonomy":"category","embeddable":true,"href":"https:\/\/www.europesays.com\/pt\/wp-json\/wp\/v2\/categories?post=50921"},{"taxonomy":"post_tag","embeddable":true,"href":"https:\/\/www.europesays.com\/pt\/wp-json\/wp\/v2\/tags?post=50921"}],"curies":[{"name":"wp","href":"https:\/\/api.w.org\/{rel}","templated":true}]}}