{"id":509272,"date":"2026-09-02T18:14:10","date_gmt":"2026-09-02T18:14:10","guid":{"rendered":"https:\/\/www.europesays.com\/pt\/509272\/"},"modified":"2026-09-02T18:14:10","modified_gmt":"2026-09-02T18:14:10","slug":"oficial-osorio-no-palace-vai-ser-a-maior-venda-de-um-clube-dinamarques","status":"publish","type":"post","link":"https:\/\/www.europesays.com\/pt\/509272\/","title":{"rendered":"OFICIAL: Osorio no Palace vai ser a maior venda de um clube dinamarqu\u00eas"},"content":{"rendered":"<p style=\"margin-bottom:11px\">O Crystal Palace fechou o mercado com a contrata\u00e7\u00e3o de Dar\u00edo Osorio, m\u00e9dio de 22 anos, internacional chileno, que foi cedido at\u00e9 ao final da temporada pelo Midtjylland.<\/p>\n<p>O acordo contempla uma op\u00e7\u00e3o de compra do passe, que o vice-campe\u00e3o da Dinamarca garante ser obrigat\u00f3ria. Neste ver\u00e3o, tal como em 2025, foi apontado ao Benfica pela imprensa internacional.<\/p>\n<p>Fontes ligadas ao neg\u00f3cio avan\u00e7am que o valor da cl\u00e1usula ser\u00e1 de 30 milh\u00f5es de euros, o que far\u00e1 desta a maior venda do futebol dinamarqu\u00eas, <a href=\"https:\/\/maisfutebol.iol.pt\/mercado\/caleb-yirenkyi\/oficial-referenciado-pelo-fc-porto-yirenkyi-ruma-a-premier-league\" target=\"_blank\" rel=\"nofollow noopener\">superando os 27,5 milh\u00f5es de euros investidos, este ver\u00e3o, pelo Coventry<\/a> no m\u00e9dio Caleb\u00a0Yirenkyi (ex-Nordsjaelland).<\/p>\n<p>Neste momento, <a href=\"https:\/\/maisfutebol.iol.pt\/fc-porto\/23-07-2025\/oficial-victor-froholdt-reforca-fc-porto\" target=\"_blank\" rel=\"nofollow noopener\">os 20 milh\u00f5es de euros pagos pelo FC Porto ao Copenhaga por Victor Froholdt<\/a>, no ano passado, equivalem \u00e0 quarta maior venda de um clube da Dinamarca.<\/p>\n<p><strong>LEIA MAIS:\u00a0<a href=\"https:\/\/maisfutebol.iol.pt\/cronologia\/6373897a0cf2254fb2824fe4\" target=\"_blank\" wbo-id=\"186\" rel=\"nofollow noopener\">mercado de transfer\u00eancias ao minuto<\/a><\/strong><\/p>\n<p>\u00c0 chegada ao seu novo clube, Osorio mostrou-se \u00abentusiasmado\u00bb com a mudan\u00e7a para o Crystal Palace. \u00abDesde crian\u00e7a que sonhava em jogar na Premier League. N\u00e3o posso esperar pela minha estreia\u00bb, disse o m\u00e9dio aos canais do clube londrino.<\/p>\n<p>Dar\u00edo Osorio foi revelado no Universidad do Chile, de onde saiu em 2023 para o Midtjylland, por mais de 5 milh\u00f5es de euros. Aos 22 anos, soma 25 internacionaliza\u00e7\u00f5es pela sele\u00e7\u00e3o do Chile.<\/p>\n<blockquote class=\"twitter-tweet\">\n<p lang=\"en\">Another has landed. \ud83d\udeec<br \/>\u00a0<\/p>\n<p>We are delighted to announce the signing of Dar\u00edo Osorio from Danish side FC Midtjylland on a season-long loan, with an option to buy. <a href=\"https:\/\/t.co\/rRusk045CO\" rel=\"nofollow\">pic.twitter.com\/rRusk045CO<\/a><\/p>\n<p>\u00a0<\/p>\n<p> \u2014 Crystal Palace F.C. (@CPFC)<br \/>\n  <a href=\"https:\/\/x.com\/CPFC\/status\/2094939612258934921?ref_src=twsrc%5Etfw\" rel=\"nofollow\">September 2, 2026<\/a>\n <\/p><\/blockquote>\n<p>                                <script async src=\"https:\/\/platform.twitter.com\/widgets.js\" charset=\"utf-8\"><\/script><\/p>\n","protected":false},"excerpt":{"rendered":"O Crystal Palace fechou o mercado com a contrata\u00e7\u00e3o de Dar\u00edo Osorio, m\u00e9dio de 22 anos, internacional chileno,&hellip;\n","protected":false},"author":2,"featured_media":509273,"comment_status":"","ping_status":"","sticky":false,"template":"","format":"standard","meta":{"footnotes":"","_share_on_mastodon":"0"},"categories":[87],"tags":[8322,71469,135,665,82,1356,46,42,28489,729,32,33,47,134],"class_list":["post-509272","post","type-post","status-publish","format-standard","has-post-thumbnail","category-desporto","tag-crystal-palace","tag-dario-osorio","tag-desporto","tag-inglaterra","tag-internacional","tag-mais-futebol","tag-maisfutebol","tag-mercado","tag-midtjylland","tag-oficial","tag-portugal","tag-pt","tag-pura-paixao","tag-sports"],"share_on_mastodon":{"url":"https:\/\/pubeurope.com\/@pt\/117202810924450358","error":""},"_links":{"self":[{"href":"https:\/\/www.europesays.com\/pt\/wp-json\/wp\/v2\/posts\/509272","targetHints":{"allow":["GET"]}}],"collection":[{"href":"https:\/\/www.europesays.com\/pt\/wp-json\/wp\/v2\/posts"}],"about":[{"href":"https:\/\/www.europesays.com\/pt\/wp-json\/wp\/v2\/types\/post"}],"author":[{"embeddable":true,"href":"https:\/\/www.europesays.com\/pt\/wp-json\/wp\/v2\/users\/2"}],"replies":[{"embeddable":true,"href":"https:\/\/www.europesays.com\/pt\/wp-json\/wp\/v2\/comments?post=509272"}],"version-history":[{"count":0,"href":"https:\/\/www.europesays.com\/pt\/wp-json\/wp\/v2\/posts\/509272\/revisions"}],"wp:featuredmedia":[{"embeddable":true,"href":"https:\/\/www.europesays.com\/pt\/wp-json\/wp\/v2\/media\/509273"}],"wp:attachment":[{"href":"https:\/\/www.europesays.com\/pt\/wp-json\/wp\/v2\/media?parent=509272"}],"wp:term":[{"taxonomy":"category","embeddable":true,"href":"https:\/\/www.europesays.com\/pt\/wp-json\/wp\/v2\/categories?post=509272"},{"taxonomy":"post_tag","embeddable":true,"href":"https:\/\/www.europesays.com\/pt\/wp-json\/wp\/v2\/tags?post=509272"}],"curies":[{"name":"wp","href":"https:\/\/api.w.org\/{rel}","templated":true}]}}